{"id":129567,"date":"2026-01-05T18:09:13","date_gmt":"2026-01-05T18:09:13","guid":{"rendered":"https:\/\/www.europesays.com\/no\/129567\/"},"modified":"2026-01-05T18:09:13","modified_gmt":"2026-01-05T18:09:13","slug":"venezuelas-president-maduro-stilles-for-retten-i-new-york-historisk","status":"publish","type":"post","link":"https:\/\/www.europesays.com\/no\/129567\/","title":{"rendered":"Venezuelas president Maduro stilles for retten i New York: \u2013 Historisk"},"content":{"rendered":"\n<ul class=\"_list_o9xde_3 _list_64s2r_85 _unordered_o9xde_106 text-sans-m\">\n<li class=\"_item_o9xde_30\">Venezuelas president Nicol\u00e1s Maduro er arrestert av amerikanske spesialstyrker og st\u00e5r overfor alvorlige tiltaler i New York.<\/li>\n<li class=\"_item_o9xde_30\">USA anklager Maduro for narkoterrorisme, kokainimport og v\u00e5penbesittelse, med en mulig straff p\u00e5 opptil 40 \u00e5r.<\/li>\n<li class=\"_item_o9xde_30\">FN diskuterer hvorvidt amerikanernes handling er lovlig, men Trump-administrasjonen virker ubekymret.<\/li>\n<\/ul>\n<p>Vis mer <\/p>\n<p class=\"_paragraph_o9xde_4 _paragraph_xtcu6_10 layout-component text-serif-m layout-normal text-serif-m layout-padded\">Bare to d\u00f8gn etter at Maduro og kona ble dratt ut av sine hjem midt p\u00e5 natten i den venezuelanske hovedstaden Caracas av amerikanske spesialstyrker i en spektakul\u00e6r operasjon, m\u00e5 den omstridte presidenten n\u00e5 m\u00f8te i retten i New York.<\/p>\n<p class=\"_paragraph_o9xde_4 _paragraph_xtcu6_10 layout-component text-serif-m layout-normal text-serif-m layout-padded\"><strong class=\"_strong_o9xde_25\">Like etter klokken 18 var rettsm\u00f8tet i gang. Det varte i omtrent 30 minutter. Maduro og kona er n\u00e5 fraktet ut av rettssalen.<\/strong><\/p>\n<p class=\"_paragraph_o9xde_4 _paragraph_xtcu6_10 layout-component text-serif-m layout-normal text-serif-m layout-padded\">Maduro hadde p\u00e5 seg et fengselsantrekk, fotjern og hodetelefoner som trolig brukes til oversetting, skriver New York Times. Kona Cilia hadde et lignende antrekk, og sitter to plasser unna ham. <\/p>\n<p class=\"_paragraph_o9xde_4 _paragraph_xtcu6_10 layout-component text-serif-m layout-normal text-serif-m layout-padded\"><strong class=\"_strong_o9xde_25\">Maduro ble spurt av dommeren om \u00e5 identifisere seg. Han presenterer seg p\u00e5 spansk som presidenten i Venezuela og sier at han har blitt kidnappet, skriver New York Times. <\/strong><\/p>\n<p class=\"_paragraph_o9xde_4 _paragraph_xtcu6_10 layout-component text-serif-m layout-normal text-serif-m layout-padded\">Han nekter straffskyld, skriver Reuters. Ogs\u00e5 kona Cilia nekter straffskyld. <\/p>\n<p class=\"_paragraph_o9xde_4 _paragraph_xtcu6_10 layout-component text-serif-m layout-normal text-serif-m layout-padded\"><strong class=\"_strong_o9xde_25\">\u2013 Jeg er uskyldig. Jeg er en anstendig mann. Jeg er fortsatt presidenten i landet mitt, sier Maduro. <\/strong><\/p>\n<p class=\"_paragraph_o9xde_4 _paragraph_xtcu6_10 layout-component text-serif-m layout-normal text-serif-m layout-padded\">Trump-administrasjonen anerkjenner ikke Maduro som en legitimt valgt president, og mener \u2013 i likhet med store deler av den vestlige verden \u2013 at han <a href=\"https:\/\/www.vg.no\/nyheter\/i\/qP6y1O\/usa-anklager-venezuela-for-valgfusk\" data-track-element-type=\"Link\" data-track-id=\"link:qP6y1O\" class=\"_link_o9xde_39\" rel=\"nofollow noopener\" target=\"_blank\">stjal valget<\/a> i 2024.<\/p>\n<p class=\"_paragraph_o9xde_4 _paragraph_xtcu6_10 layout-component text-serif-m layout-normal text-serif-m layout-padded\">Madruo sa at dette er f\u00f8rste gang han blir presentert for tiltalen og at han ikke er kjent med hva slags rettigheter han har. <\/p>\n<p class=\"_paragraph_o9xde_4 _paragraph_xtcu6_10 layout-component text-serif-m layout-normal text-serif-m layout-padded\"><strong class=\"_strong_o9xde_25\">\u2013 Jeg er en krigsfange, sa Maduro p\u00e5 vei ut av rettssalen. <\/strong><\/p>\n<p class=\"_paragraph_o9xde_4 _paragraph_xtcu6_10 layout-component text-serif-m layout-normal text-serif-m layout-padded\">Dommeren sier at neste rettsm\u00f8te blir 17. mars. <\/p>\n<p><img alt=\"Maduro ble mandag fraktet til retten i New York.   Foto: Stringer \/ EPA \/ NTB\" class=\"_image_qp4xg_65 layout-component layout-normal\" data-fullscreen- data-track-element-type=\"Article image fullscreen\" data-track-name=\"ImageFullscreen\" decoding=\"async\" loading=\"lazy\" height=\"1366\" itemprop=\"image\"  src=\"https:\/\/www.europesays.com\/no\/wp-content\/uploads\/2026\/01\/d0572509-261f-4230-9921-4500740ed5b3.png\"  style=\"object-position:0% 0%\" width=\"2049\"\/>Maduro ble mandag fraktet til retten i New York.   Foto: Stringer \/ EPA \/ NTB<\/p>\n<p class=\"_paragraph_o9xde_4 _paragraph_xtcu6_10 layout-component text-serif-m layout-normal text-serif-m layout-padded\"><strong class=\"_strong_o9xde_25\">USA har tiltalt Maduro for narkoterrorisme, kokainimport og besittelse av v\u00e5pen. Strafferammen er p\u00e5 rundt 40 \u00e5r. <\/strong><\/p>\n<p class=\"_paragraph_o9xde_4 _paragraph_xtcu6_10 layout-component text-serif-m layout-normal text-serif-m layout-padded\">Fem andre personer st\u00e5r ogs\u00e5 tiltalt i den f\u00f8derale retten, inkludert Maduros kone Cilia Flores, deres s\u00f8nn og andre i presidentens innerste krets.<\/p>\n<p>Foto: Thomas Nilsson \/ VG \/ VG<\/p>\n<p class=\"_paragraph_o9xde_4 _paragraph_xtcu6_10 layout-component text-serif-m layout-normal text-serif-m layout-padded\">Maduro har f\u00e5tt oppnevnt Barry Pollack som forsvarer. Kona har f\u00e5tt oppnevnt Mark Donnelly som forsvarer. <\/p>\n<p class=\"_paragraph_o9xde_4 _paragraph_xtcu6_10 layout-component text-serif-m layout-normal text-serif-m layout-padded\">Pollack sa i retten at han hadde \u00absp\u00f8rsm\u00e5l ved rettsgrunnlaget\u00bb for p\u00e5gripelsen, skriver AP. Han bemerket ogs\u00e5 at Maduro hadde helseproblemer som krever behandling. Donnelly sa ogs\u00e5 at Cilia har skader som trenger behandling. <\/p>\n<p class=\"_paragraph_o9xde_4 _paragraph_xtcu6_10 layout-component text-serif-m layout-normal text-serif-m layout-padded\">Det var fotoforbud i retten. <\/p>\n<p class=\"_paragraph_o9xde_4 _paragraph_xtcu6_10 layout-component text-serif-m layout-normal text-serif-m layout-padded\">VG er p\u00e5 plass p\u00e5 utsiden av rettsbygget p\u00e5 Manhattan, der det er et stort presseoppbud og mange v\u00e6pnede politifolk. Et helikopter og flere droner svirrer i luften, og p\u00e5 bakken er det politibiler med bl\u00e5lys. <\/p>\n<p><img alt=\"Foto: Thomas Nilsson \/ VG\" class=\"_image_qp4xg_65 layout-component layout-normal\" data-fullscreen- data-track-element-type=\"Article image fullscreen\" data-track-name=\"ImageFullscreen\" decoding=\"async\" loading=\"lazy\" height=\"1984\" itemprop=\"image\"  src=\"https:\/\/www.europesays.com\/no\/wp-content\/uploads\/2026\/01\/e33a54d8-3fbd-4ed8-9f20-022398bb568b.jpeg\"  style=\"object-position:0% 0%\" width=\"2976\"\/>Foto: Thomas Nilsson \/ VG\u2013 Bekymringsfullt<\/p>\n<p class=\"_paragraph_o9xde_4 _paragraph_xtcu6_10 layout-component text-serif-m layout-normal text-serif-m layout-padded\">Her m\u00f8ter vi tidligere assisterende statsadvokat i New York, Adam Pollock.<\/p>\n<p class=\"_paragraph_o9xde_4 _paragraph_xtcu6_10 layout-component text-serif-m layout-normal text-serif-m layout-padded\">\u2013 Dette er en historisk og eksplosiv sak. Samtidig er tiltalen mot Maduro en del av en lang trend der USA stiller profilerte utlendinger for retten for narkokriminalitet, sier han og viser til tiltalen mot Panamas president Noriega i 1990.<\/p>\n<p><img alt=\"Adam Pollock  Foto: Thomas Nilsson \/ VG\" class=\"_image_qp4xg_65 layout-component layout-normal\" data-fullscreen- data-track-element-type=\"Article image fullscreen\" data-track-name=\"ImageFullscreen\" decoding=\"async\" loading=\"lazy\" height=\"2533\" itemprop=\"image\"  src=\"https:\/\/www.europesays.com\/no\/wp-content\/uploads\/2026\/01\/c0aaafc9-520f-467f-a314-f4aa209c1c19.jpeg\"  style=\"object-position:0% 0%\" width=\"3800\"\/>Adam Pollock  Foto: Thomas Nilsson \/ VG<\/p>\n<p class=\"_paragraph_o9xde_4 _paragraph_xtcu6_10 layout-component text-serif-m layout-normal text-serif-m layout-padded\">\u2013 Det er bekymringsfullt at USA fanger en president i et annet land og frakter ham hit, mener advokaten Pollock.<\/p>\n<p class=\"_paragraph_o9xde_4 _paragraph_xtcu6_10 layout-component text-serif-m layout-normal text-serif-m layout-padded\">\u2013 Er det lovlig? sp\u00f8r VG.<\/p>\n<p class=\"_paragraph_o9xde_4 _paragraph_xtcu6_10 layout-component text-serif-m layout-normal text-serif-m layout-padded\">\u2013 Absolutt ikke, if\u00f8lge internasjonal lovinternasjonal lovEt sett med regler og avtaler som landene i verden har blitt enige om \u00e5 f\u00f8lge i sine relasjoner med hverandre. P\u00e5 norsk omtales internasjonale lover ofte som &laquo;Folkeretten&raquo;. . Venezuela er en suveren stat. Men Trump bryr seg ikke om det.<\/p>\n<p class=\"_paragraph_o9xde_4 _paragraph_xtcu6_10 layout-component text-serif-m layout-normal text-serif-m layout-padded\">FNs sikkerhetsr\u00e5d m\u00f8tes ogs\u00e5 mandag for \u00e5 diskutere lovligheten i USAs angrep mot Maduro-regimet. Men USA er at av landene i Sikkerhetsr\u00e5det, og kan legge ned vetovetoEn rett som gir et land muligheten til \u00e5 stoppe en beslutning eller resolusjon i FNs sikkerhetsr\u00e5d, selv om flertallet er for. De faste medlemmene USA, Russland, Kina, Storbritannia og Frankrike har vetorett.  mot en eventuell resolusjon.<\/p>\n<p class=\"_paragraph_o9xde_4 _paragraph_xtcu6_10 layout-component text-serif-m layout-normal text-serif-m layout-padded\">\u2013 Trump er neppe bekymret for hva verden eller FN sier om Maduro-angrepet, mener Pollock.<\/p>\n<p>\u2013 F\u00f8les fantastisk<\/p>\n<p class=\"_paragraph_o9xde_4 _paragraph_xtcu6_10 layout-component text-serif-m layout-normal text-serif-m layout-padded\">Utenfor rettsbygget har det samlet seg folk som enten st\u00f8tter Maduro eller Trump. De g\u00e5r til verbalt angrep p\u00e5 hverandre flere ganger, skilt av politisperringer. Flere roper spanske banneord, og andre spiller venezuelansk musikk og jubler.<\/p>\n<p class=\"_paragraph_o9xde_4 _paragraph_xtcu6_10 layout-component text-serif-m layout-normal text-serif-m layout-padded\"><strong class=\"_strong_o9xde_25\">Stemningen er anspent.<\/strong><\/p>\n<p><img alt=\"Wilfredo Briencino (44).  Foto: Thomas Nilsson \/ VG\" class=\"_image_qp4xg_65 layout-component layout-normal\" data-fullscreen- data-track-element-type=\"Article image fullscreen\" data-track-name=\"ImageFullscreen\" decoding=\"async\" loading=\"lazy\" height=\"2533\" itemprop=\"image\"  src=\"https:\/\/www.europesays.com\/no\/wp-content\/uploads\/2026\/01\/d29e0a07-b9e4-4eb5-b238-909a98932ab4.jpeg\"  style=\"object-position:0% 0%\" width=\"3800\"\/>Wilfredo Briencino (44).  Foto: Thomas Nilsson \/ VG<\/p>\n<p class=\"_paragraph_o9xde_4 _paragraph_xtcu6_10 layout-component text-serif-m layout-normal text-serif-m layout-padded\">Wilfredo Briencino (44) fra Venezuela, som bor i USA, vaier med et kombinert venezuelansk flagg og et MAGA-flagg.<\/p>\n<p class=\"_paragraph_o9xde_4 _paragraph_xtcu6_10 layout-component text-serif-m layout-normal text-serif-m layout-padded\">\u2013 Jeg har ventet p\u00e5 dette \u00f8yeblikket i \u00e5revis. Det f\u00f8les fantastisk \u00e5 se Maduro i h\u00e5ndjern. Trump gjorde det! Han tok diktatoren Maduro! sier han til VG.<\/p>\n<p class=\"_paragraph_o9xde_4 _paragraph_xtcu6_10 layout-component text-serif-m layout-normal text-serif-m layout-padded\">\u2013 Tror du fengslingen av Maduro vil f\u00f8re til varige endringer i Venezuela?<\/p>\n<p class=\"_paragraph_o9xde_4 _paragraph_xtcu6_10 layout-component text-serif-m layout-normal text-serif-m layout-padded\">\u2013 Dette er en god start. Maduro er bare et menneske, resten av regjeringen og hans st\u00f8ttespillere m\u00e5 ogs\u00e5 bort. Men jeg er sikker p\u00e5 at det blir forandring. Regimet kollapser og snart blir det valg. Da kommer jeg hjem, sier han optimistisk.<\/p>\n<p><img alt=\"John Contreas (47).  Foto: Thomas Nilsson \/ VG\" class=\"_image_qp4xg_65 layout-component layout-normal\" data-fullscreen- data-track-element-type=\"Article image fullscreen\" data-track-name=\"ImageFullscreen\" decoding=\"async\" loading=\"lazy\" height=\"2533\" itemprop=\"image\"  src=\"https:\/\/www.europesays.com\/no\/wp-content\/uploads\/2026\/01\/66bd1996-7431-4f79-a9dc-85a9b82a8cb9.png\"  style=\"object-position:0% 0%\" width=\"3800\"\/>John Contreas (47).  Foto: Thomas Nilsson \/ VG<\/p>\n<p class=\"_paragraph_o9xde_4 _paragraph_xtcu6_10 layout-component text-serif-m layout-normal text-serif-m layout-padded\">John Contreas (47) fra Venezuela leder opposisjonens lokale avdeling i New York, og jobber for fredsprisvinner Machado.<\/p>\n<p class=\"_paragraph_o9xde_4 _paragraph_xtcu6_10 layout-component text-serif-m layout-normal text-serif-m layout-padded\">Trump har tidligere uttrykt st\u00f8tte til Machado, men etter Maduro-p\u00e5gripelsen har han avsk\u00e5ret henne helt \u2013 til manges skuffelse. N\u00e5 sier Trump at han vil samarbeide med Maduros nummer to, Delcy Rodr\u00edguez. Men visepresidenten har utad g\u00e5tt ut mot Trump.<\/p>\n<p class=\"_paragraph_o9xde_4 _paragraph_xtcu6_10 layout-component text-serif-m layout-normal text-serif-m layout-padded\">Contreas tror Trumps st\u00f8tte til Machado var reell. Men kaoset som r\u00e5r n\u00e5 krever t\u00e5lmodig.<\/p>\n<p class=\"_paragraph_o9xde_4 _paragraph_xtcu6_10 layout-component text-serif-m layout-normal text-serif-m layout-padded\">\u2013 Machado har ingen makt per n\u00e5, den ligger hos narkoterroristene i Venezuela. Det er en intern splittelse i det som gjenst\u00e5r av Maduro-regjeringen, der h\u00e6ren st\u00f8tter den ene siden \u2013 og det er ikke visepresidenten. Dette kan bli veldig farlig, sier Contreras om Venezuelas fremtid. <\/p>\n<p><img alt=\"Richie B.   Foto: Thomas Nilsson \/ VG\" class=\"_image_qp4xg_65 layout-component layout-normal\" data-fullscreen- data-track-element-type=\"Article image fullscreen\" data-track-name=\"ImageFullscreen\" decoding=\"async\" loading=\"lazy\" height=\"2534\" itemprop=\"image\"  src=\"https:\/\/www.europesays.com\/no\/wp-content\/uploads\/2026\/01\/a5c91b9a-ae2e-43f7-8123-29706aaf2b3e.png\"  style=\"object-position:0% 0%\" width=\"3800\"\/>Richie B.   Foto: Thomas Nilsson \/ VG<\/p>\n<p class=\"_paragraph_o9xde_4 _paragraph_xtcu6_10 layout-component text-serif-m layout-normal text-serif-m layout-padded\">P\u00e5 den andre siden av politisperringen st\u00e5r Richie B. (26), som ikke vil oppgi fullt etternavn. Han er omgitt av unge aktivister med palestinaskjerf, og sier han har familie i Venezuela.<\/p>\n<p class=\"_paragraph_o9xde_4 _paragraph_xtcu6_10 layout-component text-serif-m layout-normal text-serif-m layout-padded\">26-\u00e5ringen holder en plakat der det st\u00e5r \u00abSlipp Maduro fri n\u00e5!\u00bb<\/p>\n<p class=\"_paragraph_o9xde_4 _paragraph_xtcu6_10 layout-component text-serif-m layout-normal text-serif-m layout-padded\">\u2013 Det Trump gj\u00f8r er et soleklart brudd p\u00e5 internasjonal lov. Og det er hyklersk \u2013 Honduras\u2019 ekspresident ble nettopp <a href=\"https:\/\/www.vg.no\/nyheter\/i\/ExojVK\/honduras-utsteder-arrestordre-mot-benaadet-eks-president\" data-track-element-type=\"Link\" data-track-id=\"link:ExojVK\" class=\"_link_o9xde_39\" rel=\"nofollow noopener\" target=\"_blank\">ben\u00e5det av Trump<\/a>, etter \u00e5 ha sonet narkotikalovbrudd i USA, mener Richie B.<\/p>\n<p class=\"_paragraph_o9xde_4 _paragraph_xtcu6_10 layout-component text-serif-m layout-normal text-serif-m layout-padded\">\u2013 St\u00f8tter du Maduros regime?<\/p>\n<p class=\"_paragraph_o9xde_4 _paragraph_xtcu6_10 layout-component text-serif-m layout-normal text-serif-m layout-padded\">\u2013 Vel, Venezuela st\u00e5r i alle fall opp mot USAs imperialismeimperialismeEn politikk der et land utvider sin makt og innflytelse over andre land, ofte gjennom milit\u00e6r makt eller politisk press., svarer han.<\/p>\n<p><img alt=\"Foto: Thomas Nilsson \/ VG\" class=\"_image_qp4xg_65 layout-component layout-normal\" data-fullscreen- data-track-element-type=\"Article image fullscreen\" data-track-name=\"ImageFullscreen\" decoding=\"async\" loading=\"lazy\" height=\"2534\" itemprop=\"image\"  src=\"https:\/\/www.europesays.com\/no\/wp-content\/uploads\/2026\/01\/13fb9746-6bf1-4b4f-8184-10c9977c0c85.png\"  style=\"object-position:0% 0%\" width=\"3800\"\/>Foto: Thomas Nilsson \/ VGHaltet<\/p>\n<p class=\"_paragraph_o9xde_4 _paragraph_xtcu6_10 layout-component text-serif-m layout-normal text-serif-m layout-padded\">I morgentimene mandag lokal tid ble Maduro og kona fraktet fra <a href=\"https:\/\/www.vg.no\/nyheter\/i\/2pGxzG\/maduro-har-landet-i-new-york\" data-track-element-type=\"Link\" data-track-id=\"link:2pGxzG\" class=\"_link_o9xde_39\" rel=\"nofollow noopener\" target=\"_blank\">det beryktede fengselet<\/a> Brooklyn Detention Center\u00a0(MDC), der de sitter varetektsfengslet, til retten i Manhattan. Sikkerhetsoppbudet var stort.<\/p>\n<p class=\"_paragraph_o9xde_4 _paragraph_xtcu6_10 layout-component text-serif-m layout-normal text-serif-m layout-padded\">De var <a href=\"https:\/\/www.vg.no\/nyheter\/i\/8pmalA\/her-fraktes-maduro-til-retten\" data-track-element-type=\"Link\" data-track-id=\"link:8pmalA\" class=\"_link_o9xde_39\" rel=\"nofollow noopener\" target=\"_blank\">if\u00f8rt h\u00e5ndjern<\/a> og ble geleidet inn i et helikopter av tungt v\u00e6pnede politifolk.<\/p>\n<p><img alt=\"Foto: Adam Gray \/ Reuters \/ NTB\" class=\"_image_qp4xg_65 layout-component layout-normal\" data-fullscreen- data-track-element-type=\"Article image fullscreen\" data-track-name=\"ImageFullscreen\" decoding=\"async\" loading=\"lazy\" height=\"2534\" itemprop=\"image\"  src=\"https:\/\/www.europesays.com\/no\/wp-content\/uploads\/2026\/01\/581f3352-2eb5-4ec7-a068-d3bc7e3d1c78.jpeg\"  style=\"object-position:0% 0%\" width=\"3799\"\/>Foto: Adam Gray \/ Reuters \/ NTB<\/p>\n<p class=\"_paragraph_o9xde_4 _paragraph_xtcu6_10 layout-component text-serif-m layout-normal text-serif-m layout-padded\">Maduro hadde p\u00e5 seg en brun fangedrakt og oransje sko. Presidenten s\u00e5 ut til \u00e5 halte.<\/p>\n<p class=\"_paragraph_o9xde_4 _paragraph_xtcu6_10 layout-component text-serif-m layout-normal text-serif-m layout-padded\">P\u00e5 Manhattan ble Maduro og kona kj\u00f8rt videre i pansrede kj\u00f8ret\u00f8y til rettsbygget. <\/p>\n<p class=\"_paragraph_o9xde_4 _paragraph_xtcu6_10 layout-component text-serif-m layout-normal text-serif-m layout-padded\">Rettsm\u00f8tet p\u00e5 Manhattan mandag ventes \u00e5 v\u00e6re en kjapp prosess. <\/p>\n<p class=\"_paragraph_o9xde_4 _paragraph_xtcu6_10 layout-component text-serif-m layout-normal text-serif-m layout-padded\">Maduro og kona skal bringes inn for dommeren, <a href=\"https:\/\/www.vg.no\/nyheter\/i\/xrP0Ql\/maduro-i-retten-dette-er-dommeren-som-skal-behandle-saken-hans\" data-track-element-type=\"Link\" data-track-id=\"link:xrP0Ql\" class=\"_link_o9xde_39\" rel=\"nofollow noopener\" target=\"_blank\">92 \u00e5r gamle Alvin Hellerstein<\/a>, og f\u00e5 tilbud om \u00e5 f\u00e5 opplest tiltalen mot seg. S\u00e5 skal dommer ta stilling til kausjonkausjonEn sum penger som betales til retten for \u00e5 sikre at en person som er l\u00f8slatt fra varetekt, m\u00f8ter opp til rettssaken sin., men dette fremst\u00e5r som lite sannsynlig i denne saken gitt mulig r\u00f8mningsfare.<\/p>\n<p><img alt=\"Foto: Adam Gray \/ Reuters \/ NTB\" class=\"_image_qp4xg_65 layout-component layout-normal\" data-fullscreen- data-track-element-type=\"Article image fullscreen\" data-track-name=\"ImageFullscreen\" decoding=\"async\" loading=\"lazy\" height=\"1259\" itemprop=\"image\"  src=\"https:\/\/www.europesays.com\/no\/wp-content\/uploads\/2026\/01\/df91e39b-9764-4fa1-8a30-49dc90ff36fc.jpeg\"  style=\"object-position:0% 0%\" width=\"1679\"\/>Foto: Adam Gray \/ Reuters \/ NTB<\/p>\n<p class=\"_paragraph_o9xde_4 _paragraph_xtcu6_10 layout-component text-serif-m layout-normal text-serif-m layout-padded\">S\u00e5 blir Maduro og f\u00f8rstedamen f\u00f8rt tilbake til varetekt.<\/p>\n<p class=\"_paragraph_o9xde_4 _paragraph_xtcu6_10 layout-component text-serif-m layout-normal text-serif-m layout-padded\">\u2013 Om ett \u00e5r tids blir det trolig rettssak, og det vil kunne vare i rundt to m\u00e5neder. Hvis han blir d\u00f8mt, vil Maduro sitte i fengsel i opptil 40 \u00e5r p\u00e5 livstid, sier jurist Adam Pollock, som ikke utelukker en mulig fangeutveksling der Maduro soner i et annet land.<\/p>\n<p>Dette er Maduro tiltalt for<\/p>\n<p class=\"_paragraph_o9xde_4 _paragraph_xtcu6_10 layout-component text-serif-m layout-normal text-serif-m layout-padded\">De amerikanske p\u00e5talemyndigheten har tatt ut en omfattende tiltale mot Maduro og flere av hans n\u00e6rmeste allierte. Her anklages Maduro for alvorlig narkotikakriminalitet over en periode p\u00e5 35 \u00e5r.<\/p>\n<p class=\"_paragraph_o9xde_4 _paragraph_xtcu6_10 layout-component text-serif-m layout-normal text-serif-m layout-padded\">Tiltalen beskriver et korrupt regime som har misbrukt statsmakten til \u00e5 \u00abinstitusjonalisere narkotikavirksomheten\u00bb i Venezuela, og berike seg gjennom narkoterrorisme, kokainimport, v\u00e5penlovbrudd og hvitvasking av penger.<\/p>\n<p class=\"_paragraph_o9xde_4 _paragraph_xtcu6_10 layout-component text-serif-m layout-normal text-serif-m layout-padded\">Maduro ble f\u00f8rst tiltalt av USA i 2020, under Trumps f\u00f8rste presidentperiode, og dette er samme tiltale, bare oppdatert og mer omfattende.<\/p>\n<p><img alt=\"F\u00f8rste side av den 25 sider lange tiltalen mot Maduro og hans nettverk.\" class=\"_image_qp4xg_65 layout-component layout-normal\" data-fullscreen- data-track-element-type=\"Article image fullscreen\" data-track-name=\"ImageFullscreen\" decoding=\"async\" loading=\"lazy\" height=\"1488\" itemprop=\"image\"  src=\"https:\/\/www.europesays.com\/no\/wp-content\/uploads\/2026\/01\/d31f9b5d-e3f9-4b05-9c75-47edb06ce0be.jpeg\"  style=\"object-position:0% 0%\" width=\"1116\"\/>F\u00f8rste side av den 25 sider lange tiltalen mot Maduro og hans nettverk.   <\/p>\n<p class=\"_paragraph_o9xde_4 _paragraph_xtcu6_10 layout-component text-serif-m layout-normal text-serif-m layout-padded\"><strong class=\"_strong_o9xde_25\">Her er det viktigste punktene i tiltalen:<\/strong><\/p>\n<ul class=\"_list_o9xde_3 _list_xtcu6_9 _unordered_o9xde_106 layout-component text-serif-m layout-normal text-serif-m layout-padded\">\n<li class=\"_item_o9xde_30\">USA anklager Maduro-regimet for \u00e5 ha samarbeidet med internasjonale narkotikagrupper over en \u00e5rrekke. Maduro har misbrukt sin makt som president til \u00e5 importere store mengder kokain til USA og berike seg selv gjennom korrupsjon, if\u00f8lge tiltalen.<\/li>\n<li class=\"_item_o9xde_30\">Maduro-regimet skal if\u00f8lge tiltalen ha samarbeidet med<strong class=\"_strong_o9xde_25\"> <\/strong>den colombianske FARC-geriljaen, meksikanske narkotikakarteller og venezuelanske gjenger. Myndigheter, milit\u00e6ret og diplomatiet i Venezuela skal ha lagt til rette for produksjon, transport og distribusjon av tusenvis av tonn kokain som er blitt importert til USA. <\/li>\n<li class=\"_item_o9xde_30\">Amerikanske p\u00e5talemyndigheter mener Maduro-regimet har solgt diplomatiske pass til narkotikasmuglere, beskyttet narkotikafly og aktivt bidratt til en kultur av korrupsjon i landet.<\/li>\n<\/ul>\n<p class=\"_paragraph_o9xde_4 _paragraph_xtcu6_10 layout-component text-serif-m layout-normal text-serif-m layout-padded\">Les hele tiltalen <a href=\"https:\/\/www.justice.gov\/opa\/media\/1422326\/dl\" class=\"_link_o9xde_39\" rel=\"nofollow noopener\" target=\"_blank\">her<\/a>.<\/p>\n<p class=\"_paragraph_o9xde_4 _paragraph_xtcu6_10 layout-component text-serif-m layout-normal text-serif-m layout-padded\">Trump har tidligere tilbudt et millionbel\u00f8p i dus\u00f8r for informasjon som kan f\u00f8re til arrestasjon eller domfellelse av Maduro.<\/p>\n<p><img alt=\"VGs team: USA-korrespondent Ingeborg Huse Amundsen og fotograf Thomas Nilsson utenfor retten i New York.\" class=\"_image_qp4xg_65 layout-component layout-normal\" data-fullscreen- data-track-element-type=\"Article image fullscreen\" data-track-name=\"ImageFullscreen\" decoding=\"async\" loading=\"lazy\" height=\"3088\" itemprop=\"image\"  src=\"https:\/\/www.europesays.com\/no\/wp-content\/uploads\/2026\/01\/22c068d4-b924-4463-87f7-6aea6faefb48.jpeg\"  style=\"object-position:0% 0%\" width=\"2316\"\/>VGs team: USA-korrespondent Ingeborg Huse Amundsen og fotograf Thomas Nilsson utenfor retten i New York.    <\/p>\n","protected":false},"excerpt":{"rendered":"Venezuelas president Nicol\u00e1s Maduro er arrestert av amerikanske spesialstyrker og st\u00e5r overfor alvorlige tiltaler i New York. USA&hellip;\n","protected":false},"author":2,"featured_media":129568,"comment_status":"","ping_status":"","sticky":false,"template":"","format":"standard","meta":{"footnotes":""},"categories":[12],"tags":[1238,14960,20,21,24,25,15,22,23,13,4037,30,28,29,14,16,26,27,50,95,42,43,44,45],"class_list":{"0":"post-129567","1":"post","2":"type-post","3":"status-publish","4":"format-standard","5":"has-post-thumbnail","7":"category-verden","8":"tag-amerikansk-politikk","9":"tag-angrepet-mot-venezuela","10":"tag-breaking-news","11":"tag-breakingnews","12":"tag-featured-news","13":"tag-featurednews","14":"tag-headlines","15":"tag-latest-news","16":"tag-latestnews","17":"tag-news","18":"tag-nicolas-maduro","19":"tag-no","20":"tag-norge","21":"tag-norway","22":"tag-nyheter","23":"tag-overskrifter","24":"tag-top-stories","25":"tag-topstories","26":"tag-usa","27":"tag-venezuela","28":"tag-verden","29":"tag-world","30":"tag-world-news","31":"tag-worldnews"},"share_on_mastodon":{"url":"https:\/\/pubeurope.com\/@no\/115843836650664837","error":""},"_links":{"self":[{"href":"https:\/\/www.europesays.com\/no\/wp-json\/wp\/v2\/posts\/129567","targetHints":{"allow":["GET"]}}],"collection":[{"href":"https:\/\/www.europesays.com\/no\/wp-json\/wp\/v2\/posts"}],"about":[{"href":"https:\/\/www.europesays.com\/no\/wp-json\/wp\/v2\/types\/post"}],"author":[{"embeddable":true,"href":"https:\/\/www.europesays.com\/no\/wp-json\/wp\/v2\/users\/2"}],"replies":[{"embeddable":true,"href":"https:\/\/www.europesays.com\/no\/wp-json\/wp\/v2\/comments?post=129567"}],"version-history":[{"count":0,"href":"https:\/\/www.europesays.com\/no\/wp-json\/wp\/v2\/posts\/129567\/revisions"}],"wp:featuredmedia":[{"embeddable":true,"href":"https:\/\/www.europesays.com\/no\/wp-json\/wp\/v2\/media\/129568"}],"wp:attachment":[{"href":"https:\/\/www.europesays.com\/no\/wp-json\/wp\/v2\/media?parent=129567"}],"wp:term":[{"taxonomy":"category","embeddable":true,"href":"https:\/\/www.europesays.com\/no\/wp-json\/wp\/v2\/categories?post=129567"},{"taxonomy":"post_tag","embeddable":true,"href":"https:\/\/www.europesays.com\/no\/wp-json\/wp\/v2\/tags?post=129567"}],"curies":[{"name":"wp","href":"https:\/\/api.w.org\/{rel}","templated":true}]}}