{"id":129612,"date":"2026-01-05T19:05:27","date_gmt":"2026-01-05T19:05:27","guid":{"rendered":"https:\/\/www.europesays.com\/no\/129612\/"},"modified":"2026-01-05T19:05:27","modified_gmt":"2026-01-05T19:05:27","slug":"turister-floy-drone-ved-prestvannet","status":"publish","type":"post","link":"https:\/\/www.europesays.com\/no\/129612\/","title":{"rendered":"Turister fl\u00f8y drone ved Prestvannet"},"content":{"rendered":"<p>Politiet rykket ut til Prestvannet mandag ettermiddag i 14-tiden, etter \u00e5 ha f\u00e5tt melding om ulovlig droneflyging.<\/p>\n<p>Her p\u00e5traff politiet tre utenlandske turister, som erkjente at de hadde flydd drone.<\/p>\n<p>Dette er godt innenfor den s\u00e5kalte \u00abforbudssonen\u00bb, hvor droneflyging i all hovedsak ikke er tillatt, p\u00e5 grunn av den n\u00e6re beliggenheten til Troms\u00f8 lufthavn. Skal man fly innenfor forbudssonen, m\u00e5 man ha n\u00f8dvendige sertifiseringer og i tillegg s\u00f8ke om tillatelse.<\/p>\n<p>For Troms\u00f8 sin del innbefatter hele byomr\u00e5det og deler av Kval\u00f8ya, H\u00e5k\u00f8ya og Tromsdalen, hvor Ishavskatedralen og Fjellheisen befinner seg.<\/p>\n<p>Dronen blir beslaglagt og dronepiloten blir anmeldt, skriver politiet i sin logg.<\/p>\n<p><img decoding=\"async\" src=\"data:image\/gif;base64,R0lGODlhEAAJAIAAAP\/\/\/wAAACH5BAEAAAAALAAAAAAQAAkAAAIKhI+py+0Po5yUFQA7\" alt=\"\"\/><br \/>\n  Den r\u00f8de rundingen viser den s\u00e5kalte \u00abforbudssonen\u00bb rundt Troms\u00f8 lufthavn, hvor det ikke er tillatt \u00e5 fly drone.<br \/>\n  <strong>Foto:<\/strong> Skjermdump, Avinors dronekart<\/p>\n","protected":false},"excerpt":{"rendered":"Politiet rykket ut til Prestvannet mandag ettermiddag i 14-tiden, etter \u00e5 ha f\u00e5tt melding om ulovlig droneflyging. Her&hellip;\n","protected":false},"author":2,"featured_media":93436,"comment_status":"","ping_status":"","sticky":false,"template":"","format":"standard","meta":{"footnotes":""},"categories":[10],"tags":[20,21,24,25,15,22,23,13,30,28,29,14,16,26,27,1625],"class_list":{"0":"post-129612","1":"post","2":"type-post","3":"status-publish","4":"format-standard","5":"has-post-thumbnail","7":"category-norge","8":"tag-breaking-news","9":"tag-breakingnews","10":"tag-featured-news","11":"tag-featurednews","12":"tag-headlines","13":"tag-latest-news","14":"tag-latestnews","15":"tag-news","16":"tag-no","17":"tag-norge","18":"tag-norway","19":"tag-nyheter","20":"tag-overskrifter","21":"tag-top-stories","22":"tag-topstories","23":"tag-troms-politidistrikt"},"share_on_mastodon":{"url":"https:\/\/pubeurope.com\/@no\/115844056616674384","error":""},"_links":{"self":[{"href":"https:\/\/www.europesays.com\/no\/wp-json\/wp\/v2\/posts\/129612","targetHints":{"allow":["GET"]}}],"collection":[{"href":"https:\/\/www.europesays.com\/no\/wp-json\/wp\/v2\/posts"}],"about":[{"href":"https:\/\/www.europesays.com\/no\/wp-json\/wp\/v2\/types\/post"}],"author":[{"embeddable":true,"href":"https:\/\/www.europesays.com\/no\/wp-json\/wp\/v2\/users\/2"}],"replies":[{"embeddable":true,"href":"https:\/\/www.europesays.com\/no\/wp-json\/wp\/v2\/comments?post=129612"}],"version-history":[{"count":0,"href":"https:\/\/www.europesays.com\/no\/wp-json\/wp\/v2\/posts\/129612\/revisions"}],"wp:featuredmedia":[{"embeddable":true,"href":"https:\/\/www.europesays.com\/no\/wp-json\/wp\/v2\/media\/93436"}],"wp:attachment":[{"href":"https:\/\/www.europesays.com\/no\/wp-json\/wp\/v2\/media?parent=129612"}],"wp:term":[{"taxonomy":"category","embeddable":true,"href":"https:\/\/www.europesays.com\/no\/wp-json\/wp\/v2\/categories?post=129612"},{"taxonomy":"post_tag","embeddable":true,"href":"https:\/\/www.europesays.com\/no\/wp-json\/wp\/v2\/tags?post=129612"}],"curies":[{"name":"wp","href":"https:\/\/api.w.org\/{rel}","templated":true}]}}