{"id":129613,"date":"2026-01-05T19:06:08","date_gmt":"2026-01-05T19:06:08","guid":{"rendered":"https:\/\/www.europesays.com\/no\/129613\/"},"modified":"2026-01-05T19:06:08","modified_gmt":"2026-01-05T19:06:08","slug":"stabaek-talent-klar-for-champions-league-klubb","status":"publish","type":"post","link":"https:\/\/www.europesays.com\/no\/129613\/","title":{"rendered":"Stab\u00e6k-talent klar for Champions League-klubb"},"content":{"rendered":"\n<p class=\"_lead_o9xde_2 _lead_xtcu6_50 layout-component text-serif-m layout-normal text-serif-l layout-component layout-wide layout-padded _wide_17hqh_1 layout-padded\">Fotballtalentet Abel Cedergren (16) har signert for tsjekkiske Slavia Praha.<\/p>\n<p><img alt=\"Abel Cedergren (t.v.) er klar for Slavia Praha.&#10;Foto: Javad Parsa \/ NTB\" class=\"_image_qp4xg_65 layout-component layout-wide\" data-fullscreen- data-track-element-type=\"Article image fullscreen\" data-track-name=\"ImageFullscreen\" fetchpriority=\"high\" decoding=\"sync\" loading=\"eager\" height=\"4954\" itemprop=\"image\"  src=\"https:\/\/www.europesays.com\/no\/wp-content\/uploads\/2026\/01\/9870fb1a-bbc6-4285-a8a3-25b0425b148a.jpeg\"  style=\"object-position:0% 0%\" width=\"7427\"\/>Abel Cedergren (t.v.) er klar for Slavia Praha.<br \/>\nFoto: Javad Parsa \/ NTB<\/p>\n<ul aria-hidden=\"true\" class=\"_images_ntbth_112\">\n<li><a class=\"_link_ntbth_117\" href=\"https:\/\/www.vg.no\/forfatter\/ntb\" style=\"z-index:1\" title=\"NTB\" rel=\"nofollow noopener\" target=\"_blank\"><img alt=\"Bilde av NTB\" class=\"_image_ntbth_93\" fetchpriority=\"low\" loading=\"lazy\" decoding=\"async\" itemprop=\"image\"  src=\"https:\/\/www.europesays.com\/no\/wp-content\/uploads\/2026\/01\/1767639968_18_c33980b0-5d07-4027-84a1-813f90a7c8d6.png\"  width=\"480\"\/><\/a><\/li>\n<\/ul>\n<p> Oppdatert mandag 5. januar kl. 19:15     <\/p>\n<p class=\"_paragraph_o9xde_4 _paragraph_xtcu6_10 layout-component text-serif-m layout-normal text-serif-m layout-padded\">Cedergren er fra Snar\u00f8ya og ble en del av Stab\u00e6ks akademi f\u00f8r 2024-sesongen. I fjor sommer fikk han sin debut for A-laget i en cupkamp mot B\u00e6rum, der han ogs\u00e5 scoret. Senere fikk han fire kamper i 1. divisjon.<\/p>\n<p class=\"_paragraph_o9xde_4 _paragraph_xtcu6_10 layout-component text-serif-m layout-normal text-serif-m layout-padded\"> N\u00e5 flytter han til Tsjekkia og blir en del av Slavia Praha, <a href=\"https:\/\/www.stabak.no\/nyheter\/abel-cedergren-solgt-til-slavia-praha\" class=\"_link_o9xde_39\" rel=\"nofollow noopener\" target=\"_blank\">bekrefter Stab\u00e6k<\/a>. Klubben spiller i Champions League denne sesongen.<\/p>\n<p class=\"_paragraph_o9xde_4 _paragraph_xtcu6_10 layout-component text-serif-m layout-normal text-serif-m layout-padded\">TV 2 har tidligere erfart at Stab\u00e6k f\u00e5r over 20 millioner kroner for 16-\u00e5ringen. Han har spilt en del kamper for G15- og G16-landslagene.<\/p>\n<p class=\"_paragraph_o9xde_4 _paragraph_xtcu6_10 layout-component text-serif-m layout-normal text-serif-m layout-padded\">\u2013 Vi vil rette en stor takk til Snar\u00f8ya Sportsklubb og v\u00e5rt eget akademi for bidraget til Abels utvikling, og vi \u00f8nsker ham lykke til videre med nye utfordringer i Slavia Praha, sier Stab\u00e6ks sportssjef Thomas Finstad.<\/p>\n","protected":false},"excerpt":{"rendered":"Fotballtalentet Abel Cedergren (16) har signert for tsjekkiske Slavia Praha. Abel Cedergren (t.v.) er klar for Slavia Praha.&hellip;\n","protected":false},"author":2,"featured_media":129614,"comment_status":"","ping_status":"","sticky":false,"template":"","format":"standard","meta":{"footnotes":""},"categories":[5],"tags":[20,21,24,25,15,19,22,23,17,18,13,30,28,29,14,16,5833,1267,26,27],"class_list":{"0":"post-129613","1":"post","2":"type-post","3":"status-publish","4":"format-standard","5":"has-post-thumbnail","7":"category-overskrifter","8":"tag-breaking-news","9":"tag-breakingnews","10":"tag-featured-news","11":"tag-featurednews","12":"tag-headlines","13":"tag-hovedoppslag","14":"tag-latest-news","15":"tag-latestnews","16":"tag-main-news","17":"tag-mainnews","18":"tag-news","19":"tag-no","20":"tag-norge","21":"tag-norway","22":"tag-nyheter","23":"tag-overskrifter","24":"tag-slavia-praha","25":"tag-stabaek-fotball","26":"tag-top-stories","27":"tag-topstories"},"share_on_mastodon":{"url":"https:\/\/pubeurope.com\/@no\/115844060530567632","error":""},"_links":{"self":[{"href":"https:\/\/www.europesays.com\/no\/wp-json\/wp\/v2\/posts\/129613","targetHints":{"allow":["GET"]}}],"collection":[{"href":"https:\/\/www.europesays.com\/no\/wp-json\/wp\/v2\/posts"}],"about":[{"href":"https:\/\/www.europesays.com\/no\/wp-json\/wp\/v2\/types\/post"}],"author":[{"embeddable":true,"href":"https:\/\/www.europesays.com\/no\/wp-json\/wp\/v2\/users\/2"}],"replies":[{"embeddable":true,"href":"https:\/\/www.europesays.com\/no\/wp-json\/wp\/v2\/comments?post=129613"}],"version-history":[{"count":0,"href":"https:\/\/www.europesays.com\/no\/wp-json\/wp\/v2\/posts\/129613\/revisions"}],"wp:featuredmedia":[{"embeddable":true,"href":"https:\/\/www.europesays.com\/no\/wp-json\/wp\/v2\/media\/129614"}],"wp:attachment":[{"href":"https:\/\/www.europesays.com\/no\/wp-json\/wp\/v2\/media?parent=129613"}],"wp:term":[{"taxonomy":"category","embeddable":true,"href":"https:\/\/www.europesays.com\/no\/wp-json\/wp\/v2\/categories?post=129613"},{"taxonomy":"post_tag","embeddable":true,"href":"https:\/\/www.europesays.com\/no\/wp-json\/wp\/v2\/tags?post=129613"}],"curies":[{"name":"wp","href":"https:\/\/api.w.org\/{rel}","templated":true}]}}