{"id":129620,"date":"2026-01-05T19:12:15","date_gmt":"2026-01-05T19:12:15","guid":{"rendered":"https:\/\/www.europesays.com\/no\/129620\/"},"modified":"2026-01-05T19:12:15","modified_gmt":"2026-01-05T19:12:15","slug":"mann-tiltalt-for-bombetrussel-mot-slottet-i-oslo","status":"publish","type":"post","link":"https:\/\/www.europesays.com\/no\/129620\/","title":{"rendered":"Mann tiltalt for bombetrussel mot Slottet i Oslo"},"content":{"rendered":"<p>  Ole Gunnar Solskj\u00e6r (52) skal v\u00e6re \u00e5pen for \u00e5 ta jobben som midlertidig manager i Manchester United, hvis muligheten skulle by seg, if\u00f8lge overgangsekspert.<\/p>\n<p>\n    LEDIG P\u00c5 MARKEDET: Tidligere Manchester United-manager Ole Gunnar Solskj\u00e6r. Her p\u00e5 pressekonferanse under tida i Besiktas i fjor sommer. Foto: Marcin Golba \/ NurPhoto \/ Shutterstock \/ NTB\n  <\/p>\n<p>Nok en gang nevnes Ole Gunnar Solskj\u00e6r som et potensielt navn til \u00e5 ta over Manchester United etter at R\u00faben Amorim <a href=\"https:\/\/www.dagbladet.no\/sport\/sparket\/84055446\" target=\"_blank\" rel=\"nofollow noopener\">fikk sparken mandag<\/a>.<\/p>\n<p class=\"font-weight-bold m-font-weight-bold\" data-lab-font_weight=\"font-weight-bold\">B\u00e5de United-<a href=\"https:\/\/x.com\/richfay\/status\/2008211724613079111?s=46\" target=\"_blank\" rel=\"nofollow\">reporteren <\/a>Rich Fay og Fabrizio Romano melder mandag kveld at Solskj\u00e6r skal v\u00e6re \u00e5pen for \u00e5 returnere til de r\u00f8de djevlene p\u00e5 midlertidig basis.<\/p>\n<p>Men TV 2-kommentator \u00d8yvind Alsaker tviler p\u00e5 at det kommer til \u00e5 skje.<\/p>\n<p>&#8211; Den midlertidige \u00f8velsen har han allerede gjort. Da ser jeg heller for meg at han skal f\u00e5 jobben permanent. Han er en United-mann, s\u00e5 han vil stille opp, men jeg tror ikke det er s\u00e5 enkelt som at han sier ja til \u00e5 ta det til neste mann skal ta over. Enda en gang, sier Alsaker til Dagbladet.<\/p>\n<p>        <img loading=\"lazy\" decoding=\"async\" itemprop=\"image\" src=\"https:\/\/www.europesays.com\/no\/wp-content\/uploads\/2026\/01\/84059243.webp.webp\" width=\"180\" height=\"180\" alt=\"\u00d8yvind Alsaker\"\/><\/p>\n<p>            \u00d8yvind Alsaker<br \/>\n            \u00d8yvind<br \/>\n            Alsaker        <\/p>\n<p>Kommentator i TV 2<\/p>\n<p class=\"italic m-italic\" data-lab-italic=\"italic\">Dagbladet har spurt Solskj\u00e6rs agent Jim Solbakken om 52-\u00e5ringen vil v\u00e6re \u00e5pen for et United-comeback. Henvendelsen har forel\u00f8pig ikke blitt besvart.<\/p>\n<p>Men Alsaker n\u00e6rmest fastsl\u00e5r:<\/p>\n<p>&#8211; Jeg tror ingen av partene \u00f8nsker det. Det er for meg usannsynlig uansett hvordan du ser p\u00e5 det.<\/p>\n<p>Fabrizio Romano melder p\u00e5 egen <a href=\"https:\/\/www.youtube.com\/watch?v=Byc6yyMKpIA\" target=\"_blank\" rel=\"nofollow noopener\">YouTube-kanal<\/a>:<\/p>\n<p> &#8211; Hva jeg kan fortelle om historiene som g\u00e5r rundt i England er at Ole Gunnar Solskj\u00e6r vil v\u00e6re mer enn \u00e5pen til \u00e5 komme tilbake til Manchester United som midlertidig trener. Han vil v\u00e6re glad for \u00e5 hjelpe United igjen hvis han kan.<\/p>\n<p>Og:<\/p>\n<p>&#8211; Akkurat n\u00e5 er det ikke mer om \u00e5 rapportere om denne historien. Ingenting har blitt bestemt og ingen navn for den midlertidige jobben.<\/p>\n<p>&#8211; Selvf\u00f8lgelig ville han gjort det, av hva det jeg har h\u00f8rt. Men p\u00e5 dette tidspunktet er det opp tid United \u00e5 bestemme og per n\u00e5 har de ikke bestemt hva de vil gj\u00f8re neste. <\/p>\n<p>U18-trener Darren Fletcher tar over laget midlertidig og leder de r\u00f8dkledde mot Burnley onsdag, opplyste klubben.<\/p>\n","protected":false},"excerpt":{"rendered":"Ole Gunnar Solskj\u00e6r (52) skal v\u00e6re \u00e5pen for \u00e5 ta jobben som midlertidig manager i Manchester United, hvis&hellip;\n","protected":false},"author":2,"featured_media":129621,"comment_status":"","ping_status":"","sticky":false,"template":"","format":"standard","meta":{"footnotes":""},"categories":[10],"tags":[15074,20,21,24,25,15,479,22,23,13,30,28,29,14,16,404,945,26,27],"class_list":{"0":"post-129620","1":"post","2":"type-post","3":"status-publish","4":"format-standard","5":"has-post-thumbnail","7":"category-norge","8":"tag-bombetrussel","9":"tag-breaking-news","10":"tag-breakingnews","11":"tag-featured-news","12":"tag-featurednews","13":"tag-headlines","14":"tag-kjendis","15":"tag-latest-news","16":"tag-latestnews","17":"tag-news","18":"tag-no","19":"tag-norge","20":"tag-norway","21":"tag-nyheter","22":"tag-overskrifter","23":"tag-slottet","24":"tag-tiltale","25":"tag-top-stories","26":"tag-topstories"},"share_on_mastodon":{"url":"https:\/\/pubeurope.com\/@no\/115844084168007619","error":""},"_links":{"self":[{"href":"https:\/\/www.europesays.com\/no\/wp-json\/wp\/v2\/posts\/129620","targetHints":{"allow":["GET"]}}],"collection":[{"href":"https:\/\/www.europesays.com\/no\/wp-json\/wp\/v2\/posts"}],"about":[{"href":"https:\/\/www.europesays.com\/no\/wp-json\/wp\/v2\/types\/post"}],"author":[{"embeddable":true,"href":"https:\/\/www.europesays.com\/no\/wp-json\/wp\/v2\/users\/2"}],"replies":[{"embeddable":true,"href":"https:\/\/www.europesays.com\/no\/wp-json\/wp\/v2\/comments?post=129620"}],"version-history":[{"count":0,"href":"https:\/\/www.europesays.com\/no\/wp-json\/wp\/v2\/posts\/129620\/revisions"}],"wp:featuredmedia":[{"embeddable":true,"href":"https:\/\/www.europesays.com\/no\/wp-json\/wp\/v2\/media\/129621"}],"wp:attachment":[{"href":"https:\/\/www.europesays.com\/no\/wp-json\/wp\/v2\/media?parent=129620"}],"wp:term":[{"taxonomy":"category","embeddable":true,"href":"https:\/\/www.europesays.com\/no\/wp-json\/wp\/v2\/categories?post=129620"},{"taxonomy":"post_tag","embeddable":true,"href":"https:\/\/www.europesays.com\/no\/wp-json\/wp\/v2\/tags?post=129620"}],"curies":[{"name":"wp","href":"https:\/\/api.w.org\/{rel}","templated":true}]}}