{"id":129626,"date":"2026-01-05T19:18:07","date_gmt":"2026-01-05T19:18:07","guid":{"rendered":"https:\/\/www.europesays.com\/no\/129626\/"},"modified":"2026-01-05T19:18:07","modified_gmt":"2026-01-05T19:18:07","slug":"trumps-trusler-ma-tas-pa-storste-alvor","status":"publish","type":"post","link":"https:\/\/www.europesays.com\/no\/129626\/","title":{"rendered":"Trumps trusler m\u00e5 tas p\u00e5 st\u00f8rste alvor"},"content":{"rendered":"\n<ul class=\"_list_o9xde_3 _list_64s2r_85 _unordered_o9xde_106 text-sans-m\">\n<li class=\"_item_o9xde_30\">Professor Hilmar Mjelde mener Donald Trumps trusler om \u00e5 invadere andre land m\u00e5 tas p\u00e5 alvor.<\/li>\n<li class=\"_item_o9xde_30\">Trump virker spesielt interessert i Gr\u00f8nland, som tilh\u00f8rer Danmark.<\/li>\n<li class=\"_item_o9xde_30\">Tidligere har Trump  kommet med trusler mot en rekke andre land.<\/li>\n<\/ul>\n<p>Vis mer <\/p>\n<p class=\"_paragraph_o9xde_4 _paragraph_xtcu6_10 layout-component text-serif-m layout-normal text-serif-m layout-padded\">\u2013 Vi trenger Gr\u00f8nland, av hensyn til nasjonal sikkerhet, og Danmark kommer ikke til \u00e5 klare det, sa <a href=\"https:\/\/www.vg.no\/tag\/donald-trump-2?utm_source=vg-article&amp;utm_medium=auto-tagger&amp;utm_campaign=K83xv4\" class=\"_link_o9xde_39\" rel=\"nofollow noopener\" target=\"_blank\">Donald Trump<\/a> til journalister om bord p\u00e5 Air Force One, p\u00e5 vei fra feriestedet Mar-a-Lago til Washington. <\/p>\n<p class=\"_paragraph_o9xde_4 _paragraph_xtcu6_10 layout-component text-serif-m layout-normal text-serif-m layout-padded\">Danmarks statsminister Mette Frederiksen gikk s\u00f8ndag ut og <a href=\"https:\/\/www.vg.no\/nyheter\/i\/Pd98dX\/danmarks-statsminister-ber-usa-stoppe-groenland-truslene\" data-track-element-type=\"Link\" data-track-id=\"link:Pd98dX\" class=\"_link_o9xde_39\" rel=\"nofollow noopener\" target=\"_blank\">ba USA om \u00e5 stoppe truslene<\/a> mot en n\u00e6r NATO-alliert \u2013 uten at det dempet Donald Trump.<\/p>\n<p class=\"_paragraph_o9xde_4 _paragraph_xtcu6_10 layout-component text-serif-m layout-normal text-serif-m layout-padded\">Trump fortsatte flyturen med \u00e5 fortelle reporterne at Cuba \u00abst\u00e5r for fall\u00bb, og at Colombia blir styrt av \u00aben syk mann som liker \u00e5 lage kokain og selge det til USA\u00bb. <\/p>\n<p class=\"_paragraph_o9xde_4 _paragraph_xtcu6_10 layout-component text-serif-m layout-normal text-serif-m layout-padded\">\u2013 Han kommer ikke til \u00e5 gj\u00f8re det veldig lenge, sa Trump om Colombias president, Gustavo Petro.<\/p>\n<p class=\"_paragraph_o9xde_4 _paragraph_xtcu6_10 layout-component text-serif-m layout-normal text-serif-m layout-padded\">Trump sa ogs\u00e5 at USA m\u00e5tte gj\u00f8re noe med Mexico.<\/p>\n<p>\u2013 Trump kommer ikke med tomme trusler<\/p>\n<p class=\"_paragraph_o9xde_4 _paragraph_xtcu6_10 layout-component text-serif-m layout-normal text-serif-m layout-padded\">For professor Hilmar Mjelde er dette langt mer enn l\u00f8s retorikk. <\/p>\n<p class=\"_paragraph_o9xde_4 _paragraph_xtcu6_10 layout-component text-serif-m layout-normal text-serif-m layout-padded\">\u2013 N\u00e5r stormakter begynner \u00e5 snakke om \u00e5 invadere n\u00e6romr\u00e5der, tilsier historien at det m\u00e5 tas p\u00e5 st\u00f8rste alvor. Det ville v\u00e6re grov embetsfors\u00f8mmelse ikke \u00e5 gj\u00f8re det, sier Hilmar Mjelde, professor i statsvitenskap ved H\u00f8gskulen p\u00e5 Vestlandet, til VG.<\/p>\n<p class=\"_paragraph_o9xde_4 _paragraph_xtcu6_10 layout-component text-serif-m layout-normal text-serif-m layout-padded\">\u2013 Spesielt det at Trump gjentar at han trenger Gr\u00f8nland, er et typisk tegn p\u00e5 at noe er i emning, mener Mjelde.<\/p>\n<p class=\"_paragraph_o9xde_4 _paragraph_xtcu6_10 layout-component text-serif-m layout-normal text-serif-m layout-padded\">Han mener kallenavnet TACO (Trump Always Chickens Out) er sv\u00e6rt misvisende.<\/p>\n<p class=\"_paragraph_o9xde_4 _paragraph_xtcu6_10 layout-component text-serif-m layout-normal text-serif-m layout-padded\">\u2013 Det er ikke korrekt at Trump kommer med tomme trusler. Han gj\u00f8r tvert imot ofte alvor av sine l\u00f8fter og trusler, p\u00e5peker professoren.<\/p>\n<p><img decoding=\"async\" alt=\"Bilde av Hilmar Mjelde\" class=\"_image_ygndg_42\" height=\"47\" itemprop=\"image\" loading=\"lazy\"  src=\"https:\/\/www.europesays.com\/no\/wp-content\/uploads\/2026\/01\/6fd54808-cd31-4796-9ffa-6ccc88e8b5a9.jpeg\"  width=\"40\"\/><strong class=\"_name_ygndg_51 title-serif-xs\">Hilmar Mjelde<\/strong><\/p>\n<p class=\"_paragraph_o9xde_4 text-sans-m _description_ygndg_56\">Professor i statsvitenskap<\/p>\n<p class=\"_paragraph_o9xde_4 _paragraph_xtcu6_10 layout-component text-serif-m layout-normal text-serif-m layout-padded\">Hilmar Mjelde mener Donald Trumps m\u00e5l er \u00e5 sikre seg tilgang naturressurser, og at han \u00f8nsker \u00e5 bli husket som en betydningsfull president.<\/p>\n<p class=\"_paragraph_o9xde_4 _paragraph_xtcu6_10 layout-component text-serif-m layout-normal text-serif-m layout-padded\">\u2013 Presidentene huskes ofte mer for det de gj\u00f8r utenriks enn innenriks. Trump har et stort bilde av president James Polk p\u00e5 Det ovale kontor. Polk utvidet USAs territorium mer enn noen annen president og Trump sier han beundrer Polk, sier Mjelde.<\/p>\n<p class=\"_paragraph_o9xde_4 _paragraph_xtcu6_10 layout-component text-serif-m layout-normal layout-padded\"><strong class=\"_strong_o9xde_25\">Les ogs\u00e5:<\/strong> <a href=\"https:\/\/www.vg.no\/i\/q6LlQL\" data-track-element-type=\"Link\" data-track-id=\"link:q6LlQL\" class=\"_link_o9xde_39\" rel=\"nofollow noopener\" target=\"_blank\">Vil v\u00e6re slutten for alliansen<\/a><\/p>\n<p class=\"_paragraph_o9xde_4 _paragraph_xtcu6_10 layout-component text-serif-m layout-normal text-serif-m layout-padded\">Om to uker har Donald Trumps andre presidentperiode vart i ett \u00e5r. Siden han tiltr\u00e5dte, har Trump lansert en rekke planer for \u00e5 utvide USAs politiske makt og landets territorium.<\/p>\n<p><strong class=\"_strong_o9xde_25\">Canada<\/strong><\/p>\n<p class=\"_paragraph_o9xde_4 _paragraph_xtcu6_10 layout-component text-serif-m layout-normal text-serif-m layout-padded\">Trump har flere ganger uttalt at han \u00f8nsker \u00e5 annektere Canada til USA som landets 51. stat. Han innf\u00f8rte ogs\u00e5 en tollsats p\u00e5 25 prosent p\u00e5 alle varer fra nabolandet. Flere har ment at det m\u00e5 v\u00e6re en sp\u00f8k, men Trump har understreket at han mener det seri\u00f8st.<\/p>\n<p><strong class=\"_strong_o9xde_25\">Gr\u00f8nland<\/strong><\/p>\n<p class=\"_paragraph_o9xde_4 _paragraph_xtcu6_10 layout-component text-serif-m layout-normal text-serif-m layout-padded\">Donald Trump har gjentatte ganger sagt at USA trenger Gr\u00f8nland, blant annet fordi han hevder det er \u00f8kt russisk og kinesisk aktivitet i omr\u00e5det. P\u00e5 Air Force One natt til mandag norsk tid sa han at situasjonen i Venezuela er viktigst n\u00e5, men Gr\u00f8nland, som er verdens st\u00f8rste \u00f8y og rikt p\u00e5 naturressurser, er ikke glemt av Trump.<\/p>\n<p class=\"_paragraph_o9xde_4 _paragraph_xtcu6_10 layout-component text-serif-m layout-normal text-serif-m layout-padded\">\u2013 Vi skal bekymre oss for Gr\u00f8nland om rundt to m\u00e5neder. La oss snakke om Gr\u00f8nland om 20 dager, sa Trump til journalistene om bord i flyet.<\/p>\n<p class=\"_paragraph_o9xde_4 _paragraph_xtcu6_10 layout-component text-serif-m layout-normal text-serif-m layout-padded\">Hilmar Mjelde mener at Trump ogs\u00e5 kan v\u00e6re interessert i Svalbard og Island.<\/p>\n<p class=\"_paragraph_o9xde_4 _paragraph_xtcu6_10 layout-component text-serif-m layout-normal text-serif-m layout-padded\">\u2013 Det er ingen logikk i at han vil ha Gr\u00f8nland, men at Svalbard og Island skulle v\u00e6re helt trygge. De er n\u00e6re nok USA til at Trump kan fatte interesse for dem, sier professoren i statsvitenskap til VG.<\/p>\n<p class=\"_paragraph_o9xde_4 _paragraph_xtcu6_10 layout-component text-serif-m layout-normal text-serif-m layout-padded\"><strong class=\"_strong_o9xde_25\">Slik ville kartet sett ut om USA annekterte Canada og Gr\u00f8nland:<\/strong><\/p>\n<p><strong class=\"_strong_o9xde_25\">Colombia<\/strong><\/p>\n<p class=\"_paragraph_o9xde_4 _paragraph_xtcu6_10 layout-component text-serif-m layout-normal text-serif-m layout-padded\">Colombia har v\u00e6rt hjemsted for noen av verdens st\u00f8rste narkokarteller siden 80-tallet, og en stor andel av kokainsmuglingen til USA kommer derfra. Trump legger ikke skjul p\u00e5 at han \u00f8nsker \u00e5 bli kvitt landets president, Gustavo Petro. Da han i natt ble spurt om det var aktuelt med milit\u00e6r aksjon i Colombia, svarte Trump:<\/p>\n<p class=\"_paragraph_o9xde_4 _paragraph_xtcu6_10 layout-component text-serif-m layout-normal text-serif-m layout-padded\">\u2013 H\u00f8res bra ut for meg.<\/p>\n<p><strong class=\"_strong_o9xde_25\">Venezuela<\/strong><\/p>\n<p class=\"_paragraph_o9xde_4 _paragraph_xtcu6_10 layout-component text-serif-m layout-normal text-serif-m layout-padded\">USA startet 2026 med \u00e5 g\u00e5 inn i Venezuela med milit\u00e6re spesialstyrker, som hentet ut Nicol\u00e1s Maduro og tok ham med til USA. Trump uttalte at de kom til \u00ab\u00e5 styre\u00bb Venezuela midlertidig og har truet med nye milit\u00e6re aksjoner hvis landets nye ledelse ikke f\u00f8lger USAs instrukser. Maduro, som var president i Venezuela, vil bli stilt for retten i New York, anklaget for \u00e5 styre en kriminell narkotikaorganisasjon.<\/p>\n<p><strong class=\"_strong_o9xde_25\">Mexico<\/strong><\/p>\n<p class=\"_paragraph_o9xde_4 _paragraph_xtcu6_10 layout-component text-serif-m layout-normal text-serif-m layout-padded\">Donald Trump har uttalt at USA subsidierer Mexico og at det burde bli \u00e9n av USAs stater. Han endret ogs\u00e5 navnet p\u00e5 \u00abGulf of Mexico\u00bb til \u00abGulf of America\u00bb etter at han tok over som president i januar. I natt gjentok Trump at USA \u00abm\u00e5 gj\u00f8re noe med Mexico\u00bb, og at \u00abMexico m\u00e5 f\u00e5 tingene sine p\u00e5 stell\u00bb.<\/p>\n<p><strong class=\"_strong_o9xde_25\">Cuba<\/strong><\/p>\n<p class=\"_paragraph_o9xde_4 _paragraph_xtcu6_10 layout-component text-serif-m layout-normal text-serif-m layout-padded\">USAs utenriksminister Marco Rubio, som selv er s\u00f8nn av cubanske migranter til USA, har lenge v\u00e6rt sterk motstander av regimene i Cuba og Venezuela. Han advarte Cubas regjering etter USAs milit\u00e6re aksjon i Venezuela.<\/p>\n<p class=\"_paragraph_o9xde_4 _paragraph_xtcu6_10 layout-component text-serif-m layout-normal text-serif-m layout-padded\">\u2013 Hvis jeg bodde i Havanna og jeg var i regjeringen, ville jeg v\u00e6rt i hvert fall litt bekymret, sa Rubio.<\/p>\n<p class=\"_paragraph_o9xde_4 _paragraph_xtcu6_10 layout-component text-serif-m layout-normal text-serif-m layout-padded\">I natt sa Trump at det ikke trengs noen milit\u00e6raksjon mot Cuba, fordi landet ser ut til \u00e5 kollapse allerede.<\/p>\n<p><strong class=\"_strong_o9xde_25\">Panama<\/strong><\/p>\n<p class=\"_paragraph_o9xde_4 _paragraph_xtcu6_10 layout-component text-serif-m layout-normal text-serif-m layout-padded\">Allerede f\u00f8r han offisielt tok over presidentvervet i januar i fjor, krevde Donald Trump at Panama returnerte kontrollen over Panama-kanalen til USA. Panamakanalen er en av verdens viktigste handelsruter og gj\u00f8r at skip slipper \u00e5 ta den lange reisen rundt S\u00f8r-Amerika. USA overdro kanalen til Panama i 1999. Etter press fra USA har det amerikanske finansfirmaet BlackRock overtatt to kinesiskeide havner i hver sin ende av Panama-kanalen.<\/p>\n<p><strong class=\"_strong_o9xde_25\">Iran<\/strong><\/p>\n<p class=\"_paragraph_o9xde_4 _paragraph_xtcu6_10 layout-component text-serif-m layout-normal text-serif-m layout-padded\">I helgen sa Donald Trump at Iran kommer til \u00e5 bli rammet hardt av USA dersom flere demonstranter blir drept i landet. Demonstrantene protesterer mot d\u00e5rlig \u00f8konomi og krever politiske reformer. USA gjennomf\u00f8rte luftangrep mot Iran i fjor sommer og bombet flere atomanlegg.<\/p>\n<p><strong class=\"_strong_o9xde_25\">Gaza<\/strong><\/p>\n<p class=\"_paragraph_o9xde_4 _paragraph_xtcu6_10 layout-component text-serif-m layout-normal text-serif-m layout-padded\">I februar i fjor truet Donald Trump med \u00e5 ta over Gaza-stripen og gj\u00f8re det om til en \u00abMidt\u00f8stens riviera\u00bb \u2013 eid av USA. I oktober i fjor gikk Israel og Hamas med p\u00e5 et amerikansk forslag til fredsavtale i Gaza, der det fremg\u00e5r at ingen skal tvinges til \u00e5 forlate Gaza. Trump sa i romjulen at rekonstruksjonen av Gaza snart vil begynne. Hvordan det skal skje, er ikke kjent.<\/p>\n<p>Les ogs\u00e5<\/p>\n","protected":false},"excerpt":{"rendered":"Professor Hilmar Mjelde mener Donald Trumps trusler om \u00e5 invadere andre land m\u00e5 tas p\u00e5 alvor. Trump virker&hellip;\n","protected":false},"author":2,"featured_media":129627,"comment_status":"","ping_status":"","sticky":false,"template":"","format":"standard","meta":{"footnotes":""},"categories":[12],"tags":[20,21,1456,2823,10129,55,24,25,2112,15,22,23,5881,13,30,28,29,14,16,15076,1644,26,27,50,95,42,43,44,45],"class_list":{"0":"post-129626","1":"post","2":"type-post","3":"status-publish","4":"format-standard","5":"has-post-thumbnail","7":"category-verden","8":"tag-breaking-news","9":"tag-breakingnews","10":"tag-canada","11":"tag-colombia","12":"tag-cuba","13":"tag-donald-trump","14":"tag-featured-news","15":"tag-featurednews","16":"tag-gronland","17":"tag-headlines","18":"tag-latest-news","19":"tag-latestnews","20":"tag-mexico","21":"tag-news","22":"tag-no","23":"tag-norge","24":"tag-norway","25":"tag-nyheter","26":"tag-overskrifter","27":"tag-panama","28":"tag-svalbard","29":"tag-top-stories","30":"tag-topstories","31":"tag-usa","32":"tag-venezuela","33":"tag-verden","34":"tag-world","35":"tag-world-news","36":"tag-worldnews"},"share_on_mastodon":{"url":"https:\/\/pubeurope.com\/@no\/115844107675883761","error":""},"_links":{"self":[{"href":"https:\/\/www.europesays.com\/no\/wp-json\/wp\/v2\/posts\/129626","targetHints":{"allow":["GET"]}}],"collection":[{"href":"https:\/\/www.europesays.com\/no\/wp-json\/wp\/v2\/posts"}],"about":[{"href":"https:\/\/www.europesays.com\/no\/wp-json\/wp\/v2\/types\/post"}],"author":[{"embeddable":true,"href":"https:\/\/www.europesays.com\/no\/wp-json\/wp\/v2\/users\/2"}],"replies":[{"embeddable":true,"href":"https:\/\/www.europesays.com\/no\/wp-json\/wp\/v2\/comments?post=129626"}],"version-history":[{"count":0,"href":"https:\/\/www.europesays.com\/no\/wp-json\/wp\/v2\/posts\/129626\/revisions"}],"wp:featuredmedia":[{"embeddable":true,"href":"https:\/\/www.europesays.com\/no\/wp-json\/wp\/v2\/media\/129627"}],"wp:attachment":[{"href":"https:\/\/www.europesays.com\/no\/wp-json\/wp\/v2\/media?parent=129626"}],"wp:term":[{"taxonomy":"category","embeddable":true,"href":"https:\/\/www.europesays.com\/no\/wp-json\/wp\/v2\/categories?post=129626"},{"taxonomy":"post_tag","embeddable":true,"href":"https:\/\/www.europesays.com\/no\/wp-json\/wp\/v2\/tags?post=129626"}],"curies":[{"name":"wp","href":"https:\/\/api.w.org\/{rel}","templated":true}]}}