{"id":129628,"date":"2026-01-05T19:19:11","date_gmt":"2026-01-05T19:19:11","guid":{"rendered":"https:\/\/www.europesays.com\/no\/129628\/"},"modified":"2026-01-05T19:19:11","modified_gmt":"2026-01-05T19:19:11","slug":"saltdal-politi-trailer-kjorte-i-grofta-pa-e6","status":"publish","type":"post","link":"https:\/\/www.europesays.com\/no\/129628\/","title":{"rendered":"Saltdal, Politi | Trailer kj\u00f8rte i gr\u00f8fta p\u00e5 E6"},"content":{"rendered":"\n<p>Mandag kveld rykket politiet ut til Sets\u00e5 i Saltdal hvor en trailer har kj\u00f8rt i gr\u00f8fta.<\/p>\n<p>If\u00f8lge politiet er det kun materielle skader som f\u00f8lge av uhellet.<\/p>\n<p>Sj\u00e5f\u00f8ren er uskadd.<\/p>\n<p>I skrivende stund, klokken 18.24, st\u00e5r traileren utenfor veien og det kan bli redusert framkommelighet p\u00e5 stedet ved en eventuell berging.<\/p>\n<p>Statens vegvesen melder at det er ett stengt kj\u00f8refelt p\u00e5 stedet.<\/p>\n<p>I 20-tiden melder trafikkoperat\u00f8r Frode Jensen i Vegtrafikksentralen Nord at det er bestilt berging.<\/p>\n<p>\u2013 Det kan ta en stund f\u00f8r bergingen starter. Mens bergingen p\u00e5g\u00e5r kan veien bli stengt i perioder, forteller trafikkoperat\u00f8ren.<\/p>\n","protected":false},"excerpt":{"rendered":"Mandag kveld rykket politiet ut til Sets\u00e5 i Saltdal hvor en trailer har kj\u00f8rt i gr\u00f8fta. If\u00f8lge politiet&hellip;\n","protected":false},"author":2,"featured_media":129629,"comment_status":"","ping_status":"","sticky":false,"template":"","format":"standard","meta":{"footnotes":""},"categories":[10],"tags":[36,20,21,24,25,15,22,23,13,30,28,29,14,16,254,664,1510,26,27,224],"class_list":{"0":"post-129628","1":"post","2":"type-post","3":"status-publish","4":"format-standard","5":"has-post-thumbnail","7":"category-norge","8":"tag-art","9":"tag-breaking-news","10":"tag-breakingnews","11":"tag-featured-news","12":"tag-featurednews","13":"tag-headlines","14":"tag-latest-news","15":"tag-latestnews","16":"tag-news","17":"tag-no","18":"tag-norge","19":"tag-norway","20":"tag-nyheter","21":"tag-overskrifter","22":"tag-politi","23":"tag-saltdal","24":"tag-story","25":"tag-top-stories","26":"tag-topstories","27":"tag-trafikk"},"share_on_mastodon":{"url":"https:\/\/pubeurope.com\/@no\/115844111843439660","error":""},"_links":{"self":[{"href":"https:\/\/www.europesays.com\/no\/wp-json\/wp\/v2\/posts\/129628","targetHints":{"allow":["GET"]}}],"collection":[{"href":"https:\/\/www.europesays.com\/no\/wp-json\/wp\/v2\/posts"}],"about":[{"href":"https:\/\/www.europesays.com\/no\/wp-json\/wp\/v2\/types\/post"}],"author":[{"embeddable":true,"href":"https:\/\/www.europesays.com\/no\/wp-json\/wp\/v2\/users\/2"}],"replies":[{"embeddable":true,"href":"https:\/\/www.europesays.com\/no\/wp-json\/wp\/v2\/comments?post=129628"}],"version-history":[{"count":0,"href":"https:\/\/www.europesays.com\/no\/wp-json\/wp\/v2\/posts\/129628\/revisions"}],"wp:featuredmedia":[{"embeddable":true,"href":"https:\/\/www.europesays.com\/no\/wp-json\/wp\/v2\/media\/129629"}],"wp:attachment":[{"href":"https:\/\/www.europesays.com\/no\/wp-json\/wp\/v2\/media?parent=129628"}],"wp:term":[{"taxonomy":"category","embeddable":true,"href":"https:\/\/www.europesays.com\/no\/wp-json\/wp\/v2\/categories?post=129628"},{"taxonomy":"post_tag","embeddable":true,"href":"https:\/\/www.europesays.com\/no\/wp-json\/wp\/v2\/tags?post=129628"}],"curies":[{"name":"wp","href":"https:\/\/api.w.org\/{rel}","templated":true}]}}