{"id":129638,"date":"2026-01-05T19:27:08","date_gmt":"2026-01-05T19:27:08","guid":{"rendered":"https:\/\/www.europesays.com\/no\/129638\/"},"modified":"2026-01-05T19:27:08","modified_gmt":"2026-01-05T19:27:08","slug":"josko-gvardiol-ma-operere-etter-brudd-i-leggbeinet","status":"publish","type":"post","link":"https:\/\/www.europesays.com\/no\/129638\/","title":{"rendered":"Josko Gvardiol m\u00e5 operere etter brudd i leggbeinet"},"content":{"rendered":"\n<p class=\"_lead_o9xde_2 _lead_xtcu6_50 layout-component text-serif-m layout-normal text-serif-l layout-component layout-wide layout-padded _wide_17hqh_1 layout-padded\">Josko Gvardiol blir borte fra fotballbanen en periode som f\u00f8lge av skaden han p\u00e5dro seg i Manchester Citys kamp mot Chelsea s\u00f8ndag.<\/p>\n<p><img alt=\"Josko Gvardiol har p\u00e5dratt seg et brudd i leggbeinet.  Foto: Dave Thompson \/ AP \/ NTB\" class=\"_image_qp4xg_65 layout-component layout-wide\" data-fullscreen- data-track-element-type=\"Article image fullscreen\" data-track-name=\"ImageFullscreen\" fetchpriority=\"high\" decoding=\"sync\" loading=\"eager\" height=\"2375\" itemprop=\"image\"  src=\"https:\/\/www.europesays.com\/no\/wp-content\/uploads\/2026\/01\/31ed9489-fd70-4b9d-ad17-03d87891b8b7.jpeg\"  style=\"object-position:0% 0%\" width=\"3563\"\/>Josko Gvardiol har p\u00e5dratt seg et brudd i leggbeinet.  Foto: Dave Thompson \/ AP \/ NTB<\/p>\n<ul aria-hidden=\"true\" class=\"_images_ntbth_112\">\n<li><a class=\"_link_ntbth_117\" href=\"https:\/\/www.vg.no\/forfatter\/ntb\" style=\"z-index:1\" title=\"NTB\" rel=\"nofollow noopener\" target=\"_blank\"><img alt=\"Bilde av NTB\" class=\"_image_ntbth_93\" fetchpriority=\"low\" loading=\"lazy\" decoding=\"async\" itemprop=\"image\"  src=\"https:\/\/www.europesays.com\/no\/wp-content\/uploads\/2026\/01\/1767641228_28_c33980b0-5d07-4027-84a1-813f90a7c8d6.png\"  width=\"480\"\/><\/a><\/li>\n<\/ul>\n<p> Oppdatert mandag 5. januar kl. 20:13     <\/p>\n<p class=\"_paragraph_o9xde_4 _paragraph_xtcu6_10 layout-component text-serif-m layout-normal text-serif-m layout-padded\"><a href=\"https:\/\/www.mancity.com\/news\/mens\/josko-gvardiol-update-man-city-63903228\/?utm_source=x&amp;utm_medium=organic_social\" class=\"_link_o9xde_39\" rel=\"nofollow noopener\" target=\"_blank\">City bekrefter mandag<\/a> at kroaten har v\u00e6rt gjennom unders\u00f8kelser og at det er avdekket brudd i leggbeinet. Klubben opplyser samtidig at Gvardiol skal opereres senere i uken.<\/p>\n<p class=\"_paragraph_o9xde_4 _paragraph_xtcu6_10 layout-component text-serif-m layout-normal text-serif-m layout-padded\">Det er ikke klart hvor lenge Gvardiol er ute av spill. Klubben melder at man vil komme tilbake til det etter operasjonen.<\/p>\n<p class=\"_paragraph_o9xde_4 _paragraph_xtcu6_10 layout-component text-serif-m layout-normal text-serif-m layout-padded\">\u00abAlle i klubben \u00f8nsker Josko det beste i rehabiliteringen\u00bb, heter det i meldingen.<\/p>\n<p class=\"_paragraph_o9xde_4 _paragraph_xtcu6_10 layout-component text-serif-m layout-normal text-serif-m layout-padded\">Midtstopperen fikk en smell i en duell like etter pause i s\u00f8ndagens kamp og greide ikke belaste h\u00f8yrefoten. Kroaten s\u00e5 nedbrutt ut da han gikk av banen.<\/p>\n<p class=\"_paragraph_o9xde_4 _paragraph_xtcu6_10 layout-component text-serif-m layout-normal text-serif-m layout-padded\">I tillegg m\u00e5tte stoppermakker Ruben Dias byttes ut med en kjenning.<\/p>\n<p class=\"_paragraph_o9xde_4 _paragraph_xtcu6_10 layout-component text-serif-m layout-normal text-serif-m layout-padded\">City-manager Pep Guardiola var i etterkant frustrert av skadeplagene laget har hatt den siste tiden.<\/p>\n<p class=\"_paragraph_o9xde_4 _paragraph_xtcu6_10 layout-component text-serif-m layout-normal text-serif-m layout-padded\">\u2013 Har du sett benken i dag? Fire spillere fra akademiet, og n\u00e5 f\u00e5r vi flere. Vi har ikke spillere, sa han p\u00e5 pressekonferansen.<\/p>\n","protected":false},"excerpt":{"rendered":"Josko Gvardiol blir borte fra fotballbanen en periode som f\u00f8lge av skaden han p\u00e5dro seg i Manchester Citys&hellip;\n","protected":false},"author":2,"featured_media":129639,"comment_status":"","ping_status":"","sticky":false,"template":"","format":"standard","meta":{"footnotes":""},"categories":[5],"tags":[20,21,24,25,15,19,15077,22,23,17,18,671,13,30,28,29,14,16,161,26,27],"class_list":{"0":"post-129638","1":"post","2":"type-post","3":"status-publish","4":"format-standard","5":"has-post-thumbnail","7":"category-overskrifter","8":"tag-breaking-news","9":"tag-breakingnews","10":"tag-featured-news","11":"tag-featurednews","12":"tag-headlines","13":"tag-hovedoppslag","14":"tag-josko-gvardiol","15":"tag-latest-news","16":"tag-latestnews","17":"tag-main-news","18":"tag-mainnews","19":"tag-manchester-city","20":"tag-news","21":"tag-no","22":"tag-norge","23":"tag-norway","24":"tag-nyheter","25":"tag-overskrifter","26":"tag-premier-league","27":"tag-top-stories","28":"tag-topstories"},"share_on_mastodon":{"url":"https:\/\/pubeurope.com\/@no\/115844143015725474","error":""},"_links":{"self":[{"href":"https:\/\/www.europesays.com\/no\/wp-json\/wp\/v2\/posts\/129638","targetHints":{"allow":["GET"]}}],"collection":[{"href":"https:\/\/www.europesays.com\/no\/wp-json\/wp\/v2\/posts"}],"about":[{"href":"https:\/\/www.europesays.com\/no\/wp-json\/wp\/v2\/types\/post"}],"author":[{"embeddable":true,"href":"https:\/\/www.europesays.com\/no\/wp-json\/wp\/v2\/users\/2"}],"replies":[{"embeddable":true,"href":"https:\/\/www.europesays.com\/no\/wp-json\/wp\/v2\/comments?post=129638"}],"version-history":[{"count":0,"href":"https:\/\/www.europesays.com\/no\/wp-json\/wp\/v2\/posts\/129638\/revisions"}],"wp:featuredmedia":[{"embeddable":true,"href":"https:\/\/www.europesays.com\/no\/wp-json\/wp\/v2\/media\/129639"}],"wp:attachment":[{"href":"https:\/\/www.europesays.com\/no\/wp-json\/wp\/v2\/media?parent=129638"}],"wp:term":[{"taxonomy":"category","embeddable":true,"href":"https:\/\/www.europesays.com\/no\/wp-json\/wp\/v2\/categories?post=129638"},{"taxonomy":"post_tag","embeddable":true,"href":"https:\/\/www.europesays.com\/no\/wp-json\/wp\/v2\/tags?post=129638"}],"curies":[{"name":"wp","href":"https:\/\/api.w.org\/{rel}","templated":true}]}}