{"id":129640,"date":"2026-01-05T19:32:21","date_gmt":"2026-01-05T19:32:21","guid":{"rendered":"https:\/\/www.europesays.com\/no\/129640\/"},"modified":"2026-01-05T19:32:21","modified_gmt":"2026-01-05T19:32:21","slug":"george-clooney-svarer-trump-etter-a-ha-fatt-fransk-statsborgerskap-2","status":"publish","type":"post","link":"https:\/\/www.europesays.com\/no\/129640\/","title":{"rendered":"George Clooney svarer Trump etter \u00e5 ha f\u00e5tt fransk statsborgerskap"},"content":{"rendered":"<p class=\"kicker \" style=\"\">George Clooney:<\/p>\n<p>  Filmstjernen svarer p\u00e5 Trumps harde melding etter Clooney-familien fikk nye statsborgerskap.<\/p>\n<p>\n    FRANSKE: Clooney-familien kan n\u00e5 kalle seg franske statsborgere. Foto: Alberto Pezzali\/Invision\/NTB\n  <\/p>\n<p>Den nest siste dagen i 2025 meldte <a href=\"https:\/\/www.cbsnews.com\/news\/george-clooney-wife-twins-french-citizenship\/?\" rel=\"nofollow noopener\" target=\"_blank\">CBS News<\/a>\u00a0at Hollywood-stjernen George Clooney (64), kona Amal (47) og tvillingene Alexander og Ella (8) har f\u00e5tt fransk statsborgerskap og <a href=\"https:\/\/www.dagbladet.no\/kjendis\/clooney-stikk-gode-nyheter\/84044674\" rel=\"nofollow noopener\" target=\"_blank\">flytter til Frankrike.<\/a><\/p>\n<p>    <a itemprop=\"url\" href=\"https:\/\/www.seher.no\/kjendis\/i-sorg-min-helt\/84015918\" rel=\"nofollow noopener\" target=\"_blank\"><\/p>\n<p>        <img loading=\"lazy\" decoding=\"async\" src=\"https:\/\/www.europesays.com\/no\/wp-content\/uploads\/2026\/01\/84015893.webp.webp\" width=\"980\" height=\"441\" title=\"I sorg: - Min helt\" alt=\"\" class=\"lazyload\" style=\"--aspect-ratio-image: 2.22; \"\/><\/p>\n<p>        I sorg: &#8211; Min helt<\/p>\n<p>    <\/a><\/p>\n<p>31. desember skrev president Donald Trump (79) en lengre melding p\u00e5 Truth Social hvor han kalte paret \u00abto av de verste politiske sp\u00e5mennene gjennom tidene\u00bb. Han skrev ogs\u00e5 at det var\u00a0\u00abgode nyheter\u00bb at familien hadde blitt franske statsborgere.<\/p>\n<p>        \u00abHELT PERFEKT\u00bb: Influenser Alexandra Joner tar oss med bak i kulissene og kommer med en avsl\u00f8ring fra settet. Video: R\u00f8d L\u00f8per<\/p>\n<p class=\"font-weight-bold m-font-weight-bold\" data-lab-font_weight=\"font-weight-bold\">N\u00e5 har filmstjernen respondert p\u00e5 kommentarene fra presidenten.<\/p>\n<p>Angrep p\u00e5 karriere\t<\/p>\n<p>&#8211; Jeg er helt enig med den n\u00e5v\u00e6rende presidenten. Vi m\u00e5 gj\u00f8re Amerika bra igjen. Vi starter i november, svarte Clooney i en uttalelse 2. januar, if\u00f8lge <a href=\"https:\/\/people.com\/george-clooney-hits-back-after-donald-trump-celebrates-his-french-citizenship-11878315\" rel=\"nofollow noopener\" target=\"_blank\">People<\/a>.<\/p>\n<p>    <a itemprop=\"url\" href=\"https:\/\/www.seher.no\/kjendis\/ferdig-kysser-ikke-kvinner-lenger\/83984907\" rel=\"nofollow noopener\" target=\"_blank\"><\/p>\n<p>        <img loading=\"lazy\" decoding=\"async\" src=\"https:\/\/www.europesays.com\/no\/wp-content\/uploads\/2026\/01\/83984172.webp.webp\" width=\"980\" height=\"441\" title=\"Kona fikk nok: Ikke mer kyssing\" alt=\"\" class=\"lazyload\" style=\"--aspect-ratio-image: 2.22; \"\/><\/p>\n<p>        Kona fikk nok: Ikke mer kyssing<\/p>\n<p>    <\/a><\/p>\n<p>Svaret fra 64-\u00e5ringen kom f\u00f8rst etter at Trump skrev at det var\u00a0\u00abgode nyheter\u00bb at familien hadde f\u00e5tt franske statsborgerskap.<\/p>\n<p>Presidenten valgte ogs\u00e5 \u00e5 g\u00e5 til angrep p\u00e5 Clooneys karriere i innlegget sitt.<\/p>\n<p>        <img loading=\"lazy\" decoding=\"async\" src=\"https:\/\/www.europesays.com\/no\/wp-content\/uploads\/2026\/01\/84050654.webp.webp\" width=\"667\" height=\"381\" title=\"FORN\u00d8YD: President Trump syntes det var positivt at Clooney-paret har flyttet til Frankrike. Foto: Leon Neal \/ NTB\" alt=\"\" class=\"\" style=\"--aspect-ratio-image: 1.75; \"\/><\/p>\n<p>\n        FORN\u00d8YD: President Trump syntes det var positivt at Clooney-paret har flyttet til Frankrike. Foto: Leon Neal \/ NTB\n    <\/p>\n<p>&#8211;\u00a0Han var ingen filmstjerne i det hele tatt, bare en gjennomsnittlig fyr som konstant klaget over sunn fornuft i politikken, skrev han.<\/p>\n<p>H\u00f8ylytt Trump-kritiker\t<\/p>\n<p>George Clooney har lenge v\u00e6rt kritiker av den n\u00e5v\u00e6rende amerikanske presidenten. I 2021 sa han at Trump-navnet for alltid ville bli forbundet med oppr\u00f8ret 6. januar, hvor Trump-tilhengere utf\u00f8rte et <a href=\"https:\/\/www.dagbladet.no\/nyheter\/tidslinja-dette-skjedde\/73253543\" rel=\"nofollow noopener\" target=\"_blank\">voldelig angrep p\u00e5 Kongressbygningen i Washington, D.C.<\/a><\/p>\n<p>    <a itemprop=\"url\" href=\"https:\/\/www.seher.no\/kjendis\/pyntet-for-en-god-sak\/83787691\" rel=\"nofollow noopener\" target=\"_blank\"><\/p>\n<p>        <img loading=\"lazy\" decoding=\"async\" src=\"https:\/\/www.europesays.com\/no\/wp-content\/uploads\/2026\/01\/83787706.webp.webp\" width=\"980\" height=\"441\" title=\"Pyntet for en god sak\" alt=\"\" class=\"lazyload\" style=\"--aspect-ratio-image: 2.22; \"\/><\/p>\n<p>        Pyntet for en god sak<\/p>\n<p>    <\/a><\/p>\n<p class=\"font-weight-normal m-font-weight-normal\" data-lab-font_weight=\"font-weight-normal\">Han har i flere \u00e5r v\u00e6rt en tydelig tilhenger av Obama-administrasjonen.<\/p>\n<p>        <img loading=\"lazy\" decoding=\"async\" src=\"https:\/\/www.europesays.com\/no\/wp-content\/uploads\/2026\/01\/84053169.webp.webp\" width=\"686\" height=\"686\" title=\"TILHENGER: George Clooney og tidligere president Barack Obama ved Lake Como i Italia i 2019. Foto: SplashNews \/ NTB\" alt=\"\" class=\"\" style=\"--aspect-ratio-image: 1.00; \"\/><\/p>\n<p>\n        TILHENGER: George Clooney og tidligere president Barack Obama ved Lake Como i Italia i 2019. Foto: SplashNews \/ NTB\n    <\/p>\n<p class=\"font-weight-bold m-font-weight-bold\" data-lab-font_weight=\"font-weight-bold\">Kona Amal Clooney, som er menneskerettighetsadvokat, har tidligere kritisert Trumps behandling av pressen.\u00a0<\/p>\n<p>        \u00abALLE ELSKER DAVID\u00bb: David Eriksen forteller at han hadde planer om \u00e5 lyve om dette. Video: \u00abAlle elsker David\u00bb\/TV 2, Nora Skavhaug\/R\u00f8d L\u00f8per<\/p>\n<p>I 2019 hevdet hun i sin tale under den globale konferansen for mediefrihet i London at presidentens retorikk gj\u00f8r \u00ab\u00e6rlige journalister over hele verden mer s\u00e5rbare for overgrep\u00bb.<\/p>\n<p>    <a itemprop=\"url\" href=\"https:\/\/www.seher.no\/kjendis\/holder-barna-unna-hollywood\/83687688\" rel=\"nofollow noopener\" target=\"_blank\"><\/p>\n<p>        <img loading=\"lazy\" decoding=\"async\" src=\"https:\/\/www.europesays.com\/no\/wp-content\/uploads\/2026\/01\/83687708.webp.webp\" width=\"980\" height=\"441\" title=\"Holder barna unna Hollywood\" alt=\"\" class=\"lazyload\" style=\"--aspect-ratio-image: 2.22; \"\/><\/p>\n<p>        Holder barna unna Hollywood<\/p>\n<p>    <\/a><\/p>\n<p>Clooney-familien fikk fransk statsborgerskap i desember 2025 og bor n\u00e5 i Frankrike, if\u00f8lge den franske avisen\u00a0<a href=\"https:\/\/www.legifrance.gouv.fr\/jorf\/id\/JORFTEXT000053175492\" rel=\"nofollow noopener\" target=\"_blank\">Journal officiel<\/a>. Noe av grunnen skal v\u00e6re at \u00abJay Kelly\u00bb-stjernen er bekymret for \u00e5 oppdra barna i Hollywood-kulturen.\u00a0<\/p>\n","protected":false},"excerpt":{"rendered":"George Clooney: Filmstjernen svarer p\u00e5 Trumps harde melding etter Clooney-familien fikk nye statsborgerskap. FRANSKE: Clooney-familien kan n\u00e5 kalle&hellip;\n","protected":false},"author":2,"featured_media":129641,"comment_status":"","ping_status":"","sticky":false,"template":"","format":"standard","meta":{"footnotes":""},"categories":[12],"tags":[8239,20,21,55,24,25,1244,8238,15,479,2543,22,23,13,30,28,29,14,16,26,27,42,43,44,45],"class_list":{"0":"post-129640","1":"post","2":"type-post","3":"status-publish","4":"format-standard","5":"has-post-thumbnail","7":"category-verden","8":"tag-amal-clooney","9":"tag-breaking-news","10":"tag-breakingnews","11":"tag-donald-trump","12":"tag-featured-news","13":"tag-featurednews","14":"tag-frankrike","15":"tag-george-clooney","16":"tag-headlines","17":"tag-kjendis","18":"tag-kjendisdesken","19":"tag-latest-news","20":"tag-latestnews","21":"tag-news","22":"tag-no","23":"tag-norge","24":"tag-norway","25":"tag-nyheter","26":"tag-overskrifter","27":"tag-top-stories","28":"tag-topstories","29":"tag-verden","30":"tag-world","31":"tag-world-news","32":"tag-worldnews"},"share_on_mastodon":{"url":"https:\/\/pubeurope.com\/@no\/115844162782788531","error":""},"_links":{"self":[{"href":"https:\/\/www.europesays.com\/no\/wp-json\/wp\/v2\/posts\/129640","targetHints":{"allow":["GET"]}}],"collection":[{"href":"https:\/\/www.europesays.com\/no\/wp-json\/wp\/v2\/posts"}],"about":[{"href":"https:\/\/www.europesays.com\/no\/wp-json\/wp\/v2\/types\/post"}],"author":[{"embeddable":true,"href":"https:\/\/www.europesays.com\/no\/wp-json\/wp\/v2\/users\/2"}],"replies":[{"embeddable":true,"href":"https:\/\/www.europesays.com\/no\/wp-json\/wp\/v2\/comments?post=129640"}],"version-history":[{"count":0,"href":"https:\/\/www.europesays.com\/no\/wp-json\/wp\/v2\/posts\/129640\/revisions"}],"wp:featuredmedia":[{"embeddable":true,"href":"https:\/\/www.europesays.com\/no\/wp-json\/wp\/v2\/media\/129641"}],"wp:attachment":[{"href":"https:\/\/www.europesays.com\/no\/wp-json\/wp\/v2\/media?parent=129640"}],"wp:term":[{"taxonomy":"category","embeddable":true,"href":"https:\/\/www.europesays.com\/no\/wp-json\/wp\/v2\/categories?post=129640"},{"taxonomy":"post_tag","embeddable":true,"href":"https:\/\/www.europesays.com\/no\/wp-json\/wp\/v2\/tags?post=129640"}],"curies":[{"name":"wp","href":"https:\/\/api.w.org\/{rel}","templated":true}]}}