{"id":129675,"date":"2026-01-05T20:22:40","date_gmt":"2026-01-05T20:22:40","guid":{"rendered":"https:\/\/www.europesays.com\/no\/129675\/"},"modified":"2026-01-05T20:22:40","modified_gmt":"2026-01-05T20:22:40","slug":"trafikk-vaer-snodryss-i-natt-slik-ser-det-ut-pa-veiene-na","status":"publish","type":"post","link":"https:\/\/www.europesays.com\/no\/129675\/","title":{"rendered":"Trafikk, V\u00e6r | Sn\u00f8dryss i natt: Slik ser det ut p\u00e5 veiene n\u00e5"},"content":{"rendered":"\n<p>Det har v\u00e6rt sn\u00f8fattig f\u00f8rste del av vinteren, og helt frem til nytt\u00e5r var det stort sett bare veier om du befant deg i lavlandet. N\u00e5 har det snudd.<\/p>\n<p>S\u00f8ndag sn\u00f8dde det mange steder, og sn\u00f8en har fortsatt ogs\u00e5 natt til mandag og mandag morgen. For noen betyr nok det m\u00e5king eller kosting f\u00f8r avreise p\u00e5 morgenen.<\/p>\n<p>P\u00e5 riksvei 4 mellom Jaren og Gj\u00f8vik er det mellom 10 og 12 minusgrader og glatte kj\u00f8reforhold, if\u00f8lge en OA-tipser.<\/p>\n<p>If\u00f8lge yr.no vil det komme noe nedb\u00f8r i Gj\u00f8vik gjennom hele dagen. Sn\u00f8 vil det ogs\u00e5 komme de neste dagene, da det er meldt sn\u00f8 helt til fredag.<\/p>\n<p><b>Hvordan er v\u00e6r og f\u00f8re hos deg? Tips oss p\u00e5 tips@oa.no<\/b><\/p>\n<p>Slik ser det ut p\u00e5 veiene n\u00e5:<\/p>\n<p>            Slik ser det ut p\u00e5 veiene n\u00e5<\/p>\n<p><b>Riksvei 4 \u2013 Eina<\/b><\/p>\n<p><b>Riksvei 4 \u2013 Lygna<\/b><\/p>\n<p><b>Fylkesvei 33 \u2013 Vardals\u00e5sen<\/b><\/p>\n<p><b>E6 \u2013 Mj\u00f8sbrua<\/b><\/p>\n<p><b>Fylkesvei 250 \u2013 Vingroms\u00e5sen<\/b><\/p>\n<p><b>Fylkesvei 33 \u2013 Tons\u00e5sen<\/b><\/p>\n<p><b>E16 \u2013 Kalplassen<\/b><\/p>\n<p><b>E16 \u2013 Begnadalen<\/b><\/p>\n<p><b>E6 \u2013 Rudsh\u00f8gda<\/b><\/p>\n<p><b>Fylkesvei 51 &#8211; Valdresflye<\/b><\/p>\n<p><b>E16 &#8211; Tyin<\/b><\/p>\n","protected":false},"excerpt":{"rendered":"Det har v\u00e6rt sn\u00f8fattig f\u00f8rste del av vinteren, og helt frem til nytt\u00e5r var det stort sett bare&hellip;\n","protected":false},"author":2,"featured_media":4217,"comment_status":"","ping_status":"","sticky":false,"template":"","format":"standard","meta":{"footnotes":""},"categories":[10],"tags":[36,20,21,24,25,15,22,23,13,30,28,29,14,16,13827,1510,26,27,224,553],"class_list":{"0":"post-129675","1":"post","2":"type-post","3":"status-publish","4":"format-standard","5":"has-post-thumbnail","7":"category-norge","8":"tag-art","9":"tag-breaking-news","10":"tag-breakingnews","11":"tag-featured-news","12":"tag-featurednews","13":"tag-headlines","14":"tag-latest-news","15":"tag-latestnews","16":"tag-news","17":"tag-no","18":"tag-norge","19":"tag-norway","20":"tag-nyheter","21":"tag-overskrifter","22":"tag-riksvei-4","23":"tag-story","24":"tag-top-stories","25":"tag-topstories","26":"tag-trafikk","27":"tag-vaer"},"share_on_mastodon":{"url":"https:\/\/pubeurope.com\/@no\/115844359266607761","error":""},"_links":{"self":[{"href":"https:\/\/www.europesays.com\/no\/wp-json\/wp\/v2\/posts\/129675","targetHints":{"allow":["GET"]}}],"collection":[{"href":"https:\/\/www.europesays.com\/no\/wp-json\/wp\/v2\/posts"}],"about":[{"href":"https:\/\/www.europesays.com\/no\/wp-json\/wp\/v2\/types\/post"}],"author":[{"embeddable":true,"href":"https:\/\/www.europesays.com\/no\/wp-json\/wp\/v2\/users\/2"}],"replies":[{"embeddable":true,"href":"https:\/\/www.europesays.com\/no\/wp-json\/wp\/v2\/comments?post=129675"}],"version-history":[{"count":0,"href":"https:\/\/www.europesays.com\/no\/wp-json\/wp\/v2\/posts\/129675\/revisions"}],"wp:featuredmedia":[{"embeddable":true,"href":"https:\/\/www.europesays.com\/no\/wp-json\/wp\/v2\/media\/4217"}],"wp:attachment":[{"href":"https:\/\/www.europesays.com\/no\/wp-json\/wp\/v2\/media?parent=129675"}],"wp:term":[{"taxonomy":"category","embeddable":true,"href":"https:\/\/www.europesays.com\/no\/wp-json\/wp\/v2\/categories?post=129675"},{"taxonomy":"post_tag","embeddable":true,"href":"https:\/\/www.europesays.com\/no\/wp-json\/wp\/v2\/tags?post=129675"}],"curies":[{"name":"wp","href":"https:\/\/api.w.org\/{rel}","templated":true}]}}