{"id":129714,"date":"2026-01-05T21:11:11","date_gmt":"2026-01-05T21:11:11","guid":{"rendered":"https:\/\/www.europesays.com\/no\/129714\/"},"modified":"2026-01-05T21:11:11","modified_gmt":"2026-01-05T21:11:11","slug":"snur-etter-kraftige-protester","status":"publish","type":"post","link":"https:\/\/www.europesays.com\/no\/129714\/","title":{"rendered":"Snur etter kraftige protester"},"content":{"rendered":"<p class=\"kicker \" style=\"\">Trumps pastatoll:<\/p>\n<p>  USA dropper nesten hundre prosent straffetoll p\u00e5 italiensk pasta \u2013 og redder Barilla og andre fra prissjokk.<\/p>\n<p>\n    HELOMVENDING: Italias pastaprodusenter kan puste lettet ut. Dagbladet tar imidlertid ikke ansvar for reaksjonen til italienere som ser dette bildet av ketchup p\u00e5 pasta. Foto: Shutterstock\n  <\/p>\n<p>    Kort fortalt<\/p>\n<ul lang=\"nb-NO\">\n<li>USA reduserer planlagte straffetoller p\u00e5 italiensk pasta etter protester fra Italia og EU.<\/li>\n<li>Amerikanske forbrukere unng\u00e5r dermed nesten dobling av pastapriser.<\/li>\n<li>Tollene vil n\u00e5 ligge mellom 2 og 14 prosent i stedet for opptil 92 prosent.<\/li>\n<li>Den endelige avgj\u00f8relsen om tollsatsene ventes 12. mars.<\/li>\n<\/ul>\n<p class=\"italic ai-disclaimer\" data-lab-italic=\"italic\">Sammendraget er laget av ChatGPT og godkjent av Dagbladet.<\/p>\n<p>      Vis mer<br \/>\n      Vis mindre<\/p>\n<p>USA trekker kraftig tilbake varslede straffetoller p\u00e5 italiensk pasta etter protester fra Italia og EU, if\u00f8lge <a href=\"https:\/\/www.theguardian.com\/us-news\/2026\/jan\/02\/italian-pasta-makers-win-reprieve-from-trump-tariffs\" rel=\"nofollow noopener\" target=\"_blank\">The Guardian<\/a>.<\/p>\n<p>Dermed unng\u00e5r amerikanske forbrukere en n\u00e6r dobling av prisen p\u00e5 flere kjente pastamerker.<\/p>\n<p>    <a itemprop=\"url\" href=\"https:\/\/borsen.dagbladet.no\/nyheter\/pastakrise-et-dodsstot\/83699907\" rel=\"nofollow noopener\" target=\"_blank\"><\/p>\n<p>        <img loading=\"lazy\" decoding=\"async\" src=\"https:\/\/www.europesays.com\/no\/wp-content\/uploads\/2026\/01\/83699956.webp.webp\" width=\"980\" height=\"441\" title=\"Pastakrise: - Et d\u00f8dsst\u00f8t\" alt=\"\" class=\"lazyload\" style=\"--aspect-ratio-image: 2.22; \"\/><\/p>\n<p>        Pastakrise: &#8211; Et d\u00f8dsst\u00f8t<\/p>\n<p>    <\/a><\/p>\n<p>Voldsomme trusler\t<\/p>\n<p>USAs president Donald Trump hadde truet med tollsatser p\u00e5 opptil 92 prosent mot 13 italienske pastaprodusenter.\u00a0<\/p>\n<p>Blant selskapene er Barilla, La Molisana og Pastificio Lucio Garofalo, som ble anklaget for \u00e5 selge pasta i USA til \u00aburettferdig lave priser\u00bb.<\/p>\n<p>Torsdag opplyser Italias regjering at USAs handelsdepartement har gjennomg\u00e5tt saken p\u00e5 nytt og redusert de foresl\u00e5tte tollene kraftig.\u00a0<\/p>\n<p>I stedet for n\u00e6r 100 prosent vil tollsatsene n\u00e5 ligge mellom 2 og 14 prosent, if\u00f8lge en forel\u00f8pig vurdering.<\/p>\n<p>        <img loading=\"lazy\" decoding=\"async\" src=\"https:\/\/www.europesays.com\/no\/wp-content\/uploads\/2026\/01\/84048829.webp.webp\" width=\"686\" height=\"460\" title=\"I FINSTASEN: USAs president Donald Trump og f\u00f8rstedame Melania Trump ankommer nytt\u00e5rsfeiring p\u00e5 Mar-a-Lago i Palm Beach i Florida 31. desember 2025, der presidenten holdt tale og markerte inngangen til 2026. Foto: Joe Raedle \/ Getty Images \/ AFP\" alt=\"\" class=\"\" style=\"--aspect-ratio-image: 1.49; \"\/><\/p>\n<p>\n        I FINSTASEN: USAs president Donald Trump og f\u00f8rstedame Melania Trump ankommer nytt\u00e5rsfeiring p\u00e5 Mar-a-Lago i Palm Beach i Florida 31. desember 2025, der presidenten holdt tale og markerte inngangen til 2026. Foto: Joe Raedle \/ Getty Images \/ AFP\n    <\/p>\n<p>7,7 milliarder i \u00e5ret\t<\/p>\n<p>Italia eksporterer pasta til USA for rundt 770 millioner dollar i \u00e5ret. Dette tilsvarer 7,7 milliarder kroner.<\/p>\n<p>De 13 selskapene som er omfattet av saken, st\u00e5r for om lag 16 prosent av denne importen.<\/p>\n<p>    <a itemprop=\"url\" href=\"https:\/\/borsen.dagbladet.no\/nyheter\/mange-puster-lettet-ut\/84008599\" rel=\"nofollow noopener\" target=\"_blank\"><\/p>\n<p>        <img loading=\"lazy\" decoding=\"async\" src=\"https:\/\/www.europesays.com\/no\/wp-content\/uploads\/2026\/01\/84021220.webp.webp\" width=\"980\" height=\"441\" title=\"- Mange puster lettet ut\" alt=\"\" class=\"lazyload\" style=\"--aspect-ratio-image: 2.22; \"\/><\/p>\n<p>        &#8211; Mange puster lettet ut<\/p>\n<p>    <\/a><\/p>\n<p>Samtidig understrekes det at tollene kommer i tillegg til den generelle 15 prosents tollen USA allerede har innf\u00f8rt p\u00e5 de fleste varer fra EU.\u00a0<\/p>\n<p>Handelsdepartementet i USA har heller ikke tatt en endelig beslutning enn\u00e5. Den endelige avgj\u00f8relsen ventes 12. mars.<\/p>\n<p>I en uttalelse heter det at de italienske produsentene har \u00abbesvart mange av sp\u00f8rsm\u00e5lene\u00bb fra amerikanske myndigheter.\u00a0<\/p>\n<p>        SILE PASTAVANN: Vi har gjort feil hele tiden &#8211; sjekk hvordan du egentlig skal sile bort pastavannet! Foto: Linn Merete Rogn\u00f8.<\/p>\n<p>&#8211; D\u00f8dsst\u00f8t\t<\/p>\n<p>Italias landbruksorganisasjon Coldiretti advarte tidligere om at de opprinnelige tollplanene ville v\u00e6re et \u00abd\u00f8dsst\u00f8t\u00bb mot landets pastan\u00e6ring.<\/p>\n<p>If\u00f8lge det italienske utenriksdepartementet ligger det n\u00e5 an til en toll p\u00e5 2,26 prosent for La Molisana, rundt 14 prosent for Garofalo og 9,09 prosent for de \u00f8vrige produsentene.<\/p>\n<p class=\"font-weight-bold m-font-weight-bold\" data-lab-font_weight=\"font-weight-bold\">&#8211; Omgj\u00f8ringen viser at amerikanske myndigheter anerkjenner selskapenes konstruktive vilje til \u00e5 samarbeide, sier departementet.<\/p>\n<p>    <a itemprop=\"url\" href=\"https:\/\/borsen.dagbladet.no\/nyheter\/slik-blir-pengearet-2026\/84011461\" rel=\"nofollow noopener\" target=\"_blank\"><\/p>\n<p>        <img loading=\"lazy\" decoding=\"async\" src=\"https:\/\/www.europesays.com\/no\/wp-content\/uploads\/2026\/01\/84014019.webp.webp\" width=\"980\" height=\"441\" title=\"Slik blir penge\u00e5ret 2026\" alt=\"\" class=\"lazyload\" style=\"--aspect-ratio-image: 2.22; \"\/><\/p>\n<p>        Slik blir penge\u00e5ret 2026<\/p>\n<p>    <\/a><\/p>\n<p>Kursendringen kommer samtidig som Det hvite hus har varslet utsettelse av planlagte toll\u00f8kninger p\u00e5 blant annet kj\u00f8kkeninnredning og stoppede m\u00f8bler, og viser til p\u00e5g\u00e5ende og \u00abproduktive\u00bb forhandlinger med handelspartnere.<\/p>\n","protected":false},"excerpt":{"rendered":"Trumps pastatoll: USA dropper nesten hundre prosent straffetoll p\u00e5 italiensk pasta \u2013 og redder Barilla og andre fra&hellip;\n","protected":false},"author":2,"featured_media":129715,"comment_status":"","ping_status":"","sticky":false,"template":"","format":"standard","meta":{"footnotes":""},"categories":[12],"tags":[20,21,24,25,15,22,23,13,30,28,29,14,16,26,27,412,42,43,44,45],"class_list":{"0":"post-129714","1":"post","2":"type-post","3":"status-publish","4":"format-standard","5":"has-post-thumbnail","7":"category-verden","8":"tag-breaking-news","9":"tag-breakingnews","10":"tag-featured-news","11":"tag-featurednews","12":"tag-headlines","13":"tag-latest-news","14":"tag-latestnews","15":"tag-news","16":"tag-no","17":"tag-norge","18":"tag-norway","19":"tag-nyheter","20":"tag-overskrifter","21":"tag-top-stories","22":"tag-topstories","23":"tag-utenriks","24":"tag-verden","25":"tag-world","26":"tag-world-news","27":"tag-worldnews"},"share_on_mastodon":{"url":"https:\/\/pubeurope.com\/@no\/115844552106595336","error":""},"_links":{"self":[{"href":"https:\/\/www.europesays.com\/no\/wp-json\/wp\/v2\/posts\/129714","targetHints":{"allow":["GET"]}}],"collection":[{"href":"https:\/\/www.europesays.com\/no\/wp-json\/wp\/v2\/posts"}],"about":[{"href":"https:\/\/www.europesays.com\/no\/wp-json\/wp\/v2\/types\/post"}],"author":[{"embeddable":true,"href":"https:\/\/www.europesays.com\/no\/wp-json\/wp\/v2\/users\/2"}],"replies":[{"embeddable":true,"href":"https:\/\/www.europesays.com\/no\/wp-json\/wp\/v2\/comments?post=129714"}],"version-history":[{"count":0,"href":"https:\/\/www.europesays.com\/no\/wp-json\/wp\/v2\/posts\/129714\/revisions"}],"wp:featuredmedia":[{"embeddable":true,"href":"https:\/\/www.europesays.com\/no\/wp-json\/wp\/v2\/media\/129715"}],"wp:attachment":[{"href":"https:\/\/www.europesays.com\/no\/wp-json\/wp\/v2\/media?parent=129714"}],"wp:term":[{"taxonomy":"category","embeddable":true,"href":"https:\/\/www.europesays.com\/no\/wp-json\/wp\/v2\/categories?post=129714"},{"taxonomy":"post_tag","embeddable":true,"href":"https:\/\/www.europesays.com\/no\/wp-json\/wp\/v2\/tags?post=129714"}],"curies":[{"name":"wp","href":"https:\/\/api.w.org\/{rel}","templated":true}]}}