{"id":129724,"date":"2026-01-05T21:39:05","date_gmt":"2026-01-05T21:39:05","guid":{"rendered":"https:\/\/www.europesays.com\/no\/129724\/"},"modified":"2026-01-05T21:39:05","modified_gmt":"2026-01-05T21:39:05","slug":"vil-droppe-kjempetoll-pa-pasta-e24","status":"publish","type":"post","link":"https:\/\/www.europesays.com\/no\/129724\/","title":{"rendered":"Vil droppe kjempetoll p\u00e5 pasta \u2013 E24"},"content":{"rendered":"<p class=\"fullWidthDesktop hyperion-css-71ztg2\" data-test-tag=\"lead-text\">Trump dropper flere store toll\u00f8kninger p\u00e5 pasta og m\u00f8bler. <\/p>\n<p><img decoding=\"async\" class=\"image-asset hyperion-css-u06ts1\" data-test-tag=\"image-asset\" src=\"https:\/\/www.europesays.com\/no\/wp-content\/uploads\/2026\/01\/05d733fe-c659-411d-98fb-991ff7c4ed00.jpeg\"  alt=\"PASTA? USAs president Donald Trump p\u00e5 en middag i starten av desember. Det er uklart om pasta var p\u00e5 menyen. \"  loading=\"eager\" fetchpriority=\"high\" style=\"aspect-ratio:1900 \/ 1267\"\/>PASTA? USAs president Donald Trump p\u00e5 en middag i starten av desember. Det er uklart om pasta var p\u00e5 menyen. Foto: AARON SCHWARTZ \/ AFP \/ NTBPublisert: Publisert: <\/p>\n<p>For mindre enn 40 minutter siden<\/p>\n<ul class=\"hyperion-css-pte5x0\">\n<li aria-label=\"link\" class=\"narrow-button hyperion-css-1sz7d3n\">Kopier lenke<\/li>\n<li aria-label=\"link\" class=\"wide-button hyperion-css-1sz7d3n\">Kopier lenke<\/li>\n<li aria-label=\"facebook\" class=\"narrow-button hyperion-css-1sz7d3n\">Del p\u00e5 Facebook<\/li>\n<li aria-label=\"facebook\" class=\"wide-button hyperion-css-1sz7d3n\">Del p\u00e5 Facebook<\/li>\n<li aria-label=\"email\" class=\"narrow-button hyperion-css-1sz7d3n\">Del med e-post<\/li>\n<li aria-label=\"email\" class=\"wide-button hyperion-css-1sz7d3n\">Del med e-post<\/li>\n<\/ul>\n<p class=\"hyperion-css-1lemvax\">USA har tidligere varslet tollsatser p\u00e5 inntil 107 prosent p\u00e5 italiensk pasta fra mars. Satsen var ventet \u00e5 ramme tilsvarende halvparten av verdien p\u00e5 italiensk pastaeksport. <\/p>\n<p class=\"hyperion-css-1lemvax\">Argumentet for tollen var opprinnelig at pastaprodusentene bidrar til prisdumping, og dermed truer marginene til amerikanske produsenter. <\/p>\n<p class=\"hyperion-css-1lemvax\">Handelsdepartementet i USA <a aria-label=\"publiserte onsdag tall\" class=\"default hyperion-css-1rezu2g\" href=\"https:\/\/www.trade.gov\/post-preliminary-analysis-antidumping-duty-administrative-review-certain-pasta-italy\" rel=\"noopener nofollow noreferrer\" data-test-tag=\"external-link\" target=\"_blank\">publiserte onsdag tall<\/a> som tilsier at effekten er mindre enn f\u00f8rst antatt. Tall fra <a aria-label=\"Financial Times (FT)\" class=\"default hyperion-css-1rezu2g\" href=\"https:\/\/www.ft.com\/content\/670b11be-83a6-4d1e-83b7-91e65afea514\" rel=\"noopener nofollow noreferrer\" data-test-tag=\"external-link\" target=\"_blank\">Financial Times (FT)<\/a> tilsier at satsene vil reduseres til 17,26 prosent for produsenten La Molisana, 29 prosent for Garofalo, og 24,09 prosent for de resterende 11 produsentene. Tallene inkluderer 15 prosent toll som gjelder for n\u00e6r alle europeiske varer.<\/p>\n<p><a data-test-tag=\"teaser-small:link-internal\" href=\"https:\/\/e24.no\/boers-og-finans\/i\/3pJdpX\/ukens-investtech-37-aksjer-du-maa-selge\" class=\"imagePosition-top inline hyperion-css-6238vu\" rel=\"nofollow noopener\" target=\"\" aria-label=\"Ukens Investtech: 37 aksjer du m\u00e5 selge\"><\/p>\n<p>Les p\u00e5 E24+<\/p>\n<p>Ukens Investtech: 37 aksjer du m\u00e5 selge<\/p>\n<p><\/a>Over 200 matvarer <\/p>\n<p class=\"hyperion-css-1lemvax\">De nye tollsatsene for pasta er ikke innf\u00f8rt, og er en del av en forel\u00f8pig analyse. Den endelige kommer i mars.<\/p>\n<p class=\"hyperion-css-1lemvax\">\u2013 Omregningen av tollsatsene er et tegn p\u00e5 at amerikanske myndigheter anerkjenner selskapenes konstruktive vilje til \u00e5 samarbeide, sa Italias utenriksdepartement til avisen. <\/p>\n<p class=\"hyperion-css-1lemvax\">Det hvite hus har g\u00e5tt tilbake p\u00e5 toll\u00f8kninger p\u00e5 over 200 matvarer, etter bekymringer om h\u00f8yere levekostnader og priser, skriver FT. <\/p>\n<p><img decoding=\"async\" class=\"image-asset hyperion-css-u06ts1\" data-test-tag=\"image-asset\" src=\"https:\/\/www.europesays.com\/no\/wp-content\/uploads\/2026\/01\/d5dc75b9-dcba-4960-a2cb-95eafa6f4e73.jpeg\"  alt=\"SLIPPER KJEMPETOLL: Italiensk pasta fyller hyllene i butikken Eataly i New York. \"  loading=\"eager\" fetchpriority=\"high\" style=\"aspect-ratio:1024 \/ 683\"\/>SLIPPER KJEMPETOLL: Italiensk pasta fyller hyllene i butikken Eataly i New York. Foto: IMAGO\/Richard B. Levine \/ IMAGO \/ NTBUtsetter m\u00f8beltoll<\/p>\n<p class=\"hyperion-css-1lemvax\">I september i fjor varslet Donald Trump toll\u00f8kninger p\u00e5 m\u00f8bler. 25 prosent toll ble innf\u00f8rt i oktober p\u00e5 kj\u00f8kkenskap og polstrede m\u00f8bler. <\/p>\n<p class=\"hyperion-css-1lemvax\">Det var planlagt at tollen skulle \u00f8ke til henholdsvis 50 prosent og 30 prosent for disse varegruppene. <\/p>\n<p class=\"hyperion-css-1lemvax\">Like f\u00f8r det nye \u00e5ret ringte inn kom imidlertid kontrabeskjeden. \u00d8kningen er utsatt til 2027. <\/p>\n<p class=\"hyperion-css-1lemvax\">\u2013 USA fortsetter \u00e5 f\u00f8re konstruktive forhandlinger med handelspartnere for \u00e5 ivareta gjensidighet i handelen og nasjonale sikkerhetshensyn knyttet til import av trevarer, skriver Det hvite hus <a aria-label=\"i en melding\" class=\"default hyperion-css-1rezu2g\" href=\"https:\/\/www.whitehouse.gov\/fact-sheets\/2025\/12\/fact-sheet-president-donald-j-trump-adjusts-imports-of-timber-lumber-and-their-derivative-products-into-the-united-states\/\" rel=\"noopener nofollow noreferrer\" data-test-tag=\"external-link\" target=\"_blank\">i en melding<\/a>. <\/p>\n","protected":false},"excerpt":{"rendered":"Trump dropper flere store toll\u00f8kninger p\u00e5 pasta og m\u00f8bler. PASTA? USAs president Donald Trump p\u00e5 en middag i&hellip;\n","protected":false},"author":2,"featured_media":129725,"comment_status":"","ping_status":"","sticky":false,"template":"","format":"standard","meta":{"footnotes":""},"categories":[12],"tags":[20,21,24,25,15,22,23,13,30,28,29,14,16,26,27,42,43,44,45],"class_list":{"0":"post-129724","1":"post","2":"type-post","3":"status-publish","4":"format-standard","5":"has-post-thumbnail","7":"category-verden","8":"tag-breaking-news","9":"tag-breakingnews","10":"tag-featured-news","11":"tag-featurednews","12":"tag-headlines","13":"tag-latest-news","14":"tag-latestnews","15":"tag-news","16":"tag-no","17":"tag-norge","18":"tag-norway","19":"tag-nyheter","20":"tag-overskrifter","21":"tag-top-stories","22":"tag-topstories","23":"tag-verden","24":"tag-world","25":"tag-world-news","26":"tag-worldnews"},"share_on_mastodon":{"url":"https:\/\/pubeurope.com\/@no\/115844662109268535","error":""},"_links":{"self":[{"href":"https:\/\/www.europesays.com\/no\/wp-json\/wp\/v2\/posts\/129724","targetHints":{"allow":["GET"]}}],"collection":[{"href":"https:\/\/www.europesays.com\/no\/wp-json\/wp\/v2\/posts"}],"about":[{"href":"https:\/\/www.europesays.com\/no\/wp-json\/wp\/v2\/types\/post"}],"author":[{"embeddable":true,"href":"https:\/\/www.europesays.com\/no\/wp-json\/wp\/v2\/users\/2"}],"replies":[{"embeddable":true,"href":"https:\/\/www.europesays.com\/no\/wp-json\/wp\/v2\/comments?post=129724"}],"version-history":[{"count":0,"href":"https:\/\/www.europesays.com\/no\/wp-json\/wp\/v2\/posts\/129724\/revisions"}],"wp:featuredmedia":[{"embeddable":true,"href":"https:\/\/www.europesays.com\/no\/wp-json\/wp\/v2\/media\/129725"}],"wp:attachment":[{"href":"https:\/\/www.europesays.com\/no\/wp-json\/wp\/v2\/media?parent=129724"}],"wp:term":[{"taxonomy":"category","embeddable":true,"href":"https:\/\/www.europesays.com\/no\/wp-json\/wp\/v2\/categories?post=129724"},{"taxonomy":"post_tag","embeddable":true,"href":"https:\/\/www.europesays.com\/no\/wp-json\/wp\/v2\/tags?post=129724"}],"curies":[{"name":"wp","href":"https:\/\/api.w.org\/{rel}","templated":true}]}}