{"id":129734,"date":"2026-01-05T22:02:11","date_gmt":"2026-01-05T22:02:11","guid":{"rendered":"https:\/\/www.europesays.com\/no\/129734\/"},"modified":"2026-01-05T22:02:11","modified_gmt":"2026-01-05T22:02:11","slug":"reagerer-pa-eneveldig-ledelse-av-gyda-oddekalv-i-generasjonspartiet-nrk-vestland","status":"publish","type":"post","link":"https:\/\/www.europesays.com\/no\/129734\/","title":{"rendered":"Reagerer p\u00e5 eneveldig ledelse av Gyda Oddekalv i Generasjonspartiet \u2013 NRK Vestland"},"content":{"rendered":"<p>En tidligere fylkesleder har sendt et varsel til Partilovnemnda etter et ekstraordin\u00e6rt \u00e5rsm\u00f8te i Generasjonspartiet forrige uke, <a href=\"https:\/\/www.bt.no\/politikk\/i\/7p0kx4\/generasjonspartiet-og-gyda-oddekalv-anklages-for-eneveldig-ledelse\" ec-id=\"https:\/\/www.bt.no\/politikk\/i\/7p0kx4\/generasjonspartiet-og-gyda-oddekalv-anklages-for-eneveldig-ledelse\" ec-name=\"melder Bergens Tidende.\" rel=\"nofollow noopener\" target=\"_blank\">melder Bergens Tidende.<\/a><\/p>\n<p>\u2013 Det er misn\u00f8ye i lokallagene. Det g\u00e5r p\u00e5 at det er en liten klikk som styrer og innvilger l\u00f8nn til seg selv, at ikke alle er invitert, og at det ikke er \u00e5pne og demokratiske prosesser der hver mann har en stemme, sier sekretariatsleder Daniel Giske i Partilovnemnda til avisen.<\/p>\n<p>Forrige valg fikk partiet 21.589 stemmer.<\/p>\n<p>Dette har utl\u00f8st en statsst\u00f8tte p\u00e5 2,6 millioner kroner til partiet.<\/p>\n<p><strong>If\u00f8lge varselet, som ogs\u00e5 NRK har f\u00e5tt tilsendt, er det vedtatt at Oddekalv og nestleder Beaten L\u00f8ken f\u00e5r 850.000 og 400.000 kroner i l\u00f8nn.<\/strong><\/p>\n<p>L\u00f8ken er Oddekalvs mor.<\/p>\n<p>Hevder medlemmer ikke ble informert<\/p>\n<p>I varselet blir det ogs\u00e5 hevdet at ikke alle medlemmer ble informert om det ekstraordin\u00e6re \u00e5rsm\u00f8tet, samt at budsjettet ble ikke sendt ut p\u00e5 forh\u00e5nd.<\/p>\n<p>Oddekalv skriver selv til <a href=\"https:\/\/www.bt.no\/politikk\/i\/7p0kx4\/generasjonspartiet-og-gyda-oddekalv-anklages-for-eneveldig-ledelse\" ec-id=\"https:\/\/www.bt.no\/politikk\/i\/7p0kx4\/generasjonspartiet-og-gyda-oddekalv-anklages-for-eneveldig-ledelse\" ec-name=\"BT\" rel=\"nofollow noopener\" target=\"_blank\">BT<\/a> at \u00e5rsm\u00f8tet ble avholdt i samsvar med vedtektene.<\/p>\n<p>\u2013 Innkallingen ble sendt til samtlige medlemmer som hadde betalt kontingent og var registrert med gyldig kontaktinformasjon, skriver Oddekalv.<\/p>\n<p>Hun skriver ogs\u00e5 at ledelsen ikke bestemmer egen l\u00f8nn.<\/p>\n<p>\u2013 Eventuelle beslutninger om l\u00f8nn behandles i tr\u00e5d med habilitetsreglene, og ber\u00f8rte personer deltar ikke i behandlingen, skriver hun.<\/p>\n<p>NRK har fors\u00f8kt \u00e5 f\u00e5 svar fra Oddekalv mandag kveld.<\/p>\n<p>Kritisk til livslangt medlemskap i \u00abr\u00e5det\u00bb<\/p>\n<p>I varselet blir det ogs\u00e5 satt sp\u00f8rsm\u00e5lstegn om Generasjonspartiet eneveldige ledelse.<\/p>\n<p><strong>Flere medlemmer kan sitte ut livet i et s\u00e5kalt \u00abr\u00e5d\u00bb.<\/strong><\/p>\n<p>I partivedtektene st\u00e5r det \u00abr\u00e5det er satt, s\u00e5 lenge de lever, som stifterne av det verdimessige fundamentet\u00bb. Oddekalv, moren og to andre nevnes i forbindelse med dette.<\/p>\n<p>Dette skal \u00absikre kontinuitet, hindre sabotasje (at partiet tas over av andre krefter og mister sitt form\u00e5l slik at alt arbeid blir forgjeves), dette er den beste m\u00e5ten \u00e5 sikre den verdimessige kjernen og samtidig ha en direkte demokratisk modell\u00bb, st\u00e5r det i vedtektene.<\/p>\n<p>Det er r\u00e5det som legger frem forslag til ledelse som kan velges av \u00e5rsm\u00f8tet.<\/p>\n<p>Oddekalv skriver til BT at partiet \u00aber lovlig registrert i Br\u00f8nn\u00f8ysundregistrene med gjeldende vedtekter\u00bb.\n<\/p>\n<p><img decoding=\"async\"   src=\"data:image\/gif;base64,R0lGODlhAQABAIAAAAAAAP\/\/\/yH5BAEAAAAALAAAAAABAAEAAAIBRAA7\" loading=\"eager\" alt=\"Gyda Oddekalv \" title=\"Foto: NRK\"\/><\/p>\n<p class=\"\">Gyda Oddekalv og Generasjonspartiet ble for alvor kjent under fjor\u00e5rets valgkamp, blant annet da hun ble kastet ut av Dagsnytt 18-sendingen. <\/p>\n<p>Foto: NRK<\/p>\n<p>Publisert<\/p>\n<p>05.01.2026, kl. 20.27<\/p>\n<p>Oppdatert<\/p>\n<p>05.01.2026, kl. 21.00<\/p>\n","protected":false},"excerpt":{"rendered":"En tidligere fylkesleder har sendt et varsel til Partilovnemnda etter et ekstraordin\u00e6rt \u00e5rsm\u00f8te i Generasjonspartiet forrige uke, melder&hellip;\n","protected":false},"author":2,"featured_media":22959,"comment_status":"","ping_status":"","sticky":false,"template":"","format":"standard","meta":{"footnotes":""},"categories":[5],"tags":[20,21,24,25,15,19,22,23,17,18,13,30,28,29,14,16,26,27],"class_list":{"0":"post-129734","1":"post","2":"type-post","3":"status-publish","4":"format-standard","5":"has-post-thumbnail","7":"category-overskrifter","8":"tag-breaking-news","9":"tag-breakingnews","10":"tag-featured-news","11":"tag-featurednews","12":"tag-headlines","13":"tag-hovedoppslag","14":"tag-latest-news","15":"tag-latestnews","16":"tag-main-news","17":"tag-mainnews","18":"tag-news","19":"tag-no","20":"tag-norge","21":"tag-norway","22":"tag-nyheter","23":"tag-overskrifter","24":"tag-top-stories","25":"tag-topstories"},"share_on_mastodon":{"url":"https:\/\/pubeurope.com\/@no\/115844752566603947","error":""},"_links":{"self":[{"href":"https:\/\/www.europesays.com\/no\/wp-json\/wp\/v2\/posts\/129734","targetHints":{"allow":["GET"]}}],"collection":[{"href":"https:\/\/www.europesays.com\/no\/wp-json\/wp\/v2\/posts"}],"about":[{"href":"https:\/\/www.europesays.com\/no\/wp-json\/wp\/v2\/types\/post"}],"author":[{"embeddable":true,"href":"https:\/\/www.europesays.com\/no\/wp-json\/wp\/v2\/users\/2"}],"replies":[{"embeddable":true,"href":"https:\/\/www.europesays.com\/no\/wp-json\/wp\/v2\/comments?post=129734"}],"version-history":[{"count":0,"href":"https:\/\/www.europesays.com\/no\/wp-json\/wp\/v2\/posts\/129734\/revisions"}],"wp:featuredmedia":[{"embeddable":true,"href":"https:\/\/www.europesays.com\/no\/wp-json\/wp\/v2\/media\/22959"}],"wp:attachment":[{"href":"https:\/\/www.europesays.com\/no\/wp-json\/wp\/v2\/media?parent=129734"}],"wp:term":[{"taxonomy":"category","embeddable":true,"href":"https:\/\/www.europesays.com\/no\/wp-json\/wp\/v2\/categories?post=129734"},{"taxonomy":"post_tag","embeddable":true,"href":"https:\/\/www.europesays.com\/no\/wp-json\/wp\/v2\/tags?post=129734"}],"curies":[{"name":"wp","href":"https:\/\/api.w.org\/{rel}","templated":true}]}}