{"id":129739,"date":"2026-01-05T22:16:09","date_gmt":"2026-01-05T22:16:09","guid":{"rendered":"https:\/\/www.europesays.com\/no\/129739\/"},"modified":"2026-01-05T22:16:09","modified_gmt":"2026-01-05T22:16:09","slug":"trafikk-ulykker-bil-veltet-pa-karmoy-ganske-smadret-i-fronten","status":"publish","type":"post","link":"https:\/\/www.europesays.com\/no\/129739\/","title":{"rendered":"Trafikk, Ulykker | Bil veltet p\u00e5 Karm\u00f8y: \u2013 Ganske smadret i fronten"},"content":{"rendered":"\n<p><b>KARM\u00d8Y: <\/b>Det opplyser Bj\u00f8rn Inge V\u00e5rvik over telefon til Haugesunds Avis i 22-tida. Han befinner seg ved \u00c5dland da han ringer.<\/p>\n<p><b>\u2013 Det st\u00e5r bom stille, og er k\u00f8 s\u00e5 langt jeg kan se, forteller han.<\/b><\/p>\n<p>Om lag ti minutter senere blir han dirigert forbi stedet.<\/p>\n<p><b>\u2013 Det sto en svart varebil oppe p\u00e5 en redningsbil der. Den var ganske smadret i fronten, sier V\u00e5rvik.<\/b><\/p>\n<p>Kort tid etter ringer ogs\u00e5 en annen tipser.<\/p>\n<p>Han kan fortelle at det har v\u00e6rt dirigering av trafikk p\u00e5 stedet i rundt halvannen time, og at varebilen skal ha ligget p\u00e5 sida, men at denne n\u00e5 er fjernet.<\/p>\n<p>   <img decoding=\"async\" width=\"1472\" height=\"1132\" fetchpriority=\"low\"  loading=\"lazy\"  src=\"https:\/\/www.europesays.com\/no\/wp-content\/uploads\/2026\/01\/Ulykke+sladdet.jpg\" alt=\"\" class=\"brick-c-cFOWSL\" style=\"--brick-image-ratio: 1472 \/ 1132;\"\/><\/p>\n<p>      HAVNET P\u00c5 SIDA: Bilen skal n\u00e5 v\u00e6re fraktet bort.<br \/>\n      Foto: Tipser\n    <\/p>\n<p>Haugesunds Avis har ikke lykkes med \u00e5 f\u00e5 tak i operasjonssentralen i S\u00f8r-Vest politidistrikt, men klokka 22.21 melder de f\u00f8lgende i politiloggen:<\/p>\n<p><b>\u2013 Det har v\u00e6rt et trafikkuhell, en bil har kj\u00f8rt av veien og tippet rundt. Mindre personskade og veien er \u00e5pen etter at bilberger har v\u00e6rt og hentet bilen. <\/b><\/p>\n","protected":false},"excerpt":{"rendered":"KARM\u00d8Y: Det opplyser Bj\u00f8rn Inge V\u00e5rvik over telefon til Haugesunds Avis i 22-tida. Han befinner seg ved \u00c5dland&hellip;\n","protected":false},"author":2,"featured_media":129740,"comment_status":"","ping_status":"","sticky":false,"template":"","format":"standard","meta":{"footnotes":""},"categories":[5],"tags":[36,20,21,24,25,15,19,1761,22,23,17,18,13,30,28,29,14,16,1510,26,27,224,1204],"class_list":{"0":"post-129739","1":"post","2":"type-post","3":"status-publish","4":"format-standard","5":"has-post-thumbnail","7":"category-overskrifter","8":"tag-art","9":"tag-breaking-news","10":"tag-breakingnews","11":"tag-featured-news","12":"tag-featurednews","13":"tag-headlines","14":"tag-hovedoppslag","15":"tag-karmoy","16":"tag-latest-news","17":"tag-latestnews","18":"tag-main-news","19":"tag-mainnews","20":"tag-news","21":"tag-no","22":"tag-norge","23":"tag-norway","24":"tag-nyheter","25":"tag-overskrifter","26":"tag-story","27":"tag-top-stories","28":"tag-topstories","29":"tag-trafikk","30":"tag-ulykker"},"share_on_mastodon":{"url":"https:\/\/pubeurope.com\/@no\/115844807571255536","error":""},"_links":{"self":[{"href":"https:\/\/www.europesays.com\/no\/wp-json\/wp\/v2\/posts\/129739","targetHints":{"allow":["GET"]}}],"collection":[{"href":"https:\/\/www.europesays.com\/no\/wp-json\/wp\/v2\/posts"}],"about":[{"href":"https:\/\/www.europesays.com\/no\/wp-json\/wp\/v2\/types\/post"}],"author":[{"embeddable":true,"href":"https:\/\/www.europesays.com\/no\/wp-json\/wp\/v2\/users\/2"}],"replies":[{"embeddable":true,"href":"https:\/\/www.europesays.com\/no\/wp-json\/wp\/v2\/comments?post=129739"}],"version-history":[{"count":0,"href":"https:\/\/www.europesays.com\/no\/wp-json\/wp\/v2\/posts\/129739\/revisions"}],"wp:featuredmedia":[{"embeddable":true,"href":"https:\/\/www.europesays.com\/no\/wp-json\/wp\/v2\/media\/129740"}],"wp:attachment":[{"href":"https:\/\/www.europesays.com\/no\/wp-json\/wp\/v2\/media?parent=129739"}],"wp:term":[{"taxonomy":"category","embeddable":true,"href":"https:\/\/www.europesays.com\/no\/wp-json\/wp\/v2\/categories?post=129739"},{"taxonomy":"post_tag","embeddable":true,"href":"https:\/\/www.europesays.com\/no\/wp-json\/wp\/v2\/tags?post=129739"}],"curies":[{"name":"wp","href":"https:\/\/api.w.org\/{rel}","templated":true}]}}