{"id":129765,"date":"2026-01-05T23:26:11","date_gmt":"2026-01-05T23:26:11","guid":{"rendered":"https:\/\/www.europesays.com\/no\/129765\/"},"modified":"2026-01-05T23:26:11","modified_gmt":"2026-01-05T23:26:11","slug":"snoen-kommer-i-sor-men-hvor-mye","status":"publish","type":"post","link":"https:\/\/www.europesays.com\/no\/129765\/","title":{"rendered":"Sn\u00f8en kommer i S\u00f8r, men hvor mye?"},"content":{"rendered":"\n<p class=\"_lead_o9xde_2 _lead_xtcu6_50 layout-component text-serif-m layout-normal text-serif-l layout-component layout-wide layout-padded _wide_17hqh_1 layout-padded\">Det er et lavtrykk p\u00e5 vei inn over Nordsj\u00f8en som f\u00f8rer med seg mye sn\u00f8. Det store sp\u00f8rsm\u00e5let er hvor det treffer i S\u00f8r-Norge.<\/p>\n<p><img alt=\"De bl\u00e5 feltene er omr\u00e5dene hvor det vil falle mest sn\u00f8 de neste dagene.  Foto: met.no\" class=\"_image_qp4xg_65 layout-component layout-wide\" data-fullscreen- data-track-element-type=\"Article image fullscreen\" data-track-name=\"ImageFullscreen\" fetchpriority=\"high\" decoding=\"sync\" loading=\"eager\" height=\"1038\" itemprop=\"image\"  src=\"https:\/\/www.europesays.com\/no\/wp-content\/uploads\/2026\/01\/d9b3547e-bb4d-4bfa-a68b-87ef4f74397e.jpeg\"  style=\"object-position:0% 0%\" width=\"813\"\/>De bl\u00e5 feltene er omr\u00e5dene hvor det vil falle mest sn\u00f8 de neste dagene.  Foto: met.no<\/p>\n<ul aria-hidden=\"true\" class=\"_images_ntbth_112\">\n<li><a class=\"_link_ntbth_117\" href=\"https:\/\/www.vg.no\/forfatter\/joern-e-kaalstad\" style=\"z-index:1\" title=\"J\u00f8rn E. Kaalstad\" rel=\"nofollow noopener\" target=\"_blank\"><img alt=\"Bilde av J\u00f8rn E. Kaalstad\" class=\"_image_ntbth_93\" fetchpriority=\"low\" loading=\"lazy\" decoding=\"async\" itemprop=\"image\"  src=\"https:\/\/www.europesays.com\/no\/wp-content\/uploads\/2026\/01\/669373df-e8fd-4864-880f-5035f6f30b0b.jpeg\"  width=\"480\"\/><\/a><\/li>\n<\/ul>\n<p> Oppdatert mandag 5. januar kl. 22:09     <\/p>\n<p class=\"_paragraph_o9xde_4 _paragraph_xtcu6_10 layout-component text-serif-m layout-normal text-serif-m layout-padded\">N\u00e5 er vi inne i \u00e5rets f\u00f8rste hele uke og v\u00e6rmessig dreier det n\u00e5 seg i all hovedsak om kulde og sn\u00f8!<\/p>\n<p class=\"_paragraph_o9xde_4 _paragraph_xtcu6_10 layout-component text-serif-m layout-normal text-serif-m layout-padded\">Den kalde vinterluften har bredt seg over hele landet og havomr\u00e5dene rundt oss, og lave temperaturer vil prege hele denne uken, og med kulden kommer sn\u00f8en, <a href=\"https:\/\/www.facebook.com\/p\/Yr-100064470083117\/?locale=nb_NO\" class=\"_link_o9xde_39\" rel=\"nofollow noopener\" target=\"_blank\">skriver yr.no.<\/a><\/p>\n<p class=\"_paragraph_o9xde_4 _paragraph_xtcu6_10 layout-component text-serif-m layout-normal text-serif-m layout-padded\">Det forklarer meteorologene med at n\u00e5r kald luft kommer over \u00e5pent og forholdsvis varmt hav, begynner varmen og fuktigheten fra havet \u00e5 stige opp i atmosf\u00e6ren, og p\u00e5 denne m\u00e5ten oppst\u00e5r bygeskyer.<\/p>\n<p class=\"_paragraph_o9xde_4 _paragraph_xtcu6_10 layout-component text-serif-m layout-normal text-serif-m layout-padded\">If\u00f8lge kartene til Meteorologisk institutt er grovt regnet tre omr\u00e5der som kanskje\/kanskje ikke vil f\u00e5 betydelige sn\u00f8mengder i l\u00f8pet av den kommende uken: <\/p>\n<p class=\"_paragraph_o9xde_4 _paragraph_xtcu6_10 layout-component text-serif-m layout-normal text-serif-m layout-padded\"><strong class=\"_strong_o9xde_25\">* S\u00f8rlandet, \u00d8stlandet og Nordland opp langs kysten av Troms og Finnmark<\/strong><\/p>\n<p class=\"_paragraph_o9xde_4 _paragraph_xtcu6_10 layout-component text-serif-m layout-normal text-serif-m layout-padded\">Problemet er at meteorologene enn\u00e5 ikke vet hvor og hvor mye sn\u00f8 som kommer. <\/p>\n<p class=\"_paragraph_o9xde_4 _paragraph_xtcu6_10 layout-component text-serif-m layout-normal text-serif-m layout-padded\">Det er enklest \u00e5 forutsi hva som skjer i nord:<\/p>\n<p class=\"_paragraph_o9xde_4 _paragraph_xtcu6_10 layout-component text-serif-m layout-normal text-serif-m layout-padded\">\u2013 Det bl\u00e5ser en \u00f8stlig kald vind som gir fralandsvind. Det hindrer sn\u00f8bygene som ligger ute i havet, \u00e5 komme inn over kysten. Derfor er det ikke snakk om store sn\u00f8mengder der, maks 5\u201310 mm pr. dag og for det meste i starten av uken, sier Rafael Escobar L\u00f8vdahl, statsmeteorolog hos Meteorologisk institutt til VG.<\/p>\n<p class=\"_paragraph_o9xde_4 _paragraph_xtcu6_10 layout-component text-serif-m layout-normal text-serif-m layout-padded\">Da er det verre \u00e5 forutsi sn\u00f8v\u00e6ret p\u00e5 S\u00f8r- og \u00d8stlandet, mener L\u00f8vdahl.<\/p>\n<p class=\"_paragraph_o9xde_4 _paragraph_xtcu6_10 layout-component text-serif-m layout-normal text-serif-m layout-padded\">\u2013 Det kommer et lavtrykk inn fra vest over Nordsj\u00f8en men vi vet ikke helt hvor det kommer inn over Norge, sier han. <\/p>\n<p class=\"label-small label-secondary _label_1at2y_53\">\nannonse\n<\/p>\n<p><img decoding=\"async\" alt=\"\" class=\"_image_1at2y_61\" loading=\"lazy\" src=\"https:\/\/www.europesays.com\/no\/wp-content\/uploads\/2026\/01\/9c7e3cc95ab2563d2b3ccf25eac17112.jpeg\" \/>Geniale sko med vendbare pigger<\/p>\n<p class=\"label-medium _description_1at2y_57\">Skinnsko med rotors\u00e5le som lar deg veksle mellom pigger og uten.<\/p>\n<p>Annonselenker <\/p>\n<p>\nDe eksterne lenkene i denne annonsen f\u00f8rer til VGs egen nettbutikk<br \/>\n            som drives av kommersiell avdeling. Inntektene bidrar til \u00e5<br \/>\n            finansiere det journalistiske arbeidet i VG. Redaksjonen prioriterer<br \/>\n            uavhengig av dette. VGs samfunnsoppdrag og rolle som uavhengig<br \/>\n            redaksjonell gransker p\u00e5virkes derfor ikke av dette innholdet.\n<\/p>\n<p class=\"_paragraph_o9xde_4 _paragraph_xtcu6_10 layout-component text-serif-m layout-normal text-serif-m layout-padded\">Statsmeteorologen ser for seg fire scenarioer: 1. Lavtrykket legger seg over Skagerrak og gir mye sn\u00f8 p\u00e5 S\u00f8rlandet og i ytre str\u00f8k oppover Oslofjorden. 2. Lavtrykket g\u00e5r lenger s\u00f8r og det vil gi mindre sn\u00f8 i S\u00f8r-Norge. 3. Dersom lavtrykket g\u00e5r inn over S\u00f8r-Sverige s\u00e5 kan det gi mye sn\u00f8 p\u00e5 \u00d8stlandet.<\/p>\n<p class=\"_paragraph_o9xde_4 _paragraph_xtcu6_10 layout-component text-serif-m layout-normal text-serif-m layout-padded\">Escobar L\u00f8vdahl kompliserer situasjonen ytterligere med et fjerde scenario: At sn\u00f8en fra dette lavtrykket ikke kommer inn over Norge men bare faller i Nordsj\u00f8en &#8230;<\/p>\n<p><img alt=\"Dette er det mange som gleder seg til!   Foto: Berit Keilen \/ NTB\" class=\"_image_qp4xg_65 layout-component layout-normal\" data-fullscreen- data-track-element-type=\"Article image fullscreen\" data-track-name=\"ImageFullscreen\" decoding=\"async\" loading=\"lazy\" height=\"3112\" itemprop=\"image\"  src=\"https:\/\/www.europesays.com\/no\/wp-content\/uploads\/2026\/01\/f5f25831-943e-455b-877d-a2a81cfb8a35.jpeg\"  style=\"object-position:0% 0%\" width=\"4440\"\/>Dette er det mange som gleder seg til!   Foto: Berit Keilen \/ NTB<\/p>\n<p class=\"_paragraph_o9xde_4 _paragraph_xtcu6_10 layout-component text-serif-m layout-normal text-serif-m layout-padded\">OK, veldig usikkert med denne sn\u00f8en, alts\u00e5. Men dette vet vi.<\/p>\n<p class=\"_paragraph_o9xde_4 _paragraph_xtcu6_10 layout-component text-serif-m layout-normal text-serif-m layout-padded\">\u2212 Kulden vi har n\u00e5, i hele landet, er for\u00e5rsaket av en kald arktisk luft fra nord, vil fortsette i denne og neste uke. Og, det vil av og til fortsatt falle lett, s\u00e5kalt kostesn\u00f8, over hele S\u00f8rlandet og \u00d8stlandet. <\/p>\n<p class=\"_paragraph_o9xde_4 _paragraph_xtcu6_10 layout-component text-serif-m layout-normal text-serif-m layout-padded\">Og det gir ikke store sn\u00f8dybder. Dersom man sjekker <a href=\"https:\/\/www.yr.no\/nb\/sn%C3%B8dybder\" class=\"_link_o9xde_39\" rel=\"nofollow noopener\" target=\"_blank\">yr<\/a>, ligger sn\u00f8dybden p\u00e5 under 10 cm de aller fleste steder i lavlandet.   <\/p>\n<p class=\"_paragraph_o9xde_4 _paragraph_xtcu6_10 layout-component text-serif-m layout-normal text-serif-m layout-padded\">Meteorologen sier de vil vite mer om hvordan sn\u00f8en faller utover dagen tirsdag. For da er lavtrykket kommet seg inn i Nordsj\u00f8en og da vet man mer om hvilken vei det vil g\u00e5.     <\/p>\n<p class=\"_paragraph_o9xde_4 _paragraph_xtcu6_10 layout-component text-serif-m layout-normal text-serif-m layout-padded\">\u2013 Jeg hadde tenkt \u00e5 sp\u00f8rre deg om hvordan skif\u00f8ret blir i dagene som kommer, men det er kanskje ikke mulig?<\/p>\n<p class=\"_paragraph_o9xde_4 _paragraph_xtcu6_10 layout-component text-serif-m layout-normal text-serif-m layout-padded\">\u2013 Skif\u00f8ret kan bli veldig mye bedre, eller bare bitte litt bedre, avhengig av hvor lavtrykket g\u00e5r, sier han. <\/p>\n<p>    <img decoding=\"async\" alt=\"Tips oss illustrasjon\" src=\"https:\/\/www.europesays.com\/no\/wp-content\/uploads\/2025\/10\/pssst-small.webp.webp\"\/>    <\/p>\n<p class=\"title-serif-s\">Har du tips?<\/p>\n<p class=\"text-sans-m\">Send oss informasjon, bilder eller video.<\/p>\n<p>  <a href=\"https:\/\/www.vg.no\/tips-oss\" rel=\"nofollow noopener\" target=\"_blank\"> Tips oss <\/a>      <\/p>\n","protected":false},"excerpt":{"rendered":"Det er et lavtrykk p\u00e5 vei inn over Nordsj\u00f8en som f\u00f8rer med seg mye sn\u00f8. Det store sp\u00f8rsm\u00e5let&hellip;\n","protected":false},"author":2,"featured_media":129766,"comment_status":"","ping_status":"","sticky":false,"template":"","format":"standard","meta":{"footnotes":""},"categories":[10],"tags":[31,20,21,24,25,15,22,23,13,30,28,29,14,16,26,27],"class_list":{"0":"post-129765","1":"post","2":"type-post","3":"status-publish","4":"format-standard","5":"has-post-thumbnail","7":"category-norge","8":"tag-breaking","9":"tag-breaking-news","10":"tag-breakingnews","11":"tag-featured-news","12":"tag-featurednews","13":"tag-headlines","14":"tag-latest-news","15":"tag-latestnews","16":"tag-news","17":"tag-no","18":"tag-norge","19":"tag-norway","20":"tag-nyheter","21":"tag-overskrifter","22":"tag-top-stories","23":"tag-topstories"},"share_on_mastodon":{"url":"https:\/\/pubeurope.com\/@no\/115845082849559145","error":""},"_links":{"self":[{"href":"https:\/\/www.europesays.com\/no\/wp-json\/wp\/v2\/posts\/129765","targetHints":{"allow":["GET"]}}],"collection":[{"href":"https:\/\/www.europesays.com\/no\/wp-json\/wp\/v2\/posts"}],"about":[{"href":"https:\/\/www.europesays.com\/no\/wp-json\/wp\/v2\/types\/post"}],"author":[{"embeddable":true,"href":"https:\/\/www.europesays.com\/no\/wp-json\/wp\/v2\/users\/2"}],"replies":[{"embeddable":true,"href":"https:\/\/www.europesays.com\/no\/wp-json\/wp\/v2\/comments?post=129765"}],"version-history":[{"count":0,"href":"https:\/\/www.europesays.com\/no\/wp-json\/wp\/v2\/posts\/129765\/revisions"}],"wp:featuredmedia":[{"embeddable":true,"href":"https:\/\/www.europesays.com\/no\/wp-json\/wp\/v2\/media\/129766"}],"wp:attachment":[{"href":"https:\/\/www.europesays.com\/no\/wp-json\/wp\/v2\/media?parent=129765"}],"wp:term":[{"taxonomy":"category","embeddable":true,"href":"https:\/\/www.europesays.com\/no\/wp-json\/wp\/v2\/categories?post=129765"},{"taxonomy":"post_tag","embeddable":true,"href":"https:\/\/www.europesays.com\/no\/wp-json\/wp\/v2\/tags?post=129765"}],"curies":[{"name":"wp","href":"https:\/\/api.w.org\/{rel}","templated":true}]}}