{"id":129788,"date":"2026-01-06T00:29:21","date_gmt":"2026-01-06T00:29:21","guid":{"rendered":"https:\/\/www.europesays.com\/no\/129788\/"},"modified":"2026-01-06T00:29:21","modified_gmt":"2026-01-06T00:29:21","slug":"drap-orkland-politiet-om-orkland-drapet-dodelig-vold","status":"publish","type":"post","link":"https:\/\/www.europesays.com\/no\/129788\/","title":{"rendered":"Drap, Orkland | Politiet om Orkland-drapet: \u2013 D\u00f8delig vold"},"content":{"rendered":"\n<p>Politiet etterforsker fremdeles drapet p\u00e5 Marita L\u00f8fshus Haugen (35) i Orkland kommune 13. desember.<\/p>\n<p>\u2013 Etterforskningen er i en fase der innhentet informasjon og beslag gjennomg\u00e5s, og politiet venter fortsatt p\u00e5 svar fra analyser fra spor med DNA og fingeravtrykk. Siktelsen av mannen som ble p\u00e5grepet 13. desember er uendret, og politiet har mottatt en forel\u00f8pig obduksjonsrapport. Den siktede mannen \u00f8nsker fortsatt ikke \u00e5 la seg avh\u00f8re av politiet, melder politiet i en pressemelding mandag ettermiddag.<\/p>\n<p>\u2013 Ettersom den siktede ikke \u00f8nsker \u00e5 la seg avh\u00f8re, \u00f8nsker vi ikke \u00e5 si noe mer om den forel\u00f8pige obduksjonsrapporten og d\u00f8ds\u00e5rsak. Det vi kan si er at informasjonen som fremkommer styrker v\u00e5r hypotese om at d\u00f8dsfallet skyldes d\u00f8delig vold, sier p\u00e5taleansvarlig Ole Andreas Aftret i Tr\u00f8ndelag politidistrikt.<\/p>\n<p><b>Les mer: <a href=\"https:\/\/www.nettavisen.no\/nyheter\/drepte-linn-charlott-16-na-er-han-siktet-for-nytt-drap-det-er-toft\/s\/5-95-2781388\" rel=\"Follow nofollow noopener\" target=\"_blank\">Drepte Linn Charlott (16) \u2013 n\u00e5 er han siktet for nytt drap: \u2013 Det er t\u00f8ft<\/a><\/b><\/p>\n<p>P\u00e5talemyndigheten \u00f8nsker \u00e5 forlenge varetektsfengslingen av mannen.<\/p>\n<p>\u2013 Den siktede har ikke oppgitt noen grunn til at han ikke vil la seg avh\u00f8re, men har via sin forsvarer opplyst om at han benytter seg av den retten han har til \u00e5 ikke forklare seg, sier politiadvokat Ole Andreas Aftret.<\/p>\n<p>Den siktede mannen, J\u00f8rn Andersen, ble i 2000 d\u00f8mt til 15 \u00e5rs fengsel for drapet p\u00e5 ekskj\u00e6resten Linn Charlotte Nesblom (16) i Mel\u00f8y i Nordland.<\/p>\n","protected":false},"excerpt":{"rendered":"Politiet etterforsker fremdeles drapet p\u00e5 Marita L\u00f8fshus Haugen (35) i Orkland kommune 13. desember. \u2013 Etterforskningen er i&hellip;\n","protected":false},"author":2,"featured_media":116611,"comment_status":"","ping_status":"","sticky":false,"template":"","format":"standard","meta":{"footnotes":""},"categories":[10],"tags":[20,21,24,25,15,22,23,13,30,28,29,14,16,26,27],"class_list":{"0":"post-129788","1":"post","2":"type-post","3":"status-publish","4":"format-standard","5":"has-post-thumbnail","7":"category-norge","8":"tag-breaking-news","9":"tag-breakingnews","10":"tag-featured-news","11":"tag-featurednews","12":"tag-headlines","13":"tag-latest-news","14":"tag-latestnews","15":"tag-news","16":"tag-no","17":"tag-norge","18":"tag-norway","19":"tag-nyheter","20":"tag-overskrifter","21":"tag-top-stories","22":"tag-topstories"},"share_on_mastodon":{"url":"https:\/\/pubeurope.com\/@no\/115845330522532099","error":""},"_links":{"self":[{"href":"https:\/\/www.europesays.com\/no\/wp-json\/wp\/v2\/posts\/129788","targetHints":{"allow":["GET"]}}],"collection":[{"href":"https:\/\/www.europesays.com\/no\/wp-json\/wp\/v2\/posts"}],"about":[{"href":"https:\/\/www.europesays.com\/no\/wp-json\/wp\/v2\/types\/post"}],"author":[{"embeddable":true,"href":"https:\/\/www.europesays.com\/no\/wp-json\/wp\/v2\/users\/2"}],"replies":[{"embeddable":true,"href":"https:\/\/www.europesays.com\/no\/wp-json\/wp\/v2\/comments?post=129788"}],"version-history":[{"count":0,"href":"https:\/\/www.europesays.com\/no\/wp-json\/wp\/v2\/posts\/129788\/revisions"}],"wp:featuredmedia":[{"embeddable":true,"href":"https:\/\/www.europesays.com\/no\/wp-json\/wp\/v2\/media\/116611"}],"wp:attachment":[{"href":"https:\/\/www.europesays.com\/no\/wp-json\/wp\/v2\/media?parent=129788"}],"wp:term":[{"taxonomy":"category","embeddable":true,"href":"https:\/\/www.europesays.com\/no\/wp-json\/wp\/v2\/categories?post=129788"},{"taxonomy":"post_tag","embeddable":true,"href":"https:\/\/www.europesays.com\/no\/wp-json\/wp\/v2\/tags?post=129788"}],"curies":[{"name":"wp","href":"https:\/\/api.w.org\/{rel}","templated":true}]}}