{"id":129793,"date":"2026-01-06T00:50:28","date_gmt":"2026-01-06T00:50:28","guid":{"rendered":"https:\/\/www.europesays.com\/no\/129793\/"},"modified":"2026-01-06T00:50:28","modified_gmt":"2026-01-06T00:50:28","slug":"leirfjord-hunder-gir-ikke-opp-a-fa-bella-og-maja-i-hus-na-prover-vi-med-mat-som-kan-lokke-dem-inn","status":"publish","type":"post","link":"https:\/\/www.europesays.com\/no\/129793\/","title":{"rendered":"Leirfjord, Hunder | Gir ikke opp \u00e5 f\u00e5 Bella og Maja i hus: \u2013 N\u00e5 pr\u00f8ver vi med mat som kan lokke dem inn"},"content":{"rendered":"\n<p>\u2013 De er blitt enda mer sky, konstaterer Tove-Kristin Ludvigsen s\u00f8ndag kveld.<\/p>\n<p>Hun og medhjelperne hennes har hatt mange observasjoner, og har ogs\u00e5 v\u00e6rt i n\u00e6rheten av Bella og Maja som ble redde og stakk av da det ble skutt opp fyrverkeri ved Kviting i halv nitida om kvelden p\u00e5 1. nytt\u00e5rsdag. De to hundene som Tove-Kristin passer i jula har alts\u00e5 v\u00e6rt ute siden torsdag kveld.<\/p>\n<p>\u2013 Jeg er ufattelig takknemlig for alle som har hjulpet til med letinga. N\u00e5 er hundene blitt vant til \u00e5 v\u00e6re ute og de er blitt mer sky. De springer av g\u00e5rde n\u00e5r det kommer folk.<\/p>\n<p>Etter observasjoner p\u00e5 Sund\u00f8ya ble det gjort fors\u00f8k p\u00e5 \u00e5 skille de to hundene i h\u00e5p om at de skulle la seg fange n\u00e5r de var hver for seg. Men det lyktes ikke og n\u00e5 tror Tove-Kristin Ludvigsen at hundene, som er mor og datter, har funnet tilbake til hverandre.<\/p>\n<p>\u2013 Vi m\u00e5 lokke dem inn. Vi har satt opp en felle med mat og en d\u00f8r til en garasje, og h\u00e5per de g\u00e5r inn.<\/p>\n<p>Bella og Maja er Alaska Husky, en blandingshund som er selektivt avlet for \u00e5 oppn\u00e5 spesifikke egenskaper som trekkhund.<\/p>\n<p>\u2013 De er helt harml\u00f8se, men veldig sky. S\u00e6rlig n\u00e5 som de har v\u00e6rt p\u00e5 r\u00f8mmen tre d\u00f8gn. De er ikke s\u00e5 hardf\u00f8re som kanskje folk tror, og jeg er veldig bekymret for dem.<\/p>\n<p>Tove-Kristin Ludvigsen sier at hun er ufattelig takknemlig for alle som har engasjert seg i hundeletinga.<\/p>\n<p>\u2013 Jeg blir veldig glad for \u00e5 h\u00f8re om observasjoner av hundene. S\u00e5 sky som de er n\u00e5 vil det ikke v\u00e6re noen hjelp i \u00e5 pr\u00f8ve \u00e5 fange dem n\u00e5r de er i friluft. Vi h\u00e5per som sagt p\u00e5 \u00e5 lokke dem med mat, sier Ludvigsen som n\u00e5s p\u00e5 telefon 92216717.<\/p>\n<p>  <a href=\"https:\/\/www.isandnessjoen.no\/5-108-190638\" class=\"related-teaser has-image default-story-teaser article--c-eRUmMG article--c-eRUmMG-jKCPdD-design-default\" rel=\"nofollow noopener\" target=\"_blank\"><\/p>\n<p>    <img decoding=\"async\" loading=\"lazy\"  src=\"https:\/\/www.europesays.com\/no\/wp-content\/uploads\/2026\/01\/1767660628_184_hund.jpg\" alt=\"\" class=\"brick-c-cFOWSL\" style=\"\"\/><\/p>\n<p>\n            Les ogs\u00e5<\/p>\n<p>              Leter fortsatt etter hundene som forsvant p\u00e5 1. nytt\u00e5rsdag\n        <\/p>\n<p>  <\/a><\/p>\n","protected":false},"excerpt":{"rendered":"\u2013 De er blitt enda mer sky, konstaterer Tove-Kristin Ludvigsen s\u00f8ndag kveld. Hun og medhjelperne hennes har hatt&hellip;\n","protected":false},"author":2,"featured_media":128180,"comment_status":"","ping_status":"","sticky":false,"template":"","format":"standard","meta":{"footnotes":""},"categories":[10],"tags":[36,20,21,24,25,10497,15,14851,22,23,2688,13,30,28,29,14,16,1510,26,27],"class_list":{"0":"post-129793","1":"post","2":"type-post","3":"status-publish","4":"format-standard","5":"has-post-thumbnail","7":"category-norge","8":"tag-art","9":"tag-breaking-news","10":"tag-breakingnews","11":"tag-featured-news","12":"tag-featurednews","13":"tag-fyrverkeri","14":"tag-headlines","15":"tag-hunder","16":"tag-latest-news","17":"tag-latestnews","18":"tag-leirfjord","19":"tag-news","20":"tag-no","21":"tag-norge","22":"tag-norway","23":"tag-nyheter","24":"tag-overskrifter","25":"tag-story","26":"tag-top-stories","27":"tag-topstories"},"share_on_mastodon":{"url":"https:\/\/pubeurope.com\/@no\/115845413153724443","error":""},"_links":{"self":[{"href":"https:\/\/www.europesays.com\/no\/wp-json\/wp\/v2\/posts\/129793","targetHints":{"allow":["GET"]}}],"collection":[{"href":"https:\/\/www.europesays.com\/no\/wp-json\/wp\/v2\/posts"}],"about":[{"href":"https:\/\/www.europesays.com\/no\/wp-json\/wp\/v2\/types\/post"}],"author":[{"embeddable":true,"href":"https:\/\/www.europesays.com\/no\/wp-json\/wp\/v2\/users\/2"}],"replies":[{"embeddable":true,"href":"https:\/\/www.europesays.com\/no\/wp-json\/wp\/v2\/comments?post=129793"}],"version-history":[{"count":0,"href":"https:\/\/www.europesays.com\/no\/wp-json\/wp\/v2\/posts\/129793\/revisions"}],"wp:featuredmedia":[{"embeddable":true,"href":"https:\/\/www.europesays.com\/no\/wp-json\/wp\/v2\/media\/128180"}],"wp:attachment":[{"href":"https:\/\/www.europesays.com\/no\/wp-json\/wp\/v2\/media?parent=129793"}],"wp:term":[{"taxonomy":"category","embeddable":true,"href":"https:\/\/www.europesays.com\/no\/wp-json\/wp\/v2\/categories?post=129793"},{"taxonomy":"post_tag","embeddable":true,"href":"https:\/\/www.europesays.com\/no\/wp-json\/wp\/v2\/tags?post=129793"}],"curies":[{"name":"wp","href":"https:\/\/api.w.org\/{rel}","templated":true}]}}