{"id":129794,"date":"2026-01-06T00:57:29","date_gmt":"2026-01-06T00:57:29","guid":{"rendered":"https:\/\/www.europesays.com\/no\/129794\/"},"modified":"2026-01-06T00:57:29","modified_gmt":"2026-01-06T00:57:29","slug":"tafjord-varmast-i-landet-i-desember","status":"publish","type":"post","link":"https:\/\/www.europesays.com\/no\/129794\/","title":{"rendered":"Tafjord varmast i landet i desember"},"content":{"rendered":"<p>If\u00f8lge Meteorologisk institutt blei det m\u00e5lt 17,6 grader i Tafjord 15. desember. Ingen andre stadar kunne toppe det resultatet i desember.<\/p>\n<p>Dette er ogs\u00e5 den femte h\u00f8gaste temperaturen som nokon gong er m\u00e5lt i Tafjord i desember sidan ein starta med slike m\u00e5lingar i 1952. <a href=\"https:\/\/www.nrk.no\/mr\/har-malt-18_7-grader-i-tafjord-pa-sunnmore-1.17150323\" ec-id=\"pp:article:1.17150323\" ec-name=\"Rekorden kom 1. desember 2024 d\u00e5 det blei m\u00e5lt 18,7 grader.\" rel=\"nofollow noopener\" target=\"_blank\">Rekorden kom 1. desember 2024 d\u00e5 det blei m\u00e5lt 18,7 grader.<\/a><\/p>\n<p>Den nest h\u00f8gaste temperaturen som er m\u00e5lt i Tafjord er 17,7 grader 31. desember 1972 og 20. desember 2015.<\/p>\n<p><strong>\u2013 S\u00e5 dette er jo ikkje overraskande. Du f\u00e5r jo ein f\u00f8neffekt p\u00e5 grunn av dei h\u00f8ge fjella som ligg kring Tafjord, seier Lillian Kalve ved Klimavakten ved Meteorologisk institutt.<\/strong><\/p>\n<p><img decoding=\"async\"   src=\"data:image\/gif;base64,R0lGODlhAQABAIAAAAAAAP\/\/\/yH5BAEAAAAALAAAAAABAAEAAAIBRAA7\" loading=\"eager\" alt=\"Oversikt over lufttemperatur i landet i desember 2025\" title=\"Foto: Meteorologisk institutt\"\/><\/p>\n<p class=\"\">Desember m\u00e5nad enda tre gradar over normalen i desember i fjor.<\/p>\n<p>Foto: Meteorologisk institutt<\/p>\n<p>Ventar meir av det same i \u00e5ra som kjem<\/p>\n<p>Det blei sett 22 rekordar for h\u00f8g m\u00e5nadstemperatur if\u00f8lgje Meteorologisk institutt sin oversikt for desember. 15. desember peikar seg ut som den varmaste dagen i denne m\u00e5naden fleire stadar i langs kysten.<\/p>\n<p>I M\u00f8re og Romsdal blei det m\u00e5lt 16,3 gradar p\u00e5 Sunndals\u00f8ra og 15,6 gradar p\u00e5 \u00c5ndalsnes 15. desember i fjor.<\/p>\n<p>I Kristiansund blei det m\u00e5lt 14,7 gradar denne dagen, og det er rekord sidan ein starta med m\u00e5lingane ved flyplassen i Kristiansund i 2003.<\/p>\n<p>Totalt enda desember tre gradar over normalen if\u00f8lgje Meteorologisk institutt.<\/p>\n<p><strong>\u2013 M\u00e5naden f\u00f8yer seg inn i rekka av milde vinterm\u00e5nader siste tida, seier klimaforskar Jostein Mamen.<\/strong><\/p>\n<p>Mamen ventar meir av det same i \u00e5ra som kjem, p\u00e5 grunn av den menneskeskapte globale oppvarminga.<\/p>\n<p>Publisert<\/p>\n<p>05.01.2026, kl. 13.22<\/p>\n<p>Oppdatert<\/p>\n<p>05.01.2026, kl. 14.05<\/p>\n","protected":false},"excerpt":{"rendered":"If\u00f8lge Meteorologisk institutt blei det m\u00e5lt 17,6 grader i Tafjord 15. desember. Ingen andre stadar kunne toppe det&hellip;\n","protected":false},"author":2,"featured_media":129795,"comment_status":"","ping_status":"","sticky":false,"template":"","format":"standard","meta":{"footnotes":""},"categories":[10],"tags":[20,21,24,25,15,22,23,13,30,28,29,14,16,26,27],"class_list":{"0":"post-129794","1":"post","2":"type-post","3":"status-publish","4":"format-standard","5":"has-post-thumbnail","7":"category-norge","8":"tag-breaking-news","9":"tag-breakingnews","10":"tag-featured-news","11":"tag-featurednews","12":"tag-headlines","13":"tag-latest-news","14":"tag-latestnews","15":"tag-news","16":"tag-no","17":"tag-norge","18":"tag-norway","19":"tag-nyheter","20":"tag-overskrifter","21":"tag-top-stories","22":"tag-topstories"},"share_on_mastodon":{"url":"https:\/\/pubeurope.com\/@no\/115845440611389323","error":""},"_links":{"self":[{"href":"https:\/\/www.europesays.com\/no\/wp-json\/wp\/v2\/posts\/129794","targetHints":{"allow":["GET"]}}],"collection":[{"href":"https:\/\/www.europesays.com\/no\/wp-json\/wp\/v2\/posts"}],"about":[{"href":"https:\/\/www.europesays.com\/no\/wp-json\/wp\/v2\/types\/post"}],"author":[{"embeddable":true,"href":"https:\/\/www.europesays.com\/no\/wp-json\/wp\/v2\/users\/2"}],"replies":[{"embeddable":true,"href":"https:\/\/www.europesays.com\/no\/wp-json\/wp\/v2\/comments?post=129794"}],"version-history":[{"count":0,"href":"https:\/\/www.europesays.com\/no\/wp-json\/wp\/v2\/posts\/129794\/revisions"}],"wp:featuredmedia":[{"embeddable":true,"href":"https:\/\/www.europesays.com\/no\/wp-json\/wp\/v2\/media\/129795"}],"wp:attachment":[{"href":"https:\/\/www.europesays.com\/no\/wp-json\/wp\/v2\/media?parent=129794"}],"wp:term":[{"taxonomy":"category","embeddable":true,"href":"https:\/\/www.europesays.com\/no\/wp-json\/wp\/v2\/categories?post=129794"},{"taxonomy":"post_tag","embeddable":true,"href":"https:\/\/www.europesays.com\/no\/wp-json\/wp\/v2\/tags?post=129794"}],"curies":[{"name":"wp","href":"https:\/\/api.w.org\/{rel}","templated":true}]}}