{"id":129811,"date":"2026-01-06T02:34:07","date_gmt":"2026-01-06T02:34:07","guid":{"rendered":"https:\/\/www.europesays.com\/no\/129811\/"},"modified":"2026-01-06T02:34:07","modified_gmt":"2026-01-06T02:34:07","slug":"venezuela-presidentpalasset-i-venezuela-meldinger-om-skudd-naer-presidentpalasset-i-venezuelas-hovedstad-melder-afp","status":"publish","type":"post","link":"https:\/\/www.europesays.com\/no\/129811\/","title":{"rendered":"Venezuela, Presidentpalasset i Venezuela | Meldinger om skudd n\u00e6r presidentpalasset i Venezuelas hovedstad, melder AFP"},"content":{"rendered":"\n<p>Det franske nyhetsbyr\u00e5et AFP f\u00e5r dette opplyst fra \u00f8yenvitner og en kilde n\u00e6r Venezuelas presidentskap.<\/p>\n<p>Uidentifiserte droner fl\u00f8y over presidentpalasset Miraflores i sentrum av Caracas, og sikkerhetsstyrker \u00e5pnet ild mot dronene ved 20-tiden mandag kveld, sier kilden.<\/p>\n<p>If\u00f8lge to tjenestemenn i Det hvite hus var USA \u00abikke involvert\u00bb, melder <a rel=\"noopener nofollow\" href=\"https:\/\/news.sky.com\/story\/venezuela-live-trump-maduro-court-capture-strikes-colombia-greenland-latest-13489831?postid=10802031#liveblog-body\" target=\"_blank\">Sky News<\/a>.<\/p>\n<p>\u2013 Administrasjonen f\u00f8lger n\u00f8ye med p\u00e5 meldingene, sier de if\u00f8lge den britiske kanalen.<\/p>\n<p>En beboer i omr\u00e5det sier til AFP at det kunne h\u00f8res skyting som varte i rundt ett minutt.<\/p>\n<p>\u2013 Det f\u00f8rste jeg tenkte p\u00e5, var \u00e5 se om det var fly i luften, men det var det ikke. Jeg s\u00e5 bare to r\u00f8de lys p\u00e5 himmelen, sier beboeren, som bor noen f\u00e5 kvartaler unna Miraflores.<\/p>\n<p>\u2013 Alle s\u00e5 ut av vinduene sine for \u00e5 sjekke om det var et fly, for \u00e5 se hva som skjedde, sier beboeren.<\/p>\n<p>Venezuelas kommunikasjonsdepartement har ikke besvart AFPs henvendelser om kommentarer til saken.<\/p>\n<p>Videoer lagt ut i sosiale medier viser det som ser ut som sporingskuler sendt opp i luften, og sikkerhetsstyrker p\u00e5 vei til presidentpalasset.<\/p>\n<p>Hendelsen skjedde noen timer etter at Nicolas Maduros visepresident Delcy Rodr\u00edguez ble tatt i ed som midlertidig president etter at Maduro og hans kone Cilia Flores natt til l\u00f8rdag ble fanget av amerikanske styrker i Caracas og fraktet til New York. Der ble han mandag fremstilt i et innledende rettsm\u00f8te og forelagt tiltalepunkter om narkotika- og v\u00e5penlovbrudd. Maduro erkl\u00e6rte seg ikke skyldig.<\/p>\n","protected":false},"excerpt":{"rendered":"Det franske nyhetsbyr\u00e5et AFP f\u00e5r dette opplyst fra \u00f8yenvitner og en kilde n\u00e6r Venezuelas presidentskap. Uidentifiserte droner fl\u00f8y&hellip;\n","protected":false},"author":2,"featured_media":3844,"comment_status":"","ping_status":"","sticky":false,"template":"","format":"standard","meta":{"footnotes":""},"categories":[12],"tags":[20,21,24,25,15,22,23,13,30,28,29,14,16,26,27,42,43,44,45],"class_list":{"0":"post-129811","1":"post","2":"type-post","3":"status-publish","4":"format-standard","5":"has-post-thumbnail","7":"category-verden","8":"tag-breaking-news","9":"tag-breakingnews","10":"tag-featured-news","11":"tag-featurednews","12":"tag-headlines","13":"tag-latest-news","14":"tag-latestnews","15":"tag-news","16":"tag-no","17":"tag-norge","18":"tag-norway","19":"tag-nyheter","20":"tag-overskrifter","21":"tag-top-stories","22":"tag-topstories","23":"tag-verden","24":"tag-world","25":"tag-world-news","26":"tag-worldnews"},"share_on_mastodon":{"url":"https:\/\/pubeurope.com\/@no\/115845822022906891","error":""},"_links":{"self":[{"href":"https:\/\/www.europesays.com\/no\/wp-json\/wp\/v2\/posts\/129811","targetHints":{"allow":["GET"]}}],"collection":[{"href":"https:\/\/www.europesays.com\/no\/wp-json\/wp\/v2\/posts"}],"about":[{"href":"https:\/\/www.europesays.com\/no\/wp-json\/wp\/v2\/types\/post"}],"author":[{"embeddable":true,"href":"https:\/\/www.europesays.com\/no\/wp-json\/wp\/v2\/users\/2"}],"replies":[{"embeddable":true,"href":"https:\/\/www.europesays.com\/no\/wp-json\/wp\/v2\/comments?post=129811"}],"version-history":[{"count":0,"href":"https:\/\/www.europesays.com\/no\/wp-json\/wp\/v2\/posts\/129811\/revisions"}],"wp:featuredmedia":[{"embeddable":true,"href":"https:\/\/www.europesays.com\/no\/wp-json\/wp\/v2\/media\/3844"}],"wp:attachment":[{"href":"https:\/\/www.europesays.com\/no\/wp-json\/wp\/v2\/media?parent=129811"}],"wp:term":[{"taxonomy":"category","embeddable":true,"href":"https:\/\/www.europesays.com\/no\/wp-json\/wp\/v2\/categories?post=129811"},{"taxonomy":"post_tag","embeddable":true,"href":"https:\/\/www.europesays.com\/no\/wp-json\/wp\/v2\/tags?post=129811"}],"curies":[{"name":"wp","href":"https:\/\/api.w.org\/{rel}","templated":true}]}}