{"id":129812,"date":"2026-01-06T02:36:19","date_gmt":"2026-01-06T02:36:19","guid":{"rendered":"https:\/\/www.europesays.com\/no\/129812\/"},"modified":"2026-01-06T02:36:19","modified_gmt":"2026-01-06T02:36:19","slug":"kriminalitet-oksemann-gikk-etter-sin-egen-bekjentskapskrets-oppland-arbeiderblad","status":"publish","type":"post","link":"https:\/\/www.europesays.com\/no\/129812\/","title":{"rendered":"Kriminalitet, \u00d8ksemann | Gikk etter sin egen bekjentskapskrets &#8211; Oppland Arbeiderblad"},"content":{"rendered":"<ol>\n<li><a href=\"https:\/\/news.google.com\/rss\/articles\/CBMiaEFVX3lxTE90UDdWdE52SXhHN1FWZ21fNG9naFZuZGo5UXQwUjVRLVB5MUI5WUJFRWhTUzlVbVhFaFhxdmNkMkRCdzlfRTNJTUtTOUNIR1E0U0RJSWR5NzQ2YXlNblBQa0hacDViS0dU?oc=5\" target=\"_blank\" rel=\"nofollow noopener\">Kriminalitet, \u00d8ksemann | Gikk etter sin egen bekjentskapskrets<\/a>&nbsp;&nbsp;Oppland Arbeiderblad<\/li>\n<li><a href=\"https:\/\/news.google.com\/rss\/articles\/CBMijgFBVV95cUxNb0lGSjN3UklIMHo4YnNXQ3NtZnhFenlVbm5GaFh4dkhCQi1uazQ2UC04clNwcXJ1RmFhX2cxSFd0MzduLWYzRGg0ZDBNUVFwT0lDNGhtNW9JTWIzNE5IQjBYRDhtWkVzREVObnVVTkpnUUhyNURUbjBtQTRxTmptd1VXVE10U3Faek5CRTVn?oc=5\" target=\"_blank\" rel=\"nofollow noopener\">Branntill\u00f8p og omfattende h\u00e6rverk i Fagernes<\/a>&nbsp;&nbsp;NRK<\/li>\n<li><a href=\"https:\/\/news.google.com\/rss\/articles\/CBMimAFBVV95cUxPemUwQ29NWkZUNGtYVkowQ1J5Q3RCVDhlc0RvNmxrdHNhRndtWjNIZkZaUTFEQmI0b0djUE9KSW1EUjF0UVc4d1Z4ejZSR2k2dThlYmhpbGF3bzJtemZaVmdMdTF0akMwdVN4RkhzYTlFaEU1a3gzakdHRWhETk5jUmd5eG9kU2lSbWlKN0diQkJxNWtxQTQ2UQ?oc=5\" target=\"_blank\" rel=\"nofollow noopener\">Ulykker og hendelser, Brann | Leteaksjon etter brann i r\u00e5dhus: \u2013 Mange meldinger om skadeverk<\/a>&nbsp;&nbsp;Gudbrandsd\u00f8len Dagningen<\/li>\n<li><a href=\"https:\/\/news.google.com\/rss\/articles\/CBMid0FVX3lxTE90Ri1wb203MGVKdEJ5LXhlYWJZRnlacjlyUnBLUnZRMUU2SEZRUkVtSEtmZTFSNmNqbHlUeXNXYjBDTG5STGlkbkNwenV6UjlrWXl1QldqNDZhQV84bzM4QXNnMzVfbFRmb0pBSzBIVTVFV3ljMTRn?oc=5\" target=\"_blank\" rel=\"nofollow noopener\">NYHETSHJULET<\/a>&nbsp;&nbsp;\u00d8stlendingen<\/li>\n<li><a href=\"https:\/\/news.google.com\/rss\/articles\/CBMi2wFBVV95cUxNdWh5OFpOSFMtNWZCZWFtQmdJY0Z6anNkZWVKa1paT2V4OHZFejNVaDM5U0Y3RWV3dThPeTFWd1RVRnpBdU05b1RLZnNPUi1FVHRJekV1UjV4Q0kyVGJIbnhWd0NqZVp4QjVONmN6bVJoWjZZMEFBU1ZfaEgxLU9qUGhYb19KamIyeDRaRERqaGNfVDFmdDRiUng3a3ktN0RwNUpreFh1d3BOSEs4SGpsSF9fVEZ6WnFiWTdmRmdmb3BXa2VkaGVHUThmTHF3WUJRbENJbXN0SmJxZEU?oc=5\" target=\"_blank\" rel=\"nofollow noopener\">Arbeidsplassen fors\u00f8kt p\u00e5tent \u2013 seks forskjellige selskaper er p\u00e5 leting etter alternativ kontorplass<\/a>&nbsp;&nbsp;Avisa Valdres<\/li>\n<\/ol>\n","protected":false},"excerpt":{"rendered":"Kriminalitet, \u00d8ksemann | Gikk etter sin egen bekjentskapskrets&nbsp;&nbsp;Oppland Arbeiderblad Branntill\u00f8p og omfattende h\u00e6rverk i Fagernes&nbsp;&nbsp;NRK Ulykker og hendelser,&hellip;\n","protected":false},"author":2,"featured_media":129813,"comment_status":"","ping_status":"","sticky":false,"template":"","format":"standard","meta":{"footnotes":""},"categories":[5],"tags":[20,21,24,25,15,19,22,23,17,18,13,30,28,29,14,16,26,27],"class_list":{"0":"post-129812","1":"post","2":"type-post","3":"status-publish","4":"format-standard","5":"has-post-thumbnail","7":"category-overskrifter","8":"tag-breaking-news","9":"tag-breakingnews","10":"tag-featured-news","11":"tag-featurednews","12":"tag-headlines","13":"tag-hovedoppslag","14":"tag-latest-news","15":"tag-latestnews","16":"tag-main-news","17":"tag-mainnews","18":"tag-news","19":"tag-no","20":"tag-norge","21":"tag-norway","22":"tag-nyheter","23":"tag-overskrifter","24":"tag-top-stories","25":"tag-topstories"},"share_on_mastodon":{"url":"https:\/\/pubeurope.com\/@no\/115845829939451230","error":""},"_links":{"self":[{"href":"https:\/\/www.europesays.com\/no\/wp-json\/wp\/v2\/posts\/129812","targetHints":{"allow":["GET"]}}],"collection":[{"href":"https:\/\/www.europesays.com\/no\/wp-json\/wp\/v2\/posts"}],"about":[{"href":"https:\/\/www.europesays.com\/no\/wp-json\/wp\/v2\/types\/post"}],"author":[{"embeddable":true,"href":"https:\/\/www.europesays.com\/no\/wp-json\/wp\/v2\/users\/2"}],"replies":[{"embeddable":true,"href":"https:\/\/www.europesays.com\/no\/wp-json\/wp\/v2\/comments?post=129812"}],"version-history":[{"count":0,"href":"https:\/\/www.europesays.com\/no\/wp-json\/wp\/v2\/posts\/129812\/revisions"}],"wp:featuredmedia":[{"embeddable":true,"href":"https:\/\/www.europesays.com\/no\/wp-json\/wp\/v2\/media\/129813"}],"wp:attachment":[{"href":"https:\/\/www.europesays.com\/no\/wp-json\/wp\/v2\/media?parent=129812"}],"wp:term":[{"taxonomy":"category","embeddable":true,"href":"https:\/\/www.europesays.com\/no\/wp-json\/wp\/v2\/categories?post=129812"},{"taxonomy":"post_tag","embeddable":true,"href":"https:\/\/www.europesays.com\/no\/wp-json\/wp\/v2\/tags?post=129812"}],"curies":[{"name":"wp","href":"https:\/\/api.w.org\/{rel}","templated":true}]}}