{"id":129816,"date":"2026-01-06T02:43:27","date_gmt":"2026-01-06T02:43:27","guid":{"rendered":"https:\/\/www.europesays.com\/no\/129816\/"},"modified":"2026-01-06T02:43:27","modified_gmt":"2026-01-06T02:43:27","slug":"trump-tror-putin-ble-veldig-sint","status":"publish","type":"post","link":"https:\/\/www.europesays.com\/no\/129816\/","title":{"rendered":"Trump tror Putin: &#8211; Ble veldig sint"},"content":{"rendered":"<p>SISTE:\u00a0&#8211; , sier Donald Trump ved en ny pressekonferanse litt f\u00f8r klokka 22 mandag kveld.<\/p>\n<p>Statskontrollerte russiske medier hevder at Ukraina har angrepet Vladimir Putins residens i Novgorod med langtrekkende 91 droner &#8211; samtidig som at Ukrainas president Volodymyr Zelenskyj har v\u00e6rt i toppm\u00f8te med Trump.<\/p>\n<p>P\u00e5standene benektes hardnakket fra ukrainsk hold.<\/p>\n<p>&#8211; Synd\t<\/p>\n<p>Donald Trump svarte kort p\u00e5 sp\u00f8rsm\u00e5l om det angivelige angrepet under en pressekonferanse pressekonferanse ved Mar-a-Lago sammen med Israels Benjamin Netanyahu klokka 19.30.<\/p>\n<p>&#8211; Jeg vet ikke noe om det. Jeg h\u00f8rte nettopp om det. Det ville v\u00e6rt synd, sa Trump.\u00a0<\/p>\n<p>Han gjentok at han og Russlands president Vladimir Putin har hatt en god samtale per telefon.<\/p>\n<p>        <img loading=\"lazy\" decoding=\"async\" src=\"https:\/\/www.europesays.com\/no\/wp-content\/uploads\/2026\/01\/1767667403_760_84037876.webp.webp\" width=\"980\" height=\"657\" title=\"AVFEIER: Russland hevder Ukraina har angrepet Vladimir Putins Valdaj-residens i Novgorod fylke, mellom Moskva og Sankt Petersburg. Volodymyr Zelenskyj avfeier p\u00e5standene som ren l\u00f8gn, og ber USA komme p\u00e5 banen. Foto: Getty via AFP\" alt=\"\" class=\"\" style=\"--aspect-ratio-image: 1.49; \"\/><\/p>\n<p>\n        AVFEIER: Russland hevder Ukraina har angrepet Vladimir Putins Valdaj-residens i Novgorod fylke, mellom Moskva og Sankt Petersburg. Volodymyr Zelenskyj avfeier p\u00e5standene som ren l\u00f8gn, og ber USA komme p\u00e5 banen. Foto: Getty via AFP\n    <\/p>\n<p>Han bekrefter Kremls p\u00e5stander om at Putin informerte Trump selv.<\/p>\n<p> &#8211; Dette er ikke riktig tidspunkt. Jeg ble veldig sint, sier Trump.<\/p>\n<p>&#8211; Jeg stanset <a href=\"https:\/\/www.reuters.com\/world\/europe\/trump-says-no-tomahawks-ukraine-now-2025-11-03\/\" rel=\"nofollow noopener\" target=\"_blank\">Tomahawk-missilene<\/a>, ikke glem det. En ting er \u00e5 v\u00e6re offensive. En annen ting er \u00e5 angripe huset hans.\u00a0<\/p>\n<p>En journalist fulgte opp med sp\u00f8rsm\u00e5l om Zelenskyjs benektelse av angrepet.<\/p>\n<p>&#8211; Kanskje det ikke skjedde. Men Putin fortalte meg i morges at det gjorde det, sier han.<\/p>\n<p>        President Donald Trump sier han tror p\u00e5 Putins p\u00e5stand om at Ukraina skal ha pr\u00f8vd \u00e5 angripe Putins residens. Selv avfeier Zelenskyj p\u00e5standen som ren l\u00f8gn. Video: Reuters<\/p>\n<p>Avfeier som l\u00f8gn\t<\/p>\n<p>Ukrainas president Volodymyr Zelenskyj avfeier if\u00f8lge Reuters meldingene som ren l\u00f8gn.<\/p>\n<p>&#8211; Russland vil undergrave den ukrainsk-amerikanske fredsprosessen, sier Zelenskyj.<\/p>\n<p>        <img loading=\"lazy\" decoding=\"async\" src=\"https:\/\/www.europesays.com\/no\/wp-content\/uploads\/2026\/01\/84037955.webp.webp\" width=\"980\" height=\"559\" title=\"HEVDES ANGREPET: Russland hevder Ukraina har fors\u00f8kt \u00e5 angripe denne residensen, ved Valdaj-innsj\u00f8en i Nogvorod-regionen mellom Sankt Petersburg og Moskva. Foto: Google Earth\" alt=\"\" class=\"\" style=\"--aspect-ratio-image: 1.75; \"\/><\/p>\n<p>\n        HEVDES ANGREPET: Russland hevder Ukraina har fors\u00f8kt \u00e5 angripe denne residensen, ved Valdaj-innsj\u00f8en i Nogvorod-regionen mellom Sankt Petersburg og Moskva. Foto: Google Earth\n    <\/p>\n<p>Han uttaler videre at Russland har planer om \u00e5 ramme ukrainske regjeringsbygg i Kyiv, og ber USA komme p\u00e5 banen med en reaksjon.<\/p>\n<p>Det er presidentens bolig i Dolgije Borodij mellom Moskva og Sankt Petersburg som hevdes \u00e5 v\u00e6re angrepet.<\/p>\n<p>Utenriksminister Sergej Lavrov hevder at Russlands forhandlingsposisjon vil bli revidert som f\u00f8lge av dette.<\/p>\n<p>&#8211; Usannsynlig nyhet\t<\/p>\n<p>Pensjonert generall\u00f8ytnant og tidligere OSSE-observat\u00f8r i det russiskokkuperte Donbas, Arne B\u00e5rd Dalhaug, mener det er usannsynlig at p\u00e5standene stemmer.<\/p>\n<p>&#8211; Det er vesentlig mer sannsynlig at det er noe Russland har kommet opp med. Enten for \u00e5 svekke fredsprosessen slik vi n\u00e5 har sett den, eller fordi de selv planlegger \u00e5 gjennomf\u00f8re et slikt angrep mot Kyiv.<\/p>\n<p>&#8211; Det er en ganske vanlig russisk taktikk, \u00e5 anklage motstanderen for \u00e5 gj\u00f8re noe de selv har tenkt til \u00e5 gj\u00f8re, for s\u00e5 \u00e5 gj\u00f8re det. Det kan v\u00e6re en unnskyldning for \u00e5 gjennomf\u00f8re et stort missilangrep mot Kyiv allerede i natt, sier Dalhaug.<\/p>\n<p>Ukrainas utenriksminister Andrij Sybiha ber verdenssamfunnet om \u00e5 ta avstand fra det de omtaler som russiske l\u00f8gner.<\/p>\n<p>&#8211; De er fabrikert av \u00e9n grunn: \u00c5 rettferdiggj\u00f8re videre angrep p\u00e5 Ukraina, og \u00e5 undergrave fredsprosessen, skriver han i en melding p\u00e5 X.<\/p>\n<blockquote class=\"twitter-tweet\">\n<p lang=\"en\" dir=\"ltr\">Russian manipulations regarding the alleged \u201cattempt to attack Putin\u2019s residence\u201d are fabricated for only one reason: to create a pretext and false justification for Russia\u2019s further attacks against Ukraine, as well as to undermine and impede the peace process.<\/p>\n<p>Usual Russian\u2026<\/p>\n<p>\u2014 Andrii Sybiha \ud83c\uddfa\ud83c\udde6 (@andrii_sybiha) <a href=\"https:\/\/twitter.com\/andrii_sybiha\/status\/2005674834479456718?ref_src=twsrc%5Etfw\" rel=\"nofollow noopener\" target=\"_blank\">December 29, 2025<\/a><\/p><\/blockquote>\n<p>Ogs\u00e5 han omtaler dette som en vanlig russisk taktikk:<\/p>\n<p>&#8211; Anklag motparten for det du selv planlegger \u00e5 gj\u00f8re.<\/p>\n<p>    <a itemprop=\"url\" href=\"https:\/\/www.dagbladet.no\/nyheter\/klare-for-en-avtale\/84033274\" rel=\"nofollow noopener\" target=\"_blank\"><\/p>\n<p>        <img loading=\"lazy\" decoding=\"async\" src=\"https:\/\/www.europesays.com\/no\/wp-content\/uploads\/2026\/01\/84033285.webp.webp\" width=\"980\" height=\"441\" title=\"- Klare for en avtale\" alt=\"\" class=\"\" style=\"--aspect-ratio-image: 2.22; \"\/><\/p>\n<p>        &#8211; Klare for en avtale<\/p>\n<p>    <\/a><\/p>\n<p>Sterkt bevoktet\t<\/p>\n<p>Residensen ligger like ved Valdaj-innsj\u00f8en, og er en av Putins offisielle presidentboliger. Omr\u00e5det er sterkt bevoktet og brukes jevnlig av Putin.<\/p>\n<p>P\u00e5standene rettes fra russisk hold like etter et m\u00f8te mellom Donald Trump og Volodymyr Zelenskyj i Trumps residens i Mar-a-Lago i Florida, i det seineste fors\u00f8ket p\u00e5 \u00e5 f\u00e5 p\u00e5 plass en fredsavtale mellom Russland og Ukraina.<\/p>\n<p>Russland har s\u00e5 langt ikke v\u00e6rt villige til \u00e5 gi innr\u00f8mmelser Vesten og Ukraina har ansett som tilstrekkelige for \u00e5 sikre ukrainsk suverenitet og sikkerhet.<\/p>\n<p>    <a itemprop=\"url\" href=\"https:\/\/www.dagbladet.no\/nyheter\/tviler-pa-fredsplan\/84034212\" rel=\"nofollow noopener\" target=\"_blank\"><\/p>\n<p>        <img loading=\"lazy\" decoding=\"async\" src=\"https:\/\/www.europesays.com\/no\/wp-content\/uploads\/2026\/01\/84034189.webp.webp\" width=\"980\" height=\"441\" title=\"Tviler p\u00e5 fredsplan\" alt=\"\" class=\"lazyload\" style=\"--aspect-ratio-image: 2.22; \"\/><\/p>\n<p>        Tviler p\u00e5 fredsplan<\/p>\n<p>    <\/a><\/p>\n<p>Styrket luftvern\t<\/p>\n<p>Russland styrket luftvernet rundt eiendommen s\u00e5 seint som i fjor sommer, if\u00f8lge Radio Liberty og CNN.\u00a0<\/p>\n<p>Satellittbilder viste at russerne hadde utplassert flere Pantsier-S1-systemer i omr\u00e5det rundt den strengt bevoktede eiendommen.<\/p>\n<p> Pantsir-systemet best\u00e5r av radar, bakke-til-luft-raketter og en 30 millimeters kanon og er beregnet p\u00e5 forsvar mot krysserraketter, droner og fly opp til en h\u00f8yde p\u00e5 15 000 meter og en avstand p\u00e5 20 kilometer. <\/p>\n<p>Skal ha snakket p\u00e5 telefon\t<\/p>\n<p>Mandag ettermiddag kommer ytterligere p\u00e5stander om det angivelige angrepet. Til det Kreml-kontrollerte nyhetsbyr\u00e5et Interfac hevder viseutenriksminister Aleksandr Grusjko at Russland ser\u00a0\u00abbritisk innflytelse\u00bb i det p\u00e5st\u00e5tte angrepet.<\/p>\n<p>Trumps pressetalskvinne Karoline Leavitt opplyste i en X-melding at Trump og Putin har snakket sammen p\u00e5 telefon, like etter at Russland rettet p\u00e5standene. Telefonsamtalen omtales av Leavitt som positiv.<\/p>\n<p>Volodymyr Zelenskyj har samtidig snakket med flere europeiske statsledere i kj\u00f8lvannet av p\u00e5standene fra Kreml.<\/p>\n<blockquote class=\"twitter-tweet\">\n<p lang=\"en\" dir=\"ltr\">I spoke with President of Finland <a href=\"https:\/\/twitter.com\/alexstubb?ref_src=twsrc%5Etfw\" rel=\"nofollow noopener\" target=\"_blank\">@alexstubb<\/a>. As always with Alex, we discussed the diplomatic situation, our opportunities and prospects, and the outcomes of the meetings with President Trump and his team. We are preparing new meetings in Europe, and it is important that\u2026<\/p>\n<p>\u2014 Volodymyr Zelenskyy \/ \u0412\u043e\u043b\u043e\u0434\u0438\u043c\u0438\u0440 \u0417\u0435\u043b\u0435\u043d\u0441\u044c\u043a\u0438\u0439 (@ZelenskyyUa) <a href=\"https:\/\/twitter.com\/ZelenskyyUa\/status\/2005686393322745871?ref_src=twsrc%5Etfw\" rel=\"nofollow noopener\" target=\"_blank\">December 29, 2025<\/a><\/p><\/blockquote>\n<p>P\u00e5 X melder han \u00e5 ha snakket med den tyske forbundskansleren Frietrich Merz, Latvias president Edgars Rinkevics og Finlands president Alexander Stubb.<\/p>\n<p>Her opplyser han ogs\u00e5 at det forberedes nye m\u00f8ter p\u00e5 toppniv\u00e5 i Europa.<\/p>\n<p>Hevder Trump ble sjokkert\t<\/p>\n<p>Putins utsending Jurij Usjakov hevder Putin har gitt Trump beskjed om de angivelige angrepene i telefonsamtalen, og hevder videre at Trump ble\u00a0\u00absjokkert\u00bb da han fikk vite det.<\/p>\n<p>Han hevder videre at Trump angivelig sa at p\u00e5standene vil p\u00e5virke hans samarbeid med Zelenskyj.<\/p>\n<p>Dagbladet har kontaktet Utenriksdepartementet om saken. De \u00f8nsker ikke \u00e5 kommentere p\u00e5standene.<\/p>\n<p><script async src=\"https:\/\/platform.twitter.com\/widgets.js\" charset=\"utf-8\"><\/script><\/p>\n","protected":false},"excerpt":{"rendered":"SISTE:\u00a0&#8211; , sier Donald Trump ved en ny pressekonferanse litt f\u00f8r klokka 22 mandag kveld. Statskontrollerte russiske medier&hellip;\n","protected":false},"author":2,"featured_media":124313,"comment_status":"","ping_status":"","sticky":false,"template":"","format":"standard","meta":{"footnotes":""},"categories":[5],"tags":[20,21,24,25,15,19,179,22,23,17,18,3998,13,30,28,29,14,16,188,26,27,489,412,186],"class_list":{"0":"post-129816","1":"post","2":"type-post","3":"status-publish","4":"format-standard","5":"has-post-thumbnail","7":"category-overskrifter","8":"tag-breaking-news","9":"tag-breakingnews","10":"tag-featured-news","11":"tag-featurednews","12":"tag-headlines","13":"tag-hovedoppslag","14":"tag-krigen-i-ukraina","15":"tag-latest-news","16":"tag-latestnews","17":"tag-main-news","18":"tag-mainnews","19":"tag-metadz","20":"tag-news","21":"tag-no","22":"tag-norge","23":"tag-norway","24":"tag-nyheter","25":"tag-overskrifter","26":"tag-russland","27":"tag-top-stories","28":"tag-topstories","29":"tag-ukraina","30":"tag-utenriks","31":"tag-vladimir-putin"},"share_on_mastodon":{"url":"https:\/\/pubeurope.com\/@no\/115845857492109255","error":""},"_links":{"self":[{"href":"https:\/\/www.europesays.com\/no\/wp-json\/wp\/v2\/posts\/129816","targetHints":{"allow":["GET"]}}],"collection":[{"href":"https:\/\/www.europesays.com\/no\/wp-json\/wp\/v2\/posts"}],"about":[{"href":"https:\/\/www.europesays.com\/no\/wp-json\/wp\/v2\/types\/post"}],"author":[{"embeddable":true,"href":"https:\/\/www.europesays.com\/no\/wp-json\/wp\/v2\/users\/2"}],"replies":[{"embeddable":true,"href":"https:\/\/www.europesays.com\/no\/wp-json\/wp\/v2\/comments?post=129816"}],"version-history":[{"count":0,"href":"https:\/\/www.europesays.com\/no\/wp-json\/wp\/v2\/posts\/129816\/revisions"}],"wp:featuredmedia":[{"embeddable":true,"href":"https:\/\/www.europesays.com\/no\/wp-json\/wp\/v2\/media\/124313"}],"wp:attachment":[{"href":"https:\/\/www.europesays.com\/no\/wp-json\/wp\/v2\/media?parent=129816"}],"wp:term":[{"taxonomy":"category","embeddable":true,"href":"https:\/\/www.europesays.com\/no\/wp-json\/wp\/v2\/categories?post=129816"},{"taxonomy":"post_tag","embeddable":true,"href":"https:\/\/www.europesays.com\/no\/wp-json\/wp\/v2\/tags?post=129816"}],"curies":[{"name":"wp","href":"https:\/\/api.w.org\/{rel}","templated":true}]}}