{"id":129817,"date":"2026-01-06T02:44:44","date_gmt":"2026-01-06T02:44:44","guid":{"rendered":"https:\/\/www.europesays.com\/no\/129817\/"},"modified":"2026-01-06T02:44:44","modified_gmt":"2026-01-06T02:44:44","slug":"landslagssjefen-kan-ikke-garantere-at-alle-stiller-i-ski-nm","status":"publish","type":"post","link":"https:\/\/www.europesays.com\/no\/129817\/","title":{"rendered":"Landslags\u00adsjefen kan ikke garantere at alle stiller i ski-NM"},"content":{"rendered":"<p>Tour de Ski-avhopperen Astrid \u00d8yre Slind har allerede varslet at hun prioriterer trening istedenfor NM. Emil Iversen har sagt at han gjerne skulle ha gjort det samme.<\/p>\n<p>Flere kan f\u00f8lge p\u00e5. NM-deltakelse blant de st\u00f8rste skistjernene har v\u00e6rt et evig tema i de siste sesongene. Som regel er det endt med at de fleste har stilt opp p\u00e5 minst \u00e9n distanse.<\/p>\n<p>Selv om NM er et sv\u00e6rt viktig arrangement for Ski-Norge og Norges Skiforbund, er det ikke slik at det har f\u00f8rsteprioritet blant de aller beste. De vil heller forberede seg til de store internasjonale mesterskapene som OL og VM.<\/p>\n<p>OL teller mest<\/p>\n<p>Og i \u00e5r er det OL i Italia som teller aller mest.<\/p>\n<p>\u2013 N\u00e5 skal vi f\u00f8rst f\u00e5 unna Tour de Ski. Noen er tatt ut, og noen er ikke tatt ut. NM er viktige uttaksrenn for flere, men ikke n\u00f8dvendigvis for alle. Vi kommer til \u00e5 ha en solid tropp til NM, men jeg kan ikke garantere at alle g\u00e5r minst ett renn i NM, sier landslagstrener Eirik Myhr Nossum.<\/p>\n<p>Han sier at noen \u00f8nsker seg kanskje til h\u00f8yden og andre destinasjoner for \u00e5 forberede seg best mulig.<\/p>\n<p>\u2013 De som allerede er tatt ut, har kanskje litt st\u00f8rre muligheter enn de som ikke er tatt ut til \u00e5 gj\u00f8re som de vil, sier landslagstrener Eirik Myhr Nossum til NTB.<\/p>\n<p>Ikke som \u00f8nsket<\/p>\n<p>Sp\u00f8rsm\u00e5let g\u00e5r ogs\u00e5 til Nossums trenerkollega Arild Monsen.<\/p>\n<p>\u2013 De fem som er tatt ut, kan sikkert vurdere \u00e5 st\u00e5 over NM-dagene.<\/p>\n<p>\u2013 Ogs\u00e5 Erik Valnes?<\/p>\n<p>\u2013 N\u00e5 er NM blitt mer aktuelt for ham. Vi m\u00e5 pr\u00f8ve \u00e5 preppe ham inn mot OL. Den er uviss enn\u00e5, sa Monsen til NTB etter l\u00f8rdagens 5. etappe i Tour de Ski.<\/p>\n<p>Der gikk ikke Erik Valnes. Han trente i Val di Fiemme fredag, men f\u00f8lte seg ikke bra og trakk seg ut av touren senere samme dag.<\/p>\n<p>\u2013 Hvordan er situasjonen for ham?<\/p>\n<p>\u2013 Den er ikke slik vi \u00f8nsker. Han trenger noen dager for \u00e5 komme seg igjen. Han er sliten og restituerer seg ikke. Det hadde gjort vondt verre \u00e5 g\u00e5 her i dag. Erik har v\u00e6rt st\u00f8digheten selv i flere \u00e5r. Da f\u00e5r vi h\u00e5pe at han finner tilbake til seg selv om en stund, sier Monsen.<\/p>\n","protected":false},"excerpt":{"rendered":"Tour de Ski-avhopperen Astrid \u00d8yre Slind har allerede varslet at hun prioriterer trening istedenfor NM. Emil Iversen har&hellip;\n","protected":false},"author":2,"featured_media":129818,"comment_status":"","ping_status":"","sticky":false,"template":"","format":"standard","meta":{"footnotes":""},"categories":[59],"tags":[30,28,29,83,82],"class_list":{"0":"post-129817","1":"post","2":"type-post","3":"status-publish","4":"format-standard","5":"has-post-thumbnail","7":"category-sport","8":"tag-no","9":"tag-norge","10":"tag-norway","11":"tag-sport","12":"tag-sports"},"share_on_mastodon":{"url":"https:\/\/pubeurope.com\/@no\/115845861365829353","error":""},"_links":{"self":[{"href":"https:\/\/www.europesays.com\/no\/wp-json\/wp\/v2\/posts\/129817","targetHints":{"allow":["GET"]}}],"collection":[{"href":"https:\/\/www.europesays.com\/no\/wp-json\/wp\/v2\/posts"}],"about":[{"href":"https:\/\/www.europesays.com\/no\/wp-json\/wp\/v2\/types\/post"}],"author":[{"embeddable":true,"href":"https:\/\/www.europesays.com\/no\/wp-json\/wp\/v2\/users\/2"}],"replies":[{"embeddable":true,"href":"https:\/\/www.europesays.com\/no\/wp-json\/wp\/v2\/comments?post=129817"}],"version-history":[{"count":0,"href":"https:\/\/www.europesays.com\/no\/wp-json\/wp\/v2\/posts\/129817\/revisions"}],"wp:featuredmedia":[{"embeddable":true,"href":"https:\/\/www.europesays.com\/no\/wp-json\/wp\/v2\/media\/129818"}],"wp:attachment":[{"href":"https:\/\/www.europesays.com\/no\/wp-json\/wp\/v2\/media?parent=129817"}],"wp:term":[{"taxonomy":"category","embeddable":true,"href":"https:\/\/www.europesays.com\/no\/wp-json\/wp\/v2\/categories?post=129817"},{"taxonomy":"post_tag","embeddable":true,"href":"https:\/\/www.europesays.com\/no\/wp-json\/wp\/v2\/tags?post=129817"}],"curies":[{"name":"wp","href":"https:\/\/api.w.org\/{rel}","templated":true}]}}