{"id":129821,"date":"2026-01-06T03:06:08","date_gmt":"2026-01-06T03:06:08","guid":{"rendered":"https:\/\/www.europesays.com\/no\/129821\/"},"modified":"2026-01-06T03:06:08","modified_gmt":"2026-01-06T03:06:08","slug":"jonas-lihaug-fredriksen-knakk-sammen","status":"publish","type":"post","link":"https:\/\/www.europesays.com\/no\/129821\/","title":{"rendered":"Jonas Lihaug Fredriksen knakk sammen"},"content":{"rendered":"\n<p class=\"_paragraph_o9xde_4 _paragraph_xtcu6_10 layout-component text-serif-m layout-normal text-serif-m layout-padded\">Tirsdag har realityprogrammet premiere, og allerede i f\u00f8rste episode av \u00e5rets sesong bryter Jonas Lihaug Fredriksen sammen.<\/p>\n<p class=\"_paragraph_o9xde_4 _paragraph_xtcu6_10 layout-component text-serif-m layout-normal text-serif-m layout-padded\"><strong class=\"_strong_o9xde_25\">\u2013 En hard start, sier Fredriksen til VG.<\/strong><\/p>\n<p class=\"_paragraph_o9xde_4 _paragraph_xtcu6_10 layout-component text-serif-m layout-normal text-serif-m layout-padded\">Han f\u00e5r det han selv beskriver som et kraftig angstanfall.<\/p>\n<p class=\"_paragraph_o9xde_4 _paragraph_xtcu6_10 layout-component text-serif-m layout-normal text-serif-m layout-padded\">\u2013 V\u00e5knet med en klump i magen, sier 36-\u00e5ringen i episoden f\u00f8r hendelsen.<\/p>\n<p class=\"_paragraph_o9xde_4 _paragraph_xtcu6_10 layout-component text-serif-m layout-normal text-serif-m layout-padded\">Fredriksen lager frokost og snakker med de andre kjendisene inne p\u00e5 g\u00e5rden, men til slutt koker det over av f\u00f8lelser. <\/p>\n<p class=\"_paragraph_o9xde_4 _paragraph_xtcu6_10 layout-component text-serif-m layout-normal text-serif-m layout-padded\">Han beskriver at han opplevde en tomhet. Han pr\u00f8ver \u00e5 sette ord p\u00e5 f\u00f8lelsene:<\/p>\n<p class=\"_paragraph_o9xde_4 _paragraph_xtcu6_10 layout-component text-serif-m layout-normal text-serif-m layout-padded\">\u2013 Vet ikke helt hvor det kommer fra, men det minner om veldig da jeg hadde eksistensiell angst som 10-\u00e5ring. <\/p>\n<p class=\"_paragraph_o9xde_4 _paragraph_xtcu6_10 layout-component text-serif-m layout-normal text-serif-m layout-padded\">36-\u00e5ringen ser mot kameraet, forvirret, og sier:<\/p>\n<p class=\"_paragraph_o9xde_4 _paragraph_xtcu6_10 layout-component text-serif-m layout-normal text-serif-m layout-padded\"><strong class=\"_strong_o9xde_25\">\u2013 Hva faen, har jeg angst? Hva er det som skjer?<\/strong><\/p>\n<p class=\"_paragraph_o9xde_4 _paragraph_xtcu6_10 layout-component text-serif-m layout-normal text-serif-m layout-padded\">Han f\u00e5r t\u00e5rer i \u00f8ynene og knekker sammen.<\/p>\n<p class=\"_paragraph_o9xde_4 _paragraph_xtcu6_10 layout-component text-serif-m layout-normal text-serif-m layout-padded\">Fredriksen er p\u00e5 dette tidspunktet alene med et kamerateam og skal snakke om hvordan han har det og hva deltagerne gj\u00f8r. <\/p>\n<p><img alt=\"Foto: Anton Soggiu \/ TV 2\" class=\"_image_qp4xg_65 layout-component layout-normal\" data-fullscreen- data-track-element-type=\"Article image fullscreen\" data-track-name=\"ImageFullscreen\" decoding=\"async\" loading=\"lazy\" height=\"8192\" itemprop=\"image\"  src=\"https:\/\/www.europesays.com\/no\/wp-content\/uploads\/2026\/01\/c28a2bec-5aea-4e25-ae56-381c7e918567.jpeg\"  style=\"object-position:0% 0%\" width=\"5464\"\/>Foto: Anton Soggiu \/ TV 2<\/p>\n<p class=\"_paragraph_o9xde_4 _paragraph_xtcu6_10 layout-component text-serif-m layout-normal text-serif-m layout-padded\"><strong class=\"_strong_o9xde_25\">VG m\u00f8ter Fredriksen dagen f\u00f8r premieren. Om hendelsen forteller han:<\/strong><\/p>\n<p class=\"_paragraph_o9xde_4 _paragraph_xtcu6_10 layout-component text-serif-m layout-normal text-serif-m layout-padded\">\u2013 Jeg begynte \u00e5 slite med \u00e5 puste og s\u00e5nt. Og n\u00e5r jeg satte ord p\u00e5 f\u00f8lelsene, brast det helt for meg. S\u00e5 spant jeg ut i 30\u201340 minutter med totalt angstanfall, som det ikke er noen vits i \u00e5 pr\u00f8ve \u00e5 lage TV av en gang, sier Fredriksen til VG.<\/p>\n<p class=\"_paragraph_o9xde_4 _paragraph_xtcu6_10 layout-component text-serif-m layout-normal text-serif-m layout-padded\"><strong class=\"_strong_o9xde_25\">Han forteller at han fikk hjelp av produksjonen.<\/strong><\/p>\n<p class=\"_paragraph_o9xde_4 _paragraph_xtcu6_10 layout-component text-serif-m layout-normal text-serif-m layout-padded\">\u2013 Jeg fikk en helt fantastisk psykologtime med den nydelige fyren som var p\u00e5 regi bak kameraet akkurat der og da.<\/p>\n<p class=\"_paragraph_o9xde_4 _paragraph_xtcu6_10 layout-component text-serif-m layout-normal text-serif-m layout-padded\"><strong class=\"_strong_o9xde_25\">Dette er \u00e5rets \u00ab<a href=\"https:\/\/www.vg.no\/tag\/farmen-kjendis?utm_source=vg-article&amp;utm_medium=auto-tagger&amp;utm_campaign=bO5lx5\" class=\"_link_o9xde_39\" rel=\"nofollow noopener\" target=\"_blank\">Farmen kjendis<\/a>\u00bb-deltagere:<\/strong><\/p>\n<p class=\"_paragraph_o9xde_4 _paragraph_xtcu6_10 layout-component text-serif-m layout-normal text-serif-m layout-padded\">Selve klippene av at han knekker sammen, som blir vist p\u00e5 TV, forklarer 36-\u00e5ringen at er etter at han knakk sammen.<\/p>\n<p class=\"_paragraph_o9xde_4 _paragraph_xtcu6_10 layout-component text-serif-m layout-normal text-serif-m layout-padded\"><strong class=\"_strong_o9xde_25\">Fredriksen forteller at f\u00f8lelsene tok over p\u00e5 grunn av flere \u00e5rsaker. <\/strong><\/p>\n<p class=\"_paragraph_o9xde_4 _paragraph_xtcu6_10 layout-component text-serif-m layout-normal text-serif-m layout-padded\">Han hadde v\u00e6rt sammen med kj\u00e6resten Jannicke Kvisle (32) i to-tre m\u00e5neder da innspillingen startet, og skulle potensielt v\u00e6re borte i seks uker. I tillegg slet han med \u00e5 finne sin plass i gruppen med de andre kjendisene. <\/p>\n<p><img alt=\"Foto: TV 2\" class=\"_image_qp4xg_65 layout-component layout-normal\" data-fullscreen- data-track-element-type=\"Article image fullscreen\" data-track-name=\"ImageFullscreen\" decoding=\"async\" loading=\"lazy\" height=\"1080\" itemprop=\"image\"  src=\"https:\/\/www.europesays.com\/no\/wp-content\/uploads\/2026\/01\/7866f93c-2012-4248-8500-ef6848574d94.jpeg\"  style=\"object-position:0% 0%\" width=\"1920\"\/>Foto: TV 2<\/p>\n<p class=\"_paragraph_o9xde_4 _paragraph_xtcu6_10 layout-component text-serif-m layout-normal layout-padded\"><strong class=\"_strong_o9xde_25\">Les ogs\u00e5:<\/strong> <a href=\"https:\/\/www.vg.no\/i\/KMAG05\" data-track-element-type=\"Link\" data-track-id=\"link:KMAG05\" class=\"_link_o9xde_39\" rel=\"nofollow noopener\" target=\"_blank\">Jonas Lihaug Fredriksen har f\u00e5tt kj\u00e6reste<\/a><\/p>\n<p class=\"_paragraph_o9xde_4 _paragraph_xtcu6_10 layout-component text-serif-m layout-normal text-serif-m layout-padded\"><strong class=\"_strong_o9xde_25\">Til VG forteller han at det tok lang tid \u00e5 komme i bedre hum\u00f8r.<\/strong><\/p>\n<p class=\"_paragraph_o9xde_4 _paragraph_xtcu6_10 layout-component text-serif-m layout-normal text-serif-m layout-padded\">\u2013 N\u00e5 som det er veldig lenge siden, s\u00e5 sitter jeg igjen med positive og fine tanker. Men det tok meg ganske lang tid. Det var sikkert noen m\u00e5neder da jeg bare var tungsinnet omkring hele situasjonen, sier Fredriksen.<\/p>\n<p class=\"_paragraph_o9xde_4 _paragraph_xtcu6_10 layout-component text-serif-m layout-normal layout-padded\"><strong class=\"_strong_o9xde_25\">Les ogs\u00e5:<\/strong> <a href=\"https:\/\/www.vg.no\/i\/V6ldrW\" data-track-element-type=\"Link\" data-track-id=\"link:V6ldrW\" class=\"_link_o9xde_39\" rel=\"nofollow noopener\" target=\"_blank\">Dette er deltagerne i \u00abFarmen kjendis\u00bb 2026<\/a><\/p>\n<p class=\"_paragraph_o9xde_4 _paragraph_xtcu6_10 layout-component text-serif-m layout-normal text-serif-m layout-padded\">Det er i \u00e5r <a href=\"https:\/\/www.vg.no\/rampelys\/i\/V6ldrW\/dette-er-deltagerne-i-farmen-kjendis-2026\" data-track-element-type=\"Link\" data-track-id=\"link:V6ldrW\" class=\"_link_o9xde_39\" rel=\"nofollow noopener\" target=\"_blank\">13 kjente nordmenn<\/a> som sjekker inn p\u00e5 Fredheim G\u00e5rd i S\u00f8gne.<\/p>\n<p class=\"_paragraph_o9xde_4 _paragraph_xtcu6_10 layout-component text-serif-m layout-normal text-serif-m layout-padded\"><strong class=\"_strong_o9xde_25\">\u2013 Alle kjenner liksom h\u00f8ylytt og tulle-Jonas. Men det \u00e5 kjenne p\u00e5 at ingen virkelig kjenner og forst\u00e5r meg mens jeg f\u00f8lte p\u00e5 disse negative f\u00f8lelsene, det var litt s\u00e5nn skummelt, sier han til VG.<\/strong><\/p>\n<p class=\"_paragraph_o9xde_4 _paragraph_xtcu6_10 layout-component text-serif-m layout-normal text-serif-m layout-padded\">Han legger til:<\/p>\n<p class=\"_paragraph_o9xde_4 _paragraph_xtcu6_10 layout-component text-serif-m layout-normal text-serif-m layout-padded\">\u2013 Jeg slet med \u00e5 finne min plass i gruppen. S\u00e5 alle tankene dro liksom i \u00e9n retning, og lagde en slags malstr\u00f8m av vanskelige f\u00f8lelser.<\/p>\n<p class=\"_paragraph_o9xde_4 _paragraph_xtcu6_10 layout-component text-serif-m layout-normal text-serif-m layout-padded\"><strong class=\"_strong_o9xde_25\">Sammen med lite s\u00f8vn f\u00f8rte alt til at det ble mye f\u00f8lelser \u00e5 ford\u00f8ye.<\/strong><\/p>\n<p class=\"_paragraph_o9xde_4 _paragraph_xtcu6_10 layout-component text-serif-m layout-normal text-serif-m layout-padded\">\u2013 Vi sover sikkert ikke mer enn tre-fire timer. S\u00e5 n\u00e5r du f\u00e5r lite s\u00f8vn p\u00e5 toppen av det hele, s\u00e5 g\u00e5r du rett i angsten.<\/p>\n<p class=\"_paragraph_o9xde_4 _paragraph_xtcu6_10 layout-component text-serif-m layout-normal text-serif-m layout-padded\">I episoden er hendelsen klippet ned. I tirsdagens episode vises det at Fredriksen knekker sammen etter \u00e5 ha delt ut frokost-lapper. Han forteller at han f\u00f8lte at noen av de andre kjendisene ikke hadde tid til \u00e5 verdsette innsatsen hans, og at han skulle \u00f8nske at de smakte p\u00e5 dem. <\/p>\n<p class=\"_paragraph_o9xde_4 _paragraph_xtcu6_10 layout-component text-serif-m layout-normal text-serif-m layout-padded\">I et senere klipp tar han dette opp igjen, og det vises en video av at de andre faktisk spiser lappene og takker for maten.<\/p>\n<p class=\"_paragraph_o9xde_4 _paragraph_xtcu6_10 layout-component text-serif-m layout-normal text-serif-m layout-padded\"><strong class=\"_strong_o9xde_25\">Fredriksen forteller at ting skjedde i litt annen rekkef\u00f8lge enn det som vises p\u00e5 TV, og at det som vises som hans \u00abredning\u00bb etter sammenbruddet skjedde f\u00f8r han knakk sammen.<\/strong><\/p>\n<p class=\"_paragraph_o9xde_4 _paragraph_xtcu6_10 layout-component text-serif-m layout-normal text-serif-m layout-padded\">Deltager Fritz Aanes, brytetrener og TV-profil, kommer bort til 36-\u00e5ringen.<\/p>\n<p class=\"_paragraph_o9xde_4 _paragraph_xtcu6_10 layout-component text-serif-m layout-normal text-serif-m layout-padded\"><strong class=\"_strong_o9xde_25\">\u2013 Han sier s\u00e5nn: Hei, du! Hva er det du driver med? Jeg er helt overbevist om at han hadde plukket opp noe. At det var hans m\u00e5te \u00e5 r\u00f8ske tak i meg p\u00e5 og ta h\u00e5nd om meg.<\/strong><\/p>\n<p class=\"_paragraph_o9xde_4 _paragraph_xtcu6_10 layout-component text-serif-m layout-normal text-serif-m layout-padded\">\u2013 Det er jeg helt overbevist om. S\u00e5 det var helt fantastisk.<\/p>\n<p class=\"_paragraph_o9xde_4 _paragraph_xtcu6_10 layout-component text-serif-m layout-normal text-serif-m layout-padded\">For Fredriksen hjalp det \u00e5 snakke om f\u00f8lelsene med de andre, og at reality-spillet begynte \u00e5 spisse seg.<\/p>\n<p class=\"_paragraph_o9xde_4 _paragraph_xtcu6_10 layout-component text-serif-m layout-normal text-serif-m layout-padded\">Fredriksen er tidligere kjent fra humorkollektivene \u00ab4ETG\u00bb og \u00abFlippKlipp\u00bb p\u00e5 NRK.<a href=\"https:\/\/www.vg.no\/rampelys\/i\/9v1xK5\/forlater-nrks-youtube-suksess\" data-track-element-type=\"Link\" data-track-id=\"link:9v1xK5\" class=\"_link_o9xde_39\" rel=\"nofollow noopener\" target=\"_blank\">\u00a0I 2020 forlot han imidlertid kanalen.<\/a><\/p>\n<p class=\"_paragraph_o9xde_4 _paragraph_xtcu6_10 layout-component text-serif-m layout-normal text-serif-m layout-padded\">I 2016 fikk han blant annet prisen \u00ab\u00c5rets Youtuber\u00bb. De siste \u00e5rene har han deltatt i flere realityprogrammer.<\/p>\n","protected":false},"excerpt":{"rendered":"Tirsdag har realityprogrammet premiere, og allerede i f\u00f8rste episode av \u00e5rets sesong bryter Jonas Lihaug Fredriksen sammen. \u2013&hellip;\n","protected":false},"author":2,"featured_media":129822,"comment_status":"","ping_status":"","sticky":false,"template":"","format":"standard","meta":{"footnotes":""},"categories":[58],"tags":[71,206,9467,479,30,28,29,72],"class_list":{"0":"post-129821","1":"post","2":"type-post","3":"status-publish","4":"format-standard","5":"has-post-thumbnail","7":"category-underholdning","8":"tag-entertainment","9":"tag-farmen","10":"tag-farmen-kjendis","11":"tag-kjendis","12":"tag-no","13":"tag-norge","14":"tag-norway","15":"tag-underholdning"},"share_on_mastodon":{"url":"https:\/\/pubeurope.com\/@no\/115845947923940924","error":""},"_links":{"self":[{"href":"https:\/\/www.europesays.com\/no\/wp-json\/wp\/v2\/posts\/129821","targetHints":{"allow":["GET"]}}],"collection":[{"href":"https:\/\/www.europesays.com\/no\/wp-json\/wp\/v2\/posts"}],"about":[{"href":"https:\/\/www.europesays.com\/no\/wp-json\/wp\/v2\/types\/post"}],"author":[{"embeddable":true,"href":"https:\/\/www.europesays.com\/no\/wp-json\/wp\/v2\/users\/2"}],"replies":[{"embeddable":true,"href":"https:\/\/www.europesays.com\/no\/wp-json\/wp\/v2\/comments?post=129821"}],"version-history":[{"count":0,"href":"https:\/\/www.europesays.com\/no\/wp-json\/wp\/v2\/posts\/129821\/revisions"}],"wp:featuredmedia":[{"embeddable":true,"href":"https:\/\/www.europesays.com\/no\/wp-json\/wp\/v2\/media\/129822"}],"wp:attachment":[{"href":"https:\/\/www.europesays.com\/no\/wp-json\/wp\/v2\/media?parent=129821"}],"wp:term":[{"taxonomy":"category","embeddable":true,"href":"https:\/\/www.europesays.com\/no\/wp-json\/wp\/v2\/categories?post=129821"},{"taxonomy":"post_tag","embeddable":true,"href":"https:\/\/www.europesays.com\/no\/wp-json\/wp\/v2\/tags?post=129821"}],"curies":[{"name":"wp","href":"https:\/\/api.w.org\/{rel}","templated":true}]}}