{"id":129823,"date":"2026-01-06T04:14:08","date_gmt":"2026-01-06T04:14:08","guid":{"rendered":"https:\/\/www.europesays.com\/no\/129823\/"},"modified":"2026-01-06T04:14:08","modified_gmt":"2026-01-06T04:14:08","slug":"hamburger-mcdonalds-forlater-fotballen-blir-sjef-pa-mcdonalds","status":"publish","type":"post","link":"https:\/\/www.europesays.com\/no\/129823\/","title":{"rendered":"Hamburger, McDonald&#8217;s | Forlater fotballen \u2013 blir sjef p\u00e5 McDonalds"},"content":{"rendered":"\n<p>46-\u00e5ringen har trent b\u00e5de Werder Bremen og Hertha Berlin i Bundesliga, men n\u00e5 legger han trenergjerningen hylla. Etter 183 kamper p\u00e5 trenerbenken har han bestemt seg for \u00e5 gj\u00f8re noe helt annet.<\/p>\n<p>N\u00e5 skal han lede to McDonald&#8217;s-restauranter.<\/p>\n<p><b>Les ogs\u00e5: <a href=\"https:\/\/www.nettavisen.no\/sport\/tour-de-ski-bildene-motbydelig\/s\/5-95-2807706\" rel=\"Follow nofollow noopener\" target=\"_blank\">Reagerer p\u00e5 bildene: \u2013 Motbydelig<\/a><\/b><\/p>\n<p>Blir restaurantsjef<\/p>\n<p>Nouri skal n\u00e5 lede to McDonald&#8217;s-restauranter i den tyske byen Herzogenrath, skriver <a href=\"https:\/\/www.sueddeutsche.de\/sport\/alexander-nouri-fussball-trainer-karriere-bremen-mcdonalds-li.3360618?reduced=true\" rel=\"Follow nofollow noopener\" target=\"_blank\">S\u00fcddeutsche Zeitung<\/a>.<\/p>\n<p>Tyskeren hadde en 14 \u00e5r lang spillerkarriere f\u00f8r han gikk over til treneryrket. Av kampene hans som trener var 45 i den tyske toppdivisjonen.<\/p>\n<p>\u2013 Jeg tror det finnes mange i bransjen som vil teste nye ting, men som rett og slett ikke har nok mot, sier Nouri til avisen.<\/p>\n<p>   <img decoding=\"async\" width=\"5182\" height=\"3485\" fetchpriority=\"low\"  loading=\"lazy\"  src=\"https:\/\/www.europesays.com\/no\/wp-content\/uploads\/2026\/01\/GettyImages-1206421944.jpg\" alt=\"BERLIN, GERMANY - MARCH 10: Coach Alexander Nouri of Hertha BSC after the a training session on March 10, 2020 in Berlin, Germany. (Photo by Jan-Philipp Burmann\/City-Press via Getty Images)\" class=\"brick-c-cFOWSL\" style=\"--brick-image-ratio: 5182 \/ 3485;\"\/><\/p>\n<p>      FERDIG MED FOTBALL: Tidligere trener Alexander Nouri.<br \/>\n      Foto: Jan-Philipp Burmann\n    <\/p>\n<p>Nouri mener det er klare fellestrekk mellom \u00e5 v\u00e6re fotballtrener og restaurantsjef.<\/p>\n<p>\u2013 I bunn og grunn handler begge verdener om \u00e5 f\u00e5 med seg mennesker. I fotballen dreier det seg om spillerne, i restauranten om de ansatte, forklarer han.<\/p>\n<p>Han understreker at grunnprinsippet er det samme uansett bransje.<\/p>\n<p>\u2013 Du m\u00e5 forst\u00e5 hvem som sitter overfor deg, hva som motiverer dem, og hva de trenger for \u00e5 prestere, sier 46-\u00e5ringen.<\/p>\n<p><b>Les ogs\u00e5: <a href=\"https:\/\/www.nettavisen.no\/sport\/manchester-united-kaos-ole-gunnar-solskjar-trekkes-frem\/s\/5-95-2807820\" rel=\"Follow nofollow noopener\" target=\"_blank\">Ny melding om Solskj\u00e6r: \u2013 Veldig positiv til \u00e5 hjelpe Manchester United igjen<\/a><\/b><\/p>\n<p>Trente i Bundesliga<\/p>\n<p>Nouri har en solid merittliste fra tysk fotball.<\/p>\n<p>Han ledet b\u00e5de Werder Bremen og Hertha Berlin i Bundesliga. I tillegg trente han FC Ingolstadt i den tyske andredivisjonen.<\/p>\n<p>Hans siste trenerjobb var i den greske klubben Kavala.<\/p>\n<p>N\u00e5 bytter han alts\u00e5 ut taktikktavla med hamburgere og pommes frites.<\/p>\n","protected":false},"excerpt":{"rendered":"46-\u00e5ringen har trent b\u00e5de Werder Bremen og Hertha Berlin i Bundesliga, men n\u00e5 legger han trenergjerningen hylla. Etter&hellip;\n","protected":false},"author":2,"featured_media":129824,"comment_status":"","ping_status":"","sticky":false,"template":"","format":"standard","meta":{"footnotes":""},"categories":[5],"tags":[20,21,24,25,15,19,22,23,17,18,13,30,28,29,14,16,26,27],"class_list":{"0":"post-129823","1":"post","2":"type-post","3":"status-publish","4":"format-standard","5":"has-post-thumbnail","7":"category-overskrifter","8":"tag-breaking-news","9":"tag-breakingnews","10":"tag-featured-news","11":"tag-featurednews","12":"tag-headlines","13":"tag-hovedoppslag","14":"tag-latest-news","15":"tag-latestnews","16":"tag-main-news","17":"tag-mainnews","18":"tag-news","19":"tag-no","20":"tag-norge","21":"tag-norway","22":"tag-nyheter","23":"tag-overskrifter","24":"tag-top-stories","25":"tag-topstories"},"share_on_mastodon":{"url":"https:\/\/pubeurope.com\/@no\/115846215302698933","error":""},"_links":{"self":[{"href":"https:\/\/www.europesays.com\/no\/wp-json\/wp\/v2\/posts\/129823","targetHints":{"allow":["GET"]}}],"collection":[{"href":"https:\/\/www.europesays.com\/no\/wp-json\/wp\/v2\/posts"}],"about":[{"href":"https:\/\/www.europesays.com\/no\/wp-json\/wp\/v2\/types\/post"}],"author":[{"embeddable":true,"href":"https:\/\/www.europesays.com\/no\/wp-json\/wp\/v2\/users\/2"}],"replies":[{"embeddable":true,"href":"https:\/\/www.europesays.com\/no\/wp-json\/wp\/v2\/comments?post=129823"}],"version-history":[{"count":0,"href":"https:\/\/www.europesays.com\/no\/wp-json\/wp\/v2\/posts\/129823\/revisions"}],"wp:featuredmedia":[{"embeddable":true,"href":"https:\/\/www.europesays.com\/no\/wp-json\/wp\/v2\/media\/129824"}],"wp:attachment":[{"href":"https:\/\/www.europesays.com\/no\/wp-json\/wp\/v2\/media?parent=129823"}],"wp:term":[{"taxonomy":"category","embeddable":true,"href":"https:\/\/www.europesays.com\/no\/wp-json\/wp\/v2\/categories?post=129823"},{"taxonomy":"post_tag","embeddable":true,"href":"https:\/\/www.europesays.com\/no\/wp-json\/wp\/v2\/tags?post=129823"}],"curies":[{"name":"wp","href":"https:\/\/api.w.org\/{rel}","templated":true}]}}