{"id":129825,"date":"2026-01-06T04:21:09","date_gmt":"2026-01-06T04:21:09","guid":{"rendered":"https:\/\/www.europesays.com\/no\/129825\/"},"modified":"2026-01-06T04:21:09","modified_gmt":"2026-01-06T04:21:09","slug":"meldinger-om-skudd-naer-presidentpalasset-i-venezuelas-hovedstad","status":"publish","type":"post","link":"https:\/\/www.europesays.com\/no\/129825\/","title":{"rendered":"Meldinger om skudd n\u00e6r presidentpalasset i Venezuelas hovedstad"},"content":{"rendered":"\n<p class=\"_lead_o9xde_2 _lead_xtcu6_50 layout-component text-serif-m layout-normal text-serif-l layout-component layout-wide layout-padded _wide_17hqh_1 layout-padded\">Det er blitt avfyrt skudd n\u00e6r Venezuelas presidentpalass Miraflores, men situasjonen skal v\u00e6re under kontroll, if\u00f8lge nyhetsbyr\u00e5et AFP.<\/p>\n<p><img alt=\"Presidentpalasset Miraflores Foto: JUAN BARRETO \/ AFP \/ NTB\" class=\"_image_qp4xg_65 layout-component layout-wide\" data-fullscreen- data-track-element-type=\"Article image fullscreen\" data-track-name=\"ImageFullscreen\" fetchpriority=\"high\" decoding=\"sync\" loading=\"eager\" height=\"1523\" itemprop=\"image\"  src=\"https:\/\/www.europesays.com\/no\/wp-content\/uploads\/2026\/01\/ab09f9d6-881b-4113-9ebe-a4d8af23dd9e.png\"  style=\"object-position:0% 0%\" width=\"2285\"\/>Presidentpalasset Miraflores Foto: JUAN BARRETO \/ AFP \/ NTB<\/p>\n<ul aria-hidden=\"true\" class=\"_images_ntbth_112\">\n<li><a class=\"_link_ntbth_117\" href=\"https:\/\/www.vg.no\/forfatter\/ntb\" style=\"z-index:1\" title=\"NTB\" rel=\"nofollow noopener\" target=\"_blank\"><img alt=\"Bilde av NTB\" class=\"_image_ntbth_93\" fetchpriority=\"low\" loading=\"lazy\" decoding=\"async\" itemprop=\"image\"  src=\"https:\/\/www.europesays.com\/no\/wp-content\/uploads\/2026\/01\/1767673269_72_c33980b0-5d07-4027-84a1-813f90a7c8d6.png\"  width=\"480\"\/><\/a><\/li>\n<\/ul>\n<p> Oppdatert tirsdag 6. januar kl. 03:12     <\/p>\n<p class=\"_paragraph_o9xde_4 _paragraph_xtcu6_10 layout-component text-serif-m layout-normal text-serif-m layout-padded\">Det franske nyhetsbyr\u00e5et f\u00e5r dette opplyst fra \u00f8yenvitner og en kilde n\u00e6r Venezuelas presidentskap.<\/p>\n<p class=\"_paragraph_o9xde_4 _paragraph_xtcu6_10 layout-component text-serif-m layout-normal text-serif-m layout-padded\">Uidentifiserte droner fl\u00f8y over presidentpalasset Miraflores i sentrum av Caracas, og sikkerhetsstyrker \u00e5pnet ild mot dronene ved 20-tiden mandag kveld, sier kilden.<\/p>\n<p class=\"_paragraph_o9xde_4 _paragraph_xtcu6_10 layout-component text-serif-m layout-normal text-serif-m layout-padded\">If\u00f8lge to tjenestemenn i Det hvite hus var USA \u00abikke involvert\u00bb, melder\u00a0<a href=\"https:\/\/news.sky.com\/story\/venezuela-live-trump-maduro-court-capture-strikes-colombia-greenland-latest-13489831?postid=10802031#liveblog-body\" class=\"_link_o9xde_39\" rel=\"nofollow noopener\" target=\"_blank\">Sky News<\/a>.<\/p>\n<p class=\"_paragraph_o9xde_4 _paragraph_xtcu6_10 layout-component text-serif-m layout-normal text-serif-m layout-padded\">\u2013 Administrasjonen f\u00f8lger n\u00f8ye med p\u00e5 meldingene, sier de if\u00f8lge den britiske kanalen.<\/p>\n<p class=\"_paragraph_o9xde_4 _paragraph_xtcu6_10 layout-component text-serif-m layout-normal text-serif-m layout-padded\">En beboer i omr\u00e5det sier til AFP at det kunne h\u00f8res skyting som varte i rundt ett minutt.<\/p>\n<p class=\"_paragraph_o9xde_4 _paragraph_xtcu6_10 layout-component text-serif-m layout-normal text-serif-m layout-padded\">\u2013 Det f\u00f8rste jeg tenkte p\u00e5, var \u00e5 se om det var fly i luften, men det var det ikke. Jeg s\u00e5 bare to r\u00f8de lys p\u00e5 himmelen, sier beboeren, som bor noen f\u00e5 kvartaler unna Miraflores.<\/p>\n<p class=\"_paragraph_o9xde_4 _paragraph_xtcu6_10 layout-component text-serif-m layout-normal text-serif-m layout-padded\">\u2013 Alle s\u00e5 ut av vinduene sine for \u00e5 sjekke om det var et fly, for \u00e5 se hva som skjedde, sier beboeren.<\/p>\n<p class=\"_paragraph_o9xde_4 _paragraph_xtcu6_10 layout-component text-serif-m layout-normal text-serif-m layout-padded\">Venezuelas kommunikasjonsdepartement har ikke besvart AFPs henvendelser om kommentarer til saken.<\/p>\n<p class=\"_paragraph_o9xde_4 _paragraph_xtcu6_10 layout-component text-serif-m layout-normal text-serif-m layout-padded\">Videoer lagt ut i sosiale medier viser det som ser ut som sporingskuler sendt opp i luften, og sikkerhetsstyrker p\u00e5 vei til presidentpalasset. <\/p>\n<p class=\"_paragraph_o9xde_4 _paragraph_xtcu6_10 layout-component text-serif-m layout-normal text-serif-m layout-padded\">Hendelsen skjedde noen timer etter at Nicolas Maduros visepresident Delcy Rodr\u00edguez ble tatt i ed som midlertidig president etter at Maduro og hans kone Cilia Flores natt til l\u00f8rdag ble fanget av amerikanske styrker i Caracas og fraktet til New York. Der ble han mandag fremstilt i et innledende rettsm\u00f8te og forelagt tiltalepunkter om narkotika- og v\u00e5penlovbrudd. Maduro erkl\u00e6rte seg ikke skyldig.<\/p>\n","protected":false},"excerpt":{"rendered":"Det er blitt avfyrt skudd n\u00e6r Venezuelas presidentpalass Miraflores, men situasjonen skal v\u00e6re under kontroll, if\u00f8lge nyhetsbyr\u00e5et AFP.&hellip;\n","protected":false},"author":2,"featured_media":129826,"comment_status":"","ping_status":"","sticky":false,"template":"","format":"standard","meta":{"footnotes":""},"categories":[5],"tags":[20,21,24,25,15,19,22,23,17,18,13,30,28,29,14,16,26,27],"class_list":{"0":"post-129825","1":"post","2":"type-post","3":"status-publish","4":"format-standard","5":"has-post-thumbnail","7":"category-overskrifter","8":"tag-breaking-news","9":"tag-breakingnews","10":"tag-featured-news","11":"tag-featurednews","12":"tag-headlines","13":"tag-hovedoppslag","14":"tag-latest-news","15":"tag-latestnews","16":"tag-main-news","17":"tag-mainnews","18":"tag-news","19":"tag-no","20":"tag-norge","21":"tag-norway","22":"tag-nyheter","23":"tag-overskrifter","24":"tag-top-stories","25":"tag-topstories"},"share_on_mastodon":{"url":"https:\/\/pubeurope.com\/@no\/115846242825822241","error":""},"_links":{"self":[{"href":"https:\/\/www.europesays.com\/no\/wp-json\/wp\/v2\/posts\/129825","targetHints":{"allow":["GET"]}}],"collection":[{"href":"https:\/\/www.europesays.com\/no\/wp-json\/wp\/v2\/posts"}],"about":[{"href":"https:\/\/www.europesays.com\/no\/wp-json\/wp\/v2\/types\/post"}],"author":[{"embeddable":true,"href":"https:\/\/www.europesays.com\/no\/wp-json\/wp\/v2\/users\/2"}],"replies":[{"embeddable":true,"href":"https:\/\/www.europesays.com\/no\/wp-json\/wp\/v2\/comments?post=129825"}],"version-history":[{"count":0,"href":"https:\/\/www.europesays.com\/no\/wp-json\/wp\/v2\/posts\/129825\/revisions"}],"wp:featuredmedia":[{"embeddable":true,"href":"https:\/\/www.europesays.com\/no\/wp-json\/wp\/v2\/media\/129826"}],"wp:attachment":[{"href":"https:\/\/www.europesays.com\/no\/wp-json\/wp\/v2\/media?parent=129825"}],"wp:term":[{"taxonomy":"category","embeddable":true,"href":"https:\/\/www.europesays.com\/no\/wp-json\/wp\/v2\/categories?post=129825"},{"taxonomy":"post_tag","embeddable":true,"href":"https:\/\/www.europesays.com\/no\/wp-json\/wp\/v2\/tags?post=129825"}],"curies":[{"name":"wp","href":"https:\/\/api.w.org\/{rel}","templated":true}]}}