{"id":129827,"date":"2026-01-06T04:28:19","date_gmt":"2026-01-06T04:28:19","guid":{"rendered":"https:\/\/www.europesays.com\/no\/129827\/"},"modified":"2026-01-06T04:28:19","modified_gmt":"2026-01-06T04:28:19","slug":"vaer-lillehammer-unormal-desember-to-steder-i-gudbrandsdalen-pa-toppliste","status":"publish","type":"post","link":"https:\/\/www.europesays.com\/no\/129827\/","title":{"rendered":"V\u00e6r, Lillehammer | Unormal desember: To steder i Gudbrandsdalen p\u00e5 toppliste"},"content":{"rendered":"\n<p>\u2013 M\u00e5neden f\u00f8yer seg inn i rekken av milde vinterm\u00e5neder de siste \u00e5rene.<\/p>\n<p>Det sier klimaforsker Jostein Mamen i en pressemelding sendt ut mandag formiddag.<\/p>\n<p>Selv om det ble manko p\u00e5 hvit jul flere steder i S\u00f8r-Norge, var det faktisk totalt 25 prosent mer nedb\u00f8r enn normalt p\u00e5 landsbasis.<\/p>\n<p>Desember ble faktisk den niende v\u00e5teste desemberm\u00e5neden som er registrert p\u00e5 125 \u00e5r.<\/p>\n<p>Varme og nedb\u00f8r<\/p>\n<p>P\u00e5 m\u00e5lestasjonen p\u00e5 Juvvassh\u00f8e, var p\u00e5 \u20135,1 kuldegrader. Dette er en tangering av temperaturen i 2016, og er den h\u00f8yeste m\u00e5nedsmiddeltemperaturen registrert siden stasjonen ble satt opp i 1999.<\/p>\n<p>I tillegg ble det m\u00e5lt 17,6 varmegrader i Tafjord 15. desember som var den h\u00f8yeste temperaturen i \u00e5rets siste m\u00e5ned.<\/p>\n<p>\u2013 Dette forventer vi mer av i \u00e5ra som kommer p\u00e5 grunn av den menneskeskapte globale oppvarminga, sier Mamen.<\/p>\n<p>Men p\u00e5 tre av m\u00e5lestasjonene i Gudbrandsdalen var det tvert om. I Skj\u00e5k og p\u00e5 Otta ble det registrert minst nedb\u00f8r i hele landet i desember.<\/p>\n<p>P\u00e5 de offisielle m\u00e5lestasjonene Skj\u00e5k og Skj\u00e5k II, var det henholdsvis 13,7 millimeter og 18,9 millimeter nedb\u00f8r. Dette er 47 og 43 prosent mindre nedb\u00f8r enn normalt.<\/p>\n<p>P\u00e5 F\u00e5vang ble det derimot satt ny m\u00e5nedsrekord for h\u00f8y m\u00e5nedsnedb\u00f8r med 82,2 millimeter.<\/p>\n<p>Ikke hvit jul<\/p>\n<p>Det ble en annerledes desember enn hva som er normalt i Gudbrandsdalen. P\u00e5 Lillehammer var det f\u00f8rste gang p\u00e5 70 \u00e5r at det ikke var hvit jul.<\/p>\n<p>\u2013 Den gangen kom sn\u00f8en fjerde januar i 1958, sa Nora Mo-Bj\u00f8rklund, klimavakt i Meteorologisk institutt til GD f\u00f8r jul.<\/p>\n<p>            Slik endrer klimaet i Innlandet seg<\/p>\n<p>Innlandet har i dag kalde vintre, varme somre og store forskjeller i nedb\u00f8r. I Skj\u00e5k faller det rundt 300 millimeter nedb\u00f8r i \u00e5ret, mens deler av s\u00f8r\u00f8st f\u00e5r omtrent 700 millimeter. Disse forholdene er i ferd med \u00e5 endre seg. <\/p>\n<p>Klimaprofilen for Innlandet viser at \u00e5rstemperaturen kan \u00f8ke med rundt 3 \u00b0C, med st\u00f8rst \u00f8kning om vinteren (+4 \u00b0C). <\/p>\n<p>Sommertemperaturen stiger med omtrent 3 \u00b0C, og det blir over 20 flere dager der middeltemperaturen overstiger 20 grader. <\/p>\n<p>Samtidig blir vekstsesongen 1\u20132 m\u00e5neder lengre, mens vintersesongen blir 1,5 m\u00e5neder kortere. <\/p>\n<p>Hovedfunn for Innlandet <\/p>\n<p><b>Mer nedb\u00f8r:<\/b> <br \/>\u00c5rsnedb\u00f8ren ventes \u00e5 \u00f8ke med rundt 15 %. Om vinter og h\u00f8st kan \u00f8kningen bli 20 %. <\/p>\n<p><b>Flere kraftige regnbyger:<\/b> <br \/>D\u00f8gn med sv\u00e6rt kraftig nedb\u00f8r f\u00e5r 15 % mer nedb\u00f8r, og antall d\u00f8gn med minst 20 mm \u00f8ker med tre i \u00e5ret. <\/p>\n<p><b>Kortere sn\u00f8sesong: <\/b><br \/>Observasjoner viser allerede fem uker kortere sn\u00f8sesong i Nord-Odal siden 1901. Framover kan sesongen bli to m\u00e5neder kortere i gjennomsnitt. <\/p>\n<p><b>Mer flom og skred<\/b>: <br \/>\u00d8kt nedb\u00f8rmengde gir h\u00f8yere risiko. \u00c5rsvannf\u00f8ringen har allerede \u00f8kt med 5 %, og kan stige ytterligere 15 %. <\/p>\n<p><b>St\u00f8rre risiko for t\u00f8rke om sommeren<\/b>: <br \/>Flere perioder med lite nedb\u00f8r og h\u00f8y fordampning gir utfordringer for skog, vannforsyning og landbruk. <\/p>\n<p>Kilde: Nye fylkesvise klimaprofiler er lansert som del av den oppdaterte rapporten Klima i Norge \u2013 Kunnskapsgrunnlag for klimatilpasning 2025. <\/p>\n","protected":false},"excerpt":{"rendered":"\u2013 M\u00e5neden f\u00f8yer seg inn i rekken av milde vinterm\u00e5neder de siste \u00e5rene. Det sier klimaforsker Jostein Mamen&hellip;\n","protected":false},"author":2,"featured_media":129828,"comment_status":"","ping_status":"","sticky":false,"template":"","format":"standard","meta":{"footnotes":""},"categories":[5],"tags":[36,3064,20,21,1434,24,25,1428,15,19,22,23,1433,1427,1431,17,18,13,30,1159,28,29,14,16,1429,1161,1430,1432,1160,1510,26,27,1102,553],"class_list":{"0":"post-129827","1":"post","2":"type-post","3":"status-publish","4":"format-standard","5":"has-post-thumbnail","7":"category-overskrifter","8":"tag-art","9":"tag-biri","10":"tag-breaking-news","11":"tag-breakingnews","12":"tag-dovre","13":"tag-featured-news","14":"tag-featurednews","15":"tag-gausdal","16":"tag-headlines","17":"tag-hovedoppslag","18":"tag-latest-news","19":"tag-latestnews","20":"tag-lesja","21":"tag-lillehammer","22":"tag-lom","23":"tag-main-news","24":"tag-mainnews","25":"tag-news","26":"tag-no","27":"tag-nord-fron","28":"tag-norge","29":"tag-norway","30":"tag-nyheter","31":"tag-overskrifter","32":"tag-oyer","33":"tag-ringebu","34":"tag-sel","35":"tag-skjak","36":"tag-sor-fron","37":"tag-story","38":"tag-top-stories","39":"tag-topstories","40":"tag-vaga","41":"tag-vaer"},"share_on_mastodon":{"url":"https:\/\/pubeurope.com\/@no\/115846270315616083","error":""},"_links":{"self":[{"href":"https:\/\/www.europesays.com\/no\/wp-json\/wp\/v2\/posts\/129827","targetHints":{"allow":["GET"]}}],"collection":[{"href":"https:\/\/www.europesays.com\/no\/wp-json\/wp\/v2\/posts"}],"about":[{"href":"https:\/\/www.europesays.com\/no\/wp-json\/wp\/v2\/types\/post"}],"author":[{"embeddable":true,"href":"https:\/\/www.europesays.com\/no\/wp-json\/wp\/v2\/users\/2"}],"replies":[{"embeddable":true,"href":"https:\/\/www.europesays.com\/no\/wp-json\/wp\/v2\/comments?post=129827"}],"version-history":[{"count":0,"href":"https:\/\/www.europesays.com\/no\/wp-json\/wp\/v2\/posts\/129827\/revisions"}],"wp:featuredmedia":[{"embeddable":true,"href":"https:\/\/www.europesays.com\/no\/wp-json\/wp\/v2\/media\/129828"}],"wp:attachment":[{"href":"https:\/\/www.europesays.com\/no\/wp-json\/wp\/v2\/media?parent=129827"}],"wp:term":[{"taxonomy":"category","embeddable":true,"href":"https:\/\/www.europesays.com\/no\/wp-json\/wp\/v2\/categories?post=129827"},{"taxonomy":"post_tag","embeddable":true,"href":"https:\/\/www.europesays.com\/no\/wp-json\/wp\/v2\/tags?post=129827"}],"curies":[{"name":"wp","href":"https:\/\/api.w.org\/{rel}","templated":true}]}}