{"id":129829,"date":"2026-01-06T04:35:13","date_gmt":"2026-01-06T04:35:13","guid":{"rendered":"https:\/\/www.europesays.com\/no\/129829\/"},"modified":"2026-01-06T04:35:13","modified_gmt":"2026-01-06T04:35:13","slug":"paolo-campolo-reddet-ungdommer-fra-flammehavet","status":"publish","type":"post","link":"https:\/\/www.europesays.com\/no\/129829\/","title":{"rendered":"Paolo Campolo reddet ungdommer fra flammehavet"},"content":{"rendered":"<p class=\"kicker \" style=\"\">Crans-Montana:<\/p>\n<p>  Da baren Le Constellation sto i full fyr, l\u00f8p Paolo Campolo (55) mot flammene: &#8211; Jeg tenkte bare \u00e9n ting: Dette kunne v\u00e6rt mine barn, sier han.<\/p>\n<p>\n    TRAGEDIE: Natt til f\u00f8rste nytt\u00e5rsdag skjedde det utenkelige i den lille byen Crans-Montana i Sveits. Forel\u00f8pig er 40 mennesker bekreftet d\u00f8de. Foto: Jean-Christophe Bott\/Keystone via AP\/NTB\n  <\/p>\n<p>    Kort fortalt<\/p>\n<ul lang=\"nb-NO\">\n<li>En tragisk brann i Crans-Montana, Sveits, krevde minst 40 liv og skadet over 100 mennesker.<\/li>\n<li>Paolo Campolo, en italiensk finansanalytiker, skal ha reddet flere ungdommer fra flammene.<\/li>\n<li>Campolos datter unngikk brannen ved en tilfeldighet, mens kj\u00e6resten hennes ble kritisk skadd.<\/li>\n<li>Norge har tilbudt hjelp til brannofrene, mens \u00e5rsaken til brannen fortsatt unders\u00f8kes.<\/li>\n<\/ul>\n<p class=\"italic ai-disclaimer\" data-lab-italic=\"italic\">Sammendraget er laget av ChatGPT og godkjent av Dagbladet.<\/p>\n<p>      Vis mer<br \/>\n      Vis mindre<\/p>\n<p>Like etter at nytt\u00e5rsrakettene lyste opp himmelen over den sveitsiske alpebyen Crans-Montana, ble festnatta forvandlet til et mareritt.\u00a0<\/p>\n<p class=\"font-weight-bold m-font-weight-bold\" data-lab-font_weight=\"font-weight-bold\"><a href=\"https:\/\/www.dagbladet.no\/nyheter\/dodsbrannen-en-skrekkfilm\/84045897\" rel=\"nofollow noopener\" target=\"_blank\">Minst 40 mennesker mistet livet<\/a> da baren\u00a0Le Constellation\u00a0tok fyr, og over 100 ble skadd &#8211;\u00a0flertallet alvorlig, if\u00f8lge sveitsiske myndigheter.\u00a0<\/p>\n<p>Bare 50 meter unna bor den italienske finansanalytikeren Paolo Campolo (55). Han ble en av de f\u00f8rste p\u00e5 stedet &#8211; og skal ha reddet flere ungdommer ut av infernoet.<\/p>\n<p>Det skriver den italienske avisa <a href=\"https:\/\/www.ilmessaggero.it\/persone\/paolo_campolo_soccorritore_eroe_crans_montana_come_ha_salvato_ragazzi_cosa_ha_detto_porta_bloccata_cosa_ha_fatto-9273641.html?refresh_ce\" rel=\"nofollow noopener\" target=\"_blank\">Il Messaggero<\/a>.\u00a0<\/p>\n<p class=\"italic m-italic\" data-lab-italic=\"italic\">NB: Sterke inntrykk i saken.<\/p>\n<p>    <a itemprop=\"url\" href=\"https:\/\/www.dagbladet.no\/nyheter\/her-tar-taket-fyr\/84046919\" rel=\"nofollow noopener\" target=\"_blank\"><\/p>\n<p>        <img loading=\"lazy\" decoding=\"async\" src=\"https:\/\/www.europesays.com\/no\/wp-content\/uploads\/2026\/01\/1767674109_362_84047178.webp.webp\" width=\"980\" height=\"441\" title=\"Her tar taket fyr\" alt=\"\" class=\"lazyload\" style=\"--aspect-ratio-image: 2.22; \"\/><\/p>\n<p>        Her tar taket fyr<\/p>\n<p>    <\/a><\/p>\n<p>&#8211; S\u00e5 flammer\t<\/p>\n<p>Campolo ligger n\u00e5 p\u00e5 sykehus i Sion. Han forteller om de dramatiske minuttene som skulle endre livet hans.<\/p>\n<p>&#8211; Jeg s\u00e5 flammer komme ut av vinduene. S\u00e5 ringte datteren min. Hun skrek: \u00abPappa, det brenner, og det er mange skadde\u00bb, sier han.<\/p>\n<p>        <img loading=\"lazy\" decoding=\"async\" src=\"https:\/\/www.europesays.com\/no\/wp-content\/uploads\/2026\/01\/84050170.webp.webp\" width=\"667\" height=\"381\" title=\"TOK FYR: Bildet viser at det brenner i taket p\u00e5 baren \u00abLe Constellation\u00bb i Crans-Montana under nytt\u00e5rsfeiringen. Den offisielle brann\u00e5rsaken er enn\u00e5 ikke fastsl\u00e5tt. Foto: Skjermdump X\" alt=\"\" class=\"\" style=\"--aspect-ratio-image: 1.75; \"\/><\/p>\n<p>\n        TOK FYR: Bildet viser at det brenner i taket p\u00e5 baren \u00abLe Constellation\u00bb i Crans-Montana under nytt\u00e5rsfeiringen. Den offisielle brann\u00e5rsaken er enn\u00e5 ikke fastsl\u00e5tt. Foto: Skjermdump X\n    <\/p>\n<p>Datteren p\u00e5 17 \u00e5r skulle egentlig v\u00e6rt inne i p\u00e5 baren ved midnatt, men ble forsinket fordi hun dro hjemom f\u00f8rst.\u00a0<\/p>\n<p>&#8211; Den forsinkelsen reddet livet hennes, sier Campolo til avisa.<\/p>\n<p>        Flere titalls personer er bekreftet omkomne etter en brann ved det kjente skistedet Crans-Montana i Sveits. Video: X, Tiktok<\/p>\n<p>Br\u00f8t opp d\u00f8ra\t<\/p>\n<p>Da Campolo l\u00f8p ut med et brannslukningsapparat, skj\u00f8nte han raskt at det var nyttel\u00f8st. Han begynte \u00e5 lete etter en annen vei inn.<\/p>\n<p>&#8211; Jeg fant en d\u00f8r p\u00e5 baksiden. Den \u00e5pnet utover, men var blokkert eller l\u00e5st innenfra. Gjennom glasset s\u00e5 jeg f\u00f8tter og hender &#8211; og kropper p\u00e5 gulvet, forteller han.<\/p>\n<p>Samme\u00a0n med en ukjent mann klarte han til slutt \u00e5 bryte opp d\u00f8ra.<\/p>\n<p>        <img loading=\"lazy\" decoding=\"async\" src=\"https:\/\/www.europesays.com\/no\/wp-content\/uploads\/2026\/01\/84050176.webp.webp\" width=\"980\" height=\"559\" title=\"EKSKLUSIV: Le Constellation Bar and Lounge hadde en romkapasitet med plass til 300 personer. Foto: Crans Montana\" alt=\"\" class=\"\" style=\"--aspect-ratio-image: 1.75; \"\/><\/p>\n<p>\n        EKSKLUSIV: Le Constellation Bar and Lounge hadde en romkapasitet med plass til 300 personer. Foto: Crans Montana\n    <\/p>\n<p>Han forteller at flere unge mennesker ramlet ut &#8211; noen var ved bevissthet, andre ikke.<\/p>\n<p class=\"font-weight-bold m-font-weight-bold\" data-lab-font_weight=\"font-weight-bold\">Campolo og den andre mannen skal ha dratt dem ut \u00e9n etter \u00e9n.<\/p>\n<p>&#8211; Jeg tenkte bare \u00e9n ting: Dette kunne v\u00e6rt mine barn, sier han.<\/p>\n<p>Kjemper for livet\t<\/p>\n<p>Utenfor sto datteren hans og ventet p\u00e5 kj\u00e6resten, som fremdeles befant seg inne i baren. Campolo forteller at gutten til slutt kom seg ut, men at han n\u00e5 ligger kritisk skadd p\u00e5 et sykehus i Basel.<\/p>\n<p>Campolo beskriver scener han sier han aldri vil glemme.<\/p>\n<p>&#8211; Blikkene. Den desperate vissheten hos mennesker som skj\u00f8nner at de holder p\u00e5 \u00e5 d\u00f8. Brannskadde som ser p\u00e5 deg og ber deg om ikke \u00e5 forlate dem. Det er noe som aldri vil forsvinne, sier han.<\/p>\n<p>        <img loading=\"lazy\" decoding=\"async\" src=\"https:\/\/www.europesays.com\/no\/wp-content\/uploads\/2026\/01\/84050174.webp.webp\" width=\"980\" height=\"559\" title=\"I SORG: Leder for brann- og redningsetaten, David Vocat, legger ned en bamse utenfor utestedet hvor den den kraftige brannen spredte seg. Foto: Stephanie Lecocq \/ Reuters \/ NTB\" alt=\"\" class=\"\" style=\"--aspect-ratio-image: 1.75; \"\/><\/p>\n<p>\n        I SORG: Leder for brann- og redningsetaten, David Vocat, legger ned en bamse utenfor utestedet hvor den den kraftige brannen spredte seg. Foto: Stephanie Lecocq \/ Reuters \/ NTB\n    <\/p>\n<p>Tilbyr hjelp\t<\/p>\n<p>Flere av de rundt 100 skadde er fortsatt kritisk skadd, og flere land har tilbudt seg \u00e5 hjelpe etter at tragedien rammet den lille alpebyen.<\/p>\n<p>Norge har tilbudt \u00e5 ta imot to brannskadde pasienter, og Helse Bergen har tilbudt \u00e5 sende personell med h\u00f8y kompetanse p\u00e5 brannskader ved behov.\u00a0<\/p>\n<p>    <a itemprop=\"url\" href=\"https:\/\/www.dagbladet.no\/nyheter\/stjerneskudd-trolig-arsak\/84049089\" rel=\"nofollow noopener\" target=\"_blank\"><\/p>\n<p>        <img loading=\"lazy\" decoding=\"async\" src=\"https:\/\/www.europesays.com\/no\/wp-content\/uploads\/2026\/01\/1767674113_609_84049113.webp.webp\" width=\"980\" height=\"441\" title=\"Stjerneskudd trolig \u00e5rsak\" alt=\"\" class=\"lazyload\" style=\"--aspect-ratio-image: 2.22; \"\/><\/p>\n<p>        Stjerneskudd trolig \u00e5rsak<\/p>\n<p>    <\/a><\/p>\n<p>Myndighetene i Sveits har bedt innbyggere v\u00e6re forsiktige og ikke drive med aktiviteter som inneb\u00e6rer stor risiko, da sykehusene i landet er under en ekstrem belastning.\u00a0<\/p>\n<p>Den offisielle brann\u00e5rsaken er enn\u00e5 ikke fastsl\u00e5tt, men flere vitner forteller at\u00a0<a href=\"https:\/\/www.dagbladet.no\/nyheter\/her-tar-taket-fyr\/84046919\" rel=\"nofollow noopener\" target=\"_blank\">stjerneskudd festet p\u00e5 glassflasker satte fyr p\u00e5 taket<\/a>\u00a0inne i lokalet. Deretter skal brannen ha spredt seg sv\u00e6rt raskt.\u00a0<\/p>\n","protected":false},"excerpt":{"rendered":"Crans-Montana: Da baren Le Constellation sto i full fyr, l\u00f8p Paolo Campolo (55) mot flammene: &#8211; Jeg tenkte&hellip;\n","protected":false},"author":2,"featured_media":129830,"comment_status":"","ping_status":"","sticky":false,"template":"","format":"standard","meta":{"footnotes":""},"categories":[5],"tags":[367,20,21,15096,24,25,15,19,22,23,17,18,13,30,28,29,14,16,209,26,27,412],"class_list":{"0":"post-129829","1":"post","2":"type-post","3":"status-publish","4":"format-standard","5":"has-post-thumbnail","7":"category-overskrifter","8":"tag-brann","9":"tag-breaking-news","10":"tag-breakingnews","11":"tag-crans-montana","12":"tag-featured-news","13":"tag-featurednews","14":"tag-headlines","15":"tag-hovedoppslag","16":"tag-latest-news","17":"tag-latestnews","18":"tag-main-news","19":"tag-mainnews","20":"tag-news","21":"tag-no","22":"tag-norge","23":"tag-norway","24":"tag-nyheter","25":"tag-overskrifter","26":"tag-sveits","27":"tag-top-stories","28":"tag-topstories","29":"tag-utenriks"},"share_on_mastodon":{"url":"https:\/\/pubeurope.com\/@no\/115846297937014339","error":""},"_links":{"self":[{"href":"https:\/\/www.europesays.com\/no\/wp-json\/wp\/v2\/posts\/129829","targetHints":{"allow":["GET"]}}],"collection":[{"href":"https:\/\/www.europesays.com\/no\/wp-json\/wp\/v2\/posts"}],"about":[{"href":"https:\/\/www.europesays.com\/no\/wp-json\/wp\/v2\/types\/post"}],"author":[{"embeddable":true,"href":"https:\/\/www.europesays.com\/no\/wp-json\/wp\/v2\/users\/2"}],"replies":[{"embeddable":true,"href":"https:\/\/www.europesays.com\/no\/wp-json\/wp\/v2\/comments?post=129829"}],"version-history":[{"count":0,"href":"https:\/\/www.europesays.com\/no\/wp-json\/wp\/v2\/posts\/129829\/revisions"}],"wp:featuredmedia":[{"embeddable":true,"href":"https:\/\/www.europesays.com\/no\/wp-json\/wp\/v2\/media\/129830"}],"wp:attachment":[{"href":"https:\/\/www.europesays.com\/no\/wp-json\/wp\/v2\/media?parent=129829"}],"wp:term":[{"taxonomy":"category","embeddable":true,"href":"https:\/\/www.europesays.com\/no\/wp-json\/wp\/v2\/categories?post=129829"},{"taxonomy":"post_tag","embeddable":true,"href":"https:\/\/www.europesays.com\/no\/wp-json\/wp\/v2\/tags?post=129829"}],"curies":[{"name":"wp","href":"https:\/\/api.w.org\/{rel}","templated":true}]}}