{"id":129831,"date":"2026-01-06T04:47:06","date_gmt":"2026-01-06T04:47:06","guid":{"rendered":"https:\/\/www.europesays.com\/no\/129831\/"},"modified":"2026-01-06T04:47:06","modified_gmt":"2026-01-06T04:47:06","slug":"jordskjelv-japan-jordskjelv-i-det-vestlige-japan","status":"publish","type":"post","link":"https:\/\/www.europesays.com\/no\/129831\/","title":{"rendered":"Jordskjelv, Japan | Jordskjelv i det vestlige Japan"},"content":{"rendered":"\n<p>Skjelvet ble f\u00f8rst m\u00e5lt til 6,3, men kort tid etter nedjustert til 6,2 p\u00e5 m\u00e5linger fra det japanske jordskjelvinstituttet Nied, melder Reuters.<\/p>\n<p>Det japanske meteorologiske instituttet opplyser at skjelvet ble registrert klokken 10.18 tirsdag formiddag.<\/p>\n<p>Det amerikanske jordskjelvsenteret <a rel=\"noopener nofollow\" href=\"https:\/\/earthquake.usgs.gov\/earthquakes\/eventpage\/us7000rmqv\/executive\" target=\"_blank\">USGS<\/a> har m\u00e5lt skjelvet til en styrke p\u00e5 5,8. If\u00f8lge USGS var dybden p\u00e5 10 kilometer. Skjelvets episenter l\u00e5 i den \u00f8stlige delen av Shimane-prefekturet.<\/p>\n<p>Det ble ikke utstedt noe tsunamivarsel, og n\u00e6rmere en time etter skjelvet var det ikke kommet meldinger om st\u00f8rre \u00f8deleggelser.<\/p>\n<p>Episenteret l\u00e5 rundt 32 kilometer fra atomkraftverket Shimane, som driftes av energiselskapet Chugoku. Japanske atommyndigheter opplyser at det ikke er oppst\u00e5tt noen uregelmessigheter.<\/p>\n<p>P\u00e5 den japanske jordskjelvskalaen Shindo, som g\u00e5r fra 1 til 7, ble skjelvet m\u00e5lt til den \u00f8vre delen av 5-tallet, if\u00f8lge kringkasteren NHK. Dette niv\u00e5et betyr at tunge m\u00f8bler kan falle over ende, og at bilister kan f\u00e5 vansker med \u00e5 styre rett.<\/p>\n<p>Kort tid etter skjelvet ble det registrert flere mindre skjelv, m\u00e5lt til 4,5, 5,1, 3,8 og 5,4.<\/p>\n<p>Jordskjelv er vanlig i Japan, og de fleste av dem er svake. Men \u00f8deleggelser kan variere avhengig av hvor i landet de inntreffer og hvor dypt ned i bakken de utl\u00f8ses.<\/p>\n","protected":false},"excerpt":{"rendered":"Skjelvet ble f\u00f8rst m\u00e5lt til 6,3, men kort tid etter nedjustert til 6,2 p\u00e5 m\u00e5linger fra det japanske&hellip;\n","protected":false},"author":2,"featured_media":3844,"comment_status":"","ping_status":"","sticky":false,"template":"","format":"standard","meta":{"footnotes":""},"categories":[12],"tags":[20,21,24,25,15,22,23,13,30,28,29,14,16,26,27,42,43,44,45],"class_list":{"0":"post-129831","1":"post","2":"type-post","3":"status-publish","4":"format-standard","5":"has-post-thumbnail","7":"category-verden","8":"tag-breaking-news","9":"tag-breakingnews","10":"tag-featured-news","11":"tag-featurednews","12":"tag-headlines","13":"tag-latest-news","14":"tag-latestnews","15":"tag-news","16":"tag-no","17":"tag-norge","18":"tag-norway","19":"tag-nyheter","20":"tag-overskrifter","21":"tag-top-stories","22":"tag-topstories","23":"tag-verden","24":"tag-world","25":"tag-world-news","26":"tag-worldnews"},"share_on_mastodon":{"url":"https:\/\/pubeurope.com\/@no\/115846344989997174","error":""},"_links":{"self":[{"href":"https:\/\/www.europesays.com\/no\/wp-json\/wp\/v2\/posts\/129831","targetHints":{"allow":["GET"]}}],"collection":[{"href":"https:\/\/www.europesays.com\/no\/wp-json\/wp\/v2\/posts"}],"about":[{"href":"https:\/\/www.europesays.com\/no\/wp-json\/wp\/v2\/types\/post"}],"author":[{"embeddable":true,"href":"https:\/\/www.europesays.com\/no\/wp-json\/wp\/v2\/users\/2"}],"replies":[{"embeddable":true,"href":"https:\/\/www.europesays.com\/no\/wp-json\/wp\/v2\/comments?post=129831"}],"version-history":[{"count":0,"href":"https:\/\/www.europesays.com\/no\/wp-json\/wp\/v2\/posts\/129831\/revisions"}],"wp:featuredmedia":[{"embeddable":true,"href":"https:\/\/www.europesays.com\/no\/wp-json\/wp\/v2\/media\/3844"}],"wp:attachment":[{"href":"https:\/\/www.europesays.com\/no\/wp-json\/wp\/v2\/media?parent=129831"}],"wp:term":[{"taxonomy":"category","embeddable":true,"href":"https:\/\/www.europesays.com\/no\/wp-json\/wp\/v2\/categories?post=129831"},{"taxonomy":"post_tag","embeddable":true,"href":"https:\/\/www.europesays.com\/no\/wp-json\/wp\/v2\/tags?post=129831"}],"curies":[{"name":"wp","href":"https:\/\/api.w.org\/{rel}","templated":true}]}}