{"id":129832,"date":"2026-01-06T04:55:35","date_gmt":"2026-01-06T04:55:35","guid":{"rendered":"https:\/\/www.europesays.com\/no\/129832\/"},"modified":"2026-01-06T04:55:35","modified_gmt":"2026-01-06T04:55:35","slug":"skademeldingene-rant-inn-ht-no","status":"publish","type":"post","link":"https:\/\/www.europesays.com\/no\/129832\/","title":{"rendered":"(+) Skademeldingene rant inn &#8211; ht.no"},"content":{"rendered":"<ol>\n<li><a href=\"https:\/\/news.google.com\/rss\/articles\/CBMia0FVX3lxTFBsWDhzdnV2Mm9WRGR0VTREYjhfd05nVDBTZTdRekNzWmtIOUFxMFpmRWEyNFpGNWdOVDZUWmdTVFdlZmF2UlNjdFhxY1NXUDZWbFpWNFNiRms3WUhNOG5senFkZEpvOE96QUJB?oc=5\" target=\"_blank\" rel=\"nofollow noopener\">(+) Skademeldingene rant inn<\/a>&nbsp;&nbsp;ht.no<\/li>\n<li><a href=\"https:\/\/news.google.com\/rss\/articles\/CBMiiAFBVV95cUxPTXJsdWg3bjdvUWRWam1DUXQ0SWtudGliWjBLaXFmcjdlQnpfOFpsODVaLXc2LXlWTk1jWUp2UUhzazczWk1WeVdZc0VEcWFvaXdhR2psVl9lMEc0OXc4MnE3alRwTjd3alFkSjU1cExTSXBCMzFCWHlpX19faTFLdENzcUlxVUxh?oc=5\" target=\"_blank\" rel=\"nofollow noopener\">Bod\u00f8 og Mel\u00f8y p\u00e5 skadetoppen etter uv\u00e6ret<\/a>&nbsp;&nbsp;NRK<\/li>\n<li><a href=\"https:\/\/news.google.com\/rss\/articles\/CBMijAFBVV95cUxQYkpYbkJ1NjV5LS1Makx4c2xkY1hIZGZZX1MzVFo5aGMtSXN2clM3b1F0NHl6SF9jQk1jZTUxOVBwWnd1eEw4czgyY3FWakRBWjNVVDBsQmJvY1ZBNkVxZ2NkRmpLMy1MZjJZRXFKbHhqQWpXMTdJd2RHLTViSTlOTzZnelRnbUU5RkNINg?oc=5\" target=\"_blank\" rel=\"nofollow noopener\">V\u00e6r, Bod\u00f8 | Skademeldingene renner inn \u2013 her ble de hardest rammet<\/a>&nbsp;&nbsp;Avisa Nordland<\/li>\n<li><a href=\"https:\/\/news.google.com\/rss\/articles\/CBMiiwFBVV95cUxOUGUtal85WU1EWDdJVFZOc3B2aUtEVWN3c0pveGdCWHNwTWljQTF0b3A3OWhSeTcyWnlKeWRTSG51d2U2dHc5TVFWVnhZMFNJR3JfWHFrZEpfaVhYQ2E1UFlHSDY0OTluTTNOREFQa05zOUtaYjFVQUZWZFVFQmlNY3Jfc3R2cjByZTdr?oc=5\" target=\"_blank\" rel=\"nofollow noopener\">Flest skademeldinger fra Nordland etter uv\u00e6ret<\/a>&nbsp;&nbsp;vol.no<\/li>\n<li><a href=\"https:\/\/news.google.com\/rss\/articles\/CBMitgFBVV95cUxOZmNGbS1zVHIxVDBDLVhqZ2Q5akwyZ0s5MjhrbElBaElrQk9BMTlJb3JIcG1kU2pOWk9pRTJpWnNTajJIb3hQRmNZeWozSlhpZk1RcDlLdndoczNSNnlZX2lqTFVwY2V1Vm9nYncyV3Q1aU81MEVaRjUwTzBqbE5Va1ZTNkVzNFk3Y0xEb1RybWZVc0hTYjdBdnVpcjlhNWtPUzczZTh3UnFyRy1nU25odVlHZ0ZLUQ?oc=5\" target=\"_blank\" rel=\"nofollow noopener\">Meldt inn 36 skader i Mel\u00f8y etter stormen: \u2013 Har f\u00f8rt til betydelige skader<\/a>&nbsp;&nbsp;kulingen.no<\/li>\n<\/ol>\n","protected":false},"excerpt":{"rendered":"(+) Skademeldingene rant inn&nbsp;&nbsp;ht.no Bod\u00f8 og Mel\u00f8y p\u00e5 skadetoppen etter uv\u00e6ret&nbsp;&nbsp;NRK V\u00e6r, Bod\u00f8 | Skademeldingene renner inn \u2013&hellip;\n","protected":false},"author":2,"featured_media":129833,"comment_status":"","ping_status":"","sticky":false,"template":"","format":"standard","meta":{"footnotes":""},"categories":[10],"tags":[20,21,24,25,32,2455,370,15097,15,22,23,13,30,2698,687,28,29,14,16,4353,26,27,2409,3230],"class_list":{"0":"post-129832","1":"post","2":"type-post","3":"status-publish","4":"format-standard","5":"has-post-thumbnail","7":"category-norge","8":"tag-breaking-news","9":"tag-breakingnews","10":"tag-featured-news","11":"tag-featurednews","12":"tag-finnmark","13":"tag-gjensidige","14":"tag-harstad","15":"tag-harstad-brann-og-redningstjeneste","16":"tag-headlines","17":"tag-latest-news","18":"tag-latestnews","19":"tag-news","20":"tag-no","21":"tag-nord-norge","22":"tag-nordland","23":"tag-norge","24":"tag-norway","25":"tag-nyheter","26":"tag-overskrifter","27":"tag-tjeldsund","28":"tag-top-stories","29":"tag-topstories","30":"tag-troms","31":"tag-uvaer"},"share_on_mastodon":{"url":"https:\/\/pubeurope.com\/@no\/115846376522360929","error":""},"_links":{"self":[{"href":"https:\/\/www.europesays.com\/no\/wp-json\/wp\/v2\/posts\/129832","targetHints":{"allow":["GET"]}}],"collection":[{"href":"https:\/\/www.europesays.com\/no\/wp-json\/wp\/v2\/posts"}],"about":[{"href":"https:\/\/www.europesays.com\/no\/wp-json\/wp\/v2\/types\/post"}],"author":[{"embeddable":true,"href":"https:\/\/www.europesays.com\/no\/wp-json\/wp\/v2\/users\/2"}],"replies":[{"embeddable":true,"href":"https:\/\/www.europesays.com\/no\/wp-json\/wp\/v2\/comments?post=129832"}],"version-history":[{"count":0,"href":"https:\/\/www.europesays.com\/no\/wp-json\/wp\/v2\/posts\/129832\/revisions"}],"wp:featuredmedia":[{"embeddable":true,"href":"https:\/\/www.europesays.com\/no\/wp-json\/wp\/v2\/media\/129833"}],"wp:attachment":[{"href":"https:\/\/www.europesays.com\/no\/wp-json\/wp\/v2\/media?parent=129832"}],"wp:term":[{"taxonomy":"category","embeddable":true,"href":"https:\/\/www.europesays.com\/no\/wp-json\/wp\/v2\/categories?post=129832"},{"taxonomy":"post_tag","embeddable":true,"href":"https:\/\/www.europesays.com\/no\/wp-json\/wp\/v2\/tags?post=129832"}],"curies":[{"name":"wp","href":"https:\/\/api.w.org\/{rel}","templated":true}]}}