{"id":129834,"date":"2026-01-06T04:57:09","date_gmt":"2026-01-06T04:57:09","guid":{"rendered":"https:\/\/www.europesays.com\/no\/129834\/"},"modified":"2026-01-06T04:57:09","modified_gmt":"2026-01-06T04:57:09","slug":"hoydemasken-til-sivert-bakken-var-kjopt-fra-nettstedet-altitude-zone","status":"publish","type":"post","link":"https:\/\/www.europesays.com\/no\/129834\/","title":{"rendered":"H\u00f8ydemasken til Sivert Bakken var kj\u00f8pt fra nettstedet Altitude Zone"},"content":{"rendered":"\n<ul class=\"_list_o9xde_3 _list_64s2r_85 _unordered_o9xde_106 text-sans-m\">\n<li class=\"_item_o9xde_30\">Skiskytteren Sivert Bakken ble funnet d\u00f8d i Italia med en h\u00f8ydemaske stilt inn p\u00e5 7000 meter over havet.<\/li>\n<li class=\"_item_o9xde_30\">Masken var kj\u00f8pt fra spanske Altitude Zone, som tilbyr h\u00f8ydesimuleringsutstyr.<\/li>\n<li class=\"_item_o9xde_30\">Det er ikke fastsl\u00e5tt om masken var \u00e5rsaken til 27-\u00e5ringens d\u00f8dsfall.<\/li>\n<li class=\"_item_o9xde_30\">Olympiatoppen frar\u00e5der midlertidig bruk av simulert h\u00f8yde.<\/li>\n<\/ul>\n<p>Vis mer <\/p>\n<p class=\"_paragraph_o9xde_4 _paragraph_xtcu6_10 layout-component text-serif-m layout-normal text-serif-m layout-padded\">Det er g\u00e5tt to uker siden den norske skiskytteren ble funnet d\u00f8d p\u00e5 et hotellrom p\u00e5 1800 meters h\u00f8yde i Italia.<\/p>\n<p class=\"_paragraph_o9xde_4 _paragraph_xtcu6_10 layout-component text-serif-m layout-normal text-serif-m layout-padded\">Etter det VG erfarer, hadde han da p\u00e5 seg en maske som <a href=\"https:\/\/www.vg.no\/sport\/i\/ExWBp5\/opplysninger-til-vg-bakkens-hoeydemaske-stilt-inn-paa-7000-m-o-h\" data-track-element-type=\"Link\" data-track-id=\"link:ExWBp5\" class=\"_link_o9xde_39\" rel=\"nofollow noopener\" target=\"_blank\">var stilt inn p\u00e5 en h\u00f8yde<\/a> tilsvarende 7000 meter over havet. Masken var tilkoblet en boks p\u00e5 gulvet som vist p\u00e5 bilder i denne saken, gjennom en slange.<\/p>\n<p class=\"_paragraph_o9xde_4 _paragraph_xtcu6_10 layout-component text-serif-m layout-normal text-serif-m layout-padded\">VG har n\u00e5 opplysninger fra flere kilder om hvor utstyret ble kj\u00f8pt.<\/p>\n<p class=\"_paragraph_o9xde_4 _paragraph_xtcu6_10 layout-component text-serif-m layout-normal text-serif-m layout-padded\">Rundt 35 kilometer nordvest for Madrid, i en stille gate i et boligomr\u00e5de, er postadressen til selskapet \u00abAltitude Zone\u00bb. Herfra selges det h\u00f8ydetelt, h\u00f8ydemasker og tilh\u00f8rende utstyr.<\/p>\n<p class=\"_paragraph_o9xde_4 _paragraph_xtcu6_10 layout-component text-serif-m layout-normal text-serif-m layout-padded\"><strong class=\"_strong_o9xde_25\">En pakkel\u00f8sning med maske, generator, luftpose og et m\u00e5leinstrument som sjekker oksygenopptaket koster i dag 33.649 kroner. Med p\u00e5 kj\u00f8pet f\u00f8lger \u00e9n m\u00e5neds gratis r\u00e5dgivning fra ansatte i Altitude Zone.<\/strong><\/p>\n<p class=\"_paragraph_o9xde_4 _paragraph_xtcu6_10 layout-component text-serif-m layout-normal text-serif-m layout-padded\">Bruk av simulert h\u00f8yde har v\u00e6rt lovlig i norsk idrett siden 2021. Det er heller ingen holdepunkter for \u00e5 si at Altitude Zone har gjort noe som er i strid med loven.<\/p>\n<p><img alt=\"KAN JUSTERES TIL 7500 METER: Slik ser en side hos Altitude Zone ut.  Foto: altitude-zone.com\" class=\"_image_qp4xg_65 layout-component layout-normal\" data-fullscreen- data-track-element-type=\"Article image fullscreen\" data-track-name=\"ImageFullscreen\" decoding=\"async\" loading=\"lazy\" height=\"1046\" itemprop=\"image\"  src=\"https:\/\/www.europesays.com\/no\/wp-content\/uploads\/2026\/01\/4cfdffa5-6d99-4ad5-badb-0b353c5937e0.png\"  style=\"object-position:0% 0%\" width=\"2062\"\/>KAN JUSTERES TIL 7500 METER: Slik ser en side hos Altitude Zone ut.  Foto: altitude-zone.com<\/p>\n<p class=\"_paragraph_o9xde_4 _paragraph_xtcu6_10 layout-component text-serif-m layout-normal text-serif-m layout-padded\">P\u00e5 selskapets nettsider reklameres det for at maskene kan skrus opp p\u00e5 et niv\u00e5 tilsvarende 7500 meter over havet. Dette anses av eksperter VG har snakket med \u00e5 v\u00e6re h\u00f8yt. Det er ogs\u00e5 flere tusen meter over det \u00abvanlig\u00bb h\u00f8ydetrening foreg\u00e5r p\u00e5.<\/p>\n<p class=\"_paragraph_o9xde_4 _paragraph_xtcu6_10 layout-component text-serif-m layout-normal text-serif-m layout-padded\">I slike h\u00f8yder f\u00e5r kroppen lite oksygen. Dermed \u00f8ker den naturlige produksjonen av r\u00f8de blodceller, som gj\u00f8r at kroppen orker mer.<\/p>\n<p class=\"_paragraph_o9xde_4 _paragraph_xtcu6_10 layout-component text-serif-m layout-normal text-serif-m layout-padded\">VG har den siste uken gjort gjentatte fors\u00f8k p\u00e5 \u00e5 komme i kontakt med Altitude Zone, men uten hell. Hovedeier er if\u00f8lge spanske stiftelsespapirer Rodrigo Alonso Gonsalez, en tidligere sykkelrytter som ble nummer ti i det spanske nasjonale mesterskapet p\u00e5 temposykling i 2019.<\/p>\n<p>D\u00f8dsfallet til Sivert Guttorm Bakken (27)Hva har skjedd med Sivert Guttorm Bakken?<\/p>\n<p class=\"_paragraph_o9xde_4 _paragraph_xtcu6_10 _paragraph_16v91_10 layout-component text-serif-m layout-normal text-sans-m layout-padded\" itemprop=\"text\">Sivert Guttorm Bakken, en 27 \u00e5r gammel norsk skiskytter, ble funnet d\u00f8d p\u00e5 hotellrommet sitt i Lavaze i Nord-Italia lille julaften. Han hadde p\u00e5 seg en h\u00f8ydemaske da han ble funnet. D\u00f8ds\u00e5rsaken er forel\u00f8pig ukjent, og italiensk politi etterforsker saken som et mistenkelig d\u00f8dsfall. Dette betyr ikke at de mistenker noe straffbart, men at de ikke vet hva som for\u00e5rsaket d\u00f8dsfallet.<\/p>\n<p>Hva er en h\u00f8ydemaske?<\/p>\n<p class=\"_paragraph_o9xde_4 _paragraph_xtcu6_10 _paragraph_16v91_10 layout-component text-serif-m layout-normal text-sans-m layout-padded\" itemprop=\"text\">En h\u00f8ydemaske er et apparat som brukes for \u00e5 simulere effekten av \u00e5 v\u00e6re i h\u00f8yden. Masken reduserer oksygeninnholdet i luften man puster inn, noe som kan \u00f8ke produksjonen av r\u00f8de blodceller i kroppen. Dette kan v\u00e6re prestasjonsfremmende i utholdenhetsidretter. Masken Bakken brukte var etter det VG erfarerer stilt inn p\u00e5 et niv\u00e5 tilsvarende 7000 meter over havet, noe som betyr at luften inneholdt sv\u00e6rt lite oksygen.<\/p>\n<p>Kan h\u00f8ydemasken ha for\u00e5rsaket d\u00f8dsfallet?<\/p>\n<p class=\"_paragraph_o9xde_4 _paragraph_xtcu6_10 _paragraph_16v91_10 layout-component text-serif-m layout-normal text-sans-m layout-padded\" itemprop=\"text\">Det er forel\u00f8pig ikke fastsl\u00e5tt om h\u00f8ydemasken hadde noen sammenheng med d\u00f8dsfallet. Italiensk politi har beslaglagt masken og unders\u00f8ker den n\u00e6rmere. Det er ogs\u00e5 en teori om at masken kan ha blitt justert etter at Bakken ble funnet, i et fors\u00f8k p\u00e5 \u00e5 hjelpe ham. Det er viktig \u00e5 understreke at det ikke finnes bevis for at masken var \u00e5rsaken til d\u00f8dsfallet.<\/p>\n<p>Hva sier obduksjonen?<\/p>\n<p class=\"_paragraph_o9xde_4 _paragraph_xtcu6_10 _paragraph_16v91_10 layout-component text-serif-m layout-normal text-sans-m layout-padded\" itemprop=\"text\">En obduksjon ble gjennomf\u00f8rt i Italia i romjulen, men det er forel\u00f8pig ikke kommet noen konklusjon om d\u00f8ds\u00e5rsaken. De rettsmedisinske unders\u00f8kelsene vil trolig ikke v\u00e6re ferdige f\u00f8r i mars 2024. Familien til Bakken m\u00e5 derfor vente flere m\u00e5neder p\u00e5 svar.<\/p>\n<p>Er det lov \u00e5 bruke h\u00f8ydemasker i norsk idrett?<\/p>\n<p class=\"_paragraph_o9xde_4 _paragraph_xtcu6_10 _paragraph_16v91_10 layout-component text-serif-m layout-normal text-sans-m layout-padded\" itemprop=\"text\">Ja, det er lov. Forbudet mot bruk av h\u00f8ydesimulering, som h\u00f8ydemasker, ble opphevet i 2021. Bruken er ikke i strid med norsk idretts regelverk, men Olympiatoppen frar\u00e5der midlertidig bruk av simulert h\u00f8yde etter Bakkens d\u00f8dsfall, i p\u00e5vente av mer fakta.<\/p>\n<p>Hva sier Norges Skiskytterforbund om saken?<\/p>\n<p class=\"_paragraph_o9xde_4 _paragraph_xtcu6_10 _paragraph_16v91_10 layout-component text-serif-m layout-normal text-sans-m layout-padded\" itemprop=\"text\">Norges Skiskytterforbund har uttalt at bruk av h\u00f8ydemasker ikke er en del av deres organiserte treningstilbud, men de er kjent med at enkelte ut\u00f8vere har skaffet seg slikt utstyr. Forbundet har bedt om at all bruk av h\u00f8ydesimulering opph\u00f8rer inntil videre. De har ogs\u00e5 fokusert p\u00e5 \u00e5 st\u00f8tte de som er ber\u00f8rt av Bakkens bortgang.<\/p>\n<p>Hva har Olympiatoppen sagt om h\u00f8ydesimulering?<\/p>\n<p class=\"_paragraph_o9xde_4 _paragraph_xtcu6_10 _paragraph_16v91_10 layout-component text-serif-m layout-normal text-sans-m layout-padded\" itemprop=\"text\">Olympiatoppen har uttalt at de har retningslinjer for bruk av simulert h\u00f8yde, men at det er ut\u00f8vernes ansvar \u00e5 f\u00f8lge disse. De har ogs\u00e5 sagt at utbredelsen av simulert h\u00f8yde i norsk idrett er liten, men at noen milj\u00f8er bruker det i perioder. Etter Bakkens d\u00f8dsfall har de frar\u00e5det bruk av simulert h\u00f8yde midlertidig.<\/p>\n<p>Hva skjer videre i etterforskningen?<\/p>\n<p class=\"_paragraph_o9xde_4 _paragraph_xtcu6_10 _paragraph_16v91_10 layout-component text-serif-m layout-normal text-sans-m layout-padded\" itemprop=\"text\">Italiensk politi fortsetter \u00e5 etterforske d\u00f8dsfallet og har gjort flere tekniske beslag, inkludert h\u00f8ydemasken. De vil ogs\u00e5 innhente helseopplysninger fra norsk helsevesen. P\u00e5talemyndigheten i Italia har gitt rettsmedisinerne en frist til 7. mars for \u00e5 ferdigstille sine unders\u00f8kelser.<\/p>\n<p>Hva sier familien til Bakken?<\/p>\n<p class=\"_paragraph_o9xde_4 _paragraph_xtcu6_10 _paragraph_16v91_10 layout-component text-serif-m layout-normal text-sans-m layout-padded\" itemprop=\"text\">Familien til Bakken har engasjert advokat Bernt Heiberg fra Elden Advokatfirma som bistandsadvokat. Advokaten har bedt om at b\u00e5de idretten og pressen avst\u00e5r fra spekulasjoner om d\u00f8ds\u00e5rsaken, av respekt for de etterlatte. Familien har ogs\u00e5 uttrykt \u00f8nske om \u00e5 f\u00e5 svar p\u00e5 hva som skjedde, men m\u00e5 vente til etterforskningen er ferdig.<\/p>\n<p>Hva har denne saken f\u00f8rt til i norsk idrett?<\/p>\n<p class=\"_paragraph_o9xde_4 _paragraph_xtcu6_10 _paragraph_16v91_10 layout-component text-serif-m layout-normal text-sans-m layout-padded\" itemprop=\"text\">Bakkens d\u00f8dsfall har f\u00f8rt til en debatt om bruken av simulert h\u00f8yde i norsk idrett. Noen, som sportskommentator Otto Ulseth og tidligere toppidrettssjef Bj\u00f8rge Stensb\u00f8l, har krevd en uavhengig granskning av praksis og ledelse i norsk toppidrett. De mener det er n\u00f8dvendig \u00e5 unders\u00f8ke hvordan metoder som simulert h\u00f8yde brukes, og om idretten beveger seg inn i etiske gr\u00e5soner.<\/p>\n<p class=\"_paragraph_o9xde_4 _paragraph_xtcu6_10 layout-component text-serif-m layout-normal text-serif-m layout-padded\">Rettsmedisinere i Italia har gjennomf\u00f8rt en obduksjon av Sivert Bakken. En obduksjonsrapport er likevel ikke klar f\u00f8r i mars.<\/p>\n<p class=\"_paragraph_o9xde_4 _paragraph_xtcu6_10 layout-component text-serif-m layout-normal text-serif-m layout-padded\">Det er ikke fastsl\u00e5tt en sammenheng mellom h\u00f8ydemasken og Bakkens d\u00f8dsfall. 27-\u00e5ringen led for f\u00e5 \u00e5r siden ogs\u00e5 av en hjertesykdom. Heller ikke der er det fastsl\u00e5tt en kobling til d\u00f8dsfallet. Det er ventet at obduksjonsrapporten i Italia vil kunne gi svar p\u00e5 dette.<\/p>\n<p class=\"_paragraph_o9xde_4 _paragraph_xtcu6_10 layout-component text-serif-m layout-normal text-serif-m layout-padded\">Olympiatoppen har likevel g\u00e5tt ut og <a href=\"https:\/\/www.vg.no\/sport\/i\/7p0By8\/olympiatoppen-fraraader-midlertidig-bruk-av-simulert-hoeyde\" data-track-element-type=\"Link\" data-track-id=\"link:7p0By8\" class=\"_link_o9xde_39\" rel=\"nofollow noopener\" target=\"_blank\">frar\u00e5det bruk av simulert h\u00f8yde<\/a> inntil videre.<\/p>\n<p class=\"_paragraph_o9xde_4 _paragraph_xtcu6_10 layout-component text-serif-m layout-normal text-serif-m layout-padded\">P\u00e5 Instagram-sidene til Altitude Zone er det som tilsynelatende er fotballspillere fra sveitiske FC Basel avbildet. Det samme er den tidligere rallyf\u00f8reren Carlos Sainz.<\/p>\n<p class=\"_paragraph_o9xde_4 _paragraph_xtcu6_10 layout-component text-serif-m layout-normal text-serif-m layout-padded\">Samt norske Matilde \u00d8yen Garnes. Hun er verdensmester i crossfit.<\/p>\n<p class=\"_paragraph_o9xde_4 _paragraph_xtcu6_10 layout-component text-serif-m layout-normal text-serif-m layout-padded\">If\u00f8lge Garnes var det Altitude Zone som tok kontakt med henne, og ikke omvendt. Hun har v\u00e6rt skadet og ikke virkelig f\u00e5tt testet effekten av utstyret selskapet sendte henne.<\/p>\n<p class=\"_paragraph_o9xde_4 _paragraph_xtcu6_10 layout-component text-serif-m layout-normal text-serif-m layout-padded\">\u2013 Jeg har bare pr\u00f8vd masken i fem minutter, s\u00e5 jeg har ikke sett noen effekt p\u00e5 prestasjon eller trening. Jeg har rett og slett bare pr\u00f8vd \u00e5 skru p\u00e5 generatoren og pr\u00f8vd masken p\u00e5. Jeg har ikke s\u00e5 mye erfaring, sier Garnes til VG.<\/p>\n<p class=\"_paragraph_o9xde_4 _paragraph_xtcu6_10 layout-component text-serif-m layout-normal text-serif-m layout-padded\">\u2013 Hva vet du om Altitude Zone?<\/p>\n<p class=\"_paragraph_o9xde_4 _paragraph_xtcu6_10 layout-component text-serif-m layout-normal text-serif-m layout-padded\">Crossfitut\u00f8veren sier at hun mottok masken for et \u00e5r siden, f\u00f8r hun ble skadet.<\/p>\n<p class=\"_paragraph_o9xde_4 _paragraph_xtcu6_10 layout-component text-serif-m layout-normal text-serif-m layout-padded\">\u2013 De var p\u00e5 bes\u00f8k i Oslo og vi tok en kaffe, men det var mer for \u00e5 bli kjent og m\u00f8tes, enn for \u00e5 diskutere h\u00f8ydetrening. Dersom jeg skulle benyttet utstyret, s\u00e5 ville treneren min, i samarbeid med Altitude Zone, satt opp en protokoll, og satt seg inn i hvilken intensitet og h\u00f8yde vi skulle v\u00e6re p\u00e5. Men vi kom ikke s\u00e5 langt siden konkurranseplanene mine ble avlyst, sier hun.<\/p>\n<p class=\"_paragraph_o9xde_4 _paragraph_xtcu6_10 layout-component text-serif-m layout-normal text-serif-m layout-padded\">\u2013 P\u00e5 nettsidene st\u00e5r det at masken kan justeres opp til 7500 meter over havet. Pratet du og treneren din om hvilke niv\u00e5er det var hensiktsmessig \u00e5 legge seg p\u00e5?<\/p>\n<p class=\"_paragraph_o9xde_4 _paragraph_xtcu6_10 layout-component text-serif-m layout-normal text-serif-m layout-padded\">Garnes innleder med \u00e5 si at hun aldri kom s\u00e5 langt at det ble lagt planer.<\/p>\n<p class=\"_paragraph_o9xde_4 _paragraph_xtcu6_10 layout-component text-serif-m layout-normal text-serif-m layout-padded\">\u2013 Men av det jeg har kunnskap om det fra f\u00f8r, s\u00e5 er det fra 1700 m.o.h. og opp til 2000 m.o.h. som er mest normalt. Jeg har heller aldri h\u00f8rt om noen som bruker h\u00f8ydemaske n\u00e5r man allerede er i h\u00f8yden. Men: Jeg kan som sagt veldig lite om dette<\/p>\n<p class=\"_paragraph_o9xde_4 _paragraph_xtcu6_10 layout-component text-serif-m layout-normal text-serif-m layout-padded\">\u2013 Men, av det lille jeg har kunnskap om dette fra f\u00f8r, s\u00e5 er det vel fra rundt 1800 m.o.h. og opp til 3000 m.o.h. som er mest normalt. Grunnen til at vi hadde sett p\u00e5 simulert h\u00f8yde er at det ikke er s\u00e5 enkelt for oss \u00e5 reise til h\u00f8yden med tanke p\u00e5 all h\u00f8yintensitetstrening i tillegg til at vi trenger s\u00e5 mye avansert treningsutstyr i treningshverdagen v\u00e5r, som hadde blitt vanskelig \u00e5 ta med seg, eller finne p\u00e5 et senter i h\u00f8yden.<\/p>\n<p class=\"_paragraph_o9xde_4 _paragraph_xtcu6_10 layout-component text-serif-m layout-normal text-serif-m layout-padded\">\u2013 Hvordan opplevdes utstyret da du pr\u00f8vde det?<\/p>\n<p class=\"_paragraph_o9xde_4 _paragraph_xtcu6_10 layout-component text-serif-m layout-normal text-serif-m layout-padded\">\u2013 Det er jo litt ubehagelig. Mest p\u00e5 grunn av at masken er stor og at du skal puste gjennom den. Jeg synes det er ubehagelig \u00e5 ta en VO2-test p\u00e5 grunn av r\u00f8r og maske ogs\u00e5. Men, jeg fikk som sagt bare tatt noen bilder, videoer og testet s\u00e5vidt utstyret f\u00f8r jeg ble skadet, s\u00e5 det er vanskelig \u00e5 si noe om opplevelse ved langvarig bruk, mener 29-\u00e5ringen.<\/p>\n<p><img decoding=\"async\" alt=\"Bilde av Bernt Heiberg\" class=\"_image_ygndg_42\" height=\"36\" itemprop=\"image\" loading=\"lazy\"  src=\"https:\/\/www.europesays.com\/no\/wp-content\/uploads\/2026\/01\/98502bf5-970a-427f-a445-62b8866826d7.jpeg\"  width=\"40\"\/><strong class=\"_name_ygndg_51 title-serif-xs\">Bernt Heiberg<\/strong><\/p>\n<p class=\"_paragraph_o9xde_4 text-sans-m _description_ygndg_56\">Bistandsadvokat.<\/p>\n<p class=\"_paragraph_o9xde_4 _paragraph_xtcu6_10 layout-component text-serif-m layout-normal text-serif-m layout-padded\">Bistandsadvokat Bernt Heiberg hos advokatfirmaet Elden representerer de etterlatte. Han har tidligere kritisert media for koblingen til h\u00f8ydemaske og sykdomshistorikk. Heiberg gir f\u00f8lgende kommentar til de nye opplysningene om h\u00f8ydemasken:<\/p>\n<p class=\"_paragraph_o9xde_4 _paragraph_xtcu6_10 layout-component text-serif-m layout-normal text-serif-m layout-padded\">\u2013 Det at Bakken hadde utstyr for h\u00f8ydesimulering bekreftet Skiskytterforbundet p\u00e5 et tidlig stadium. Dette er utstyr som er helt lovlig \u00e5 benytte i idretten. Vi vil samtidig understreke at det ikke finnes grunnlag for \u00e5 spekulere i en \u00e5rsakssammenheng mellom Bakkens d\u00f8dsfall og bruk av h\u00f8ydesimuleringsutstyr. VGs kobling av disse to forholdene er uheldig, og en merbelastning for de etterlatte som burde v\u00e6rt unng\u00e5tt, sier Heiberg.<\/p>\n<p class=\"_paragraph_o9xde_4 _paragraph_xtcu6_10 layout-component text-serif-m layout-normal text-serif-m layout-padded\">Selv om h\u00f8ydemasken Bakken bar skal ha v\u00e6rt stilt inn p\u00e5 7000 meter over havet da han ble funnet, er det ikke konkludert med at Bakken\u00a0selv hadde s\u00f8rget for dette.<\/p>\n<p><img alt=\"HER BLE HAN FUNNET: Hotellet i Lavaze, nord i Italia.  Foto: Bendik Hansen \/ VG \/ VG\" class=\"_image_qp4xg_65 layout-component layout-normal\" data-fullscreen- data-track-element-type=\"Article image fullscreen\" data-track-name=\"ImageFullscreen\" decoding=\"async\" loading=\"lazy\" height=\"4284\" itemprop=\"image\"  src=\"https:\/\/www.europesays.com\/no\/wp-content\/uploads\/2026\/01\/04c0b734-132c-46a8-b286-d290b975881c.jpeg\"  style=\"object-position:0% 0%\" width=\"5712\"\/>HER BLE HAN FUNNET: Hotellet i Lavaze, nord i Italia.  Foto: Bendik Hansen \/ VG \/ VG<\/p>\n<p class=\"_paragraph_o9xde_4 _paragraph_xtcu6_10 layout-component text-serif-m layout-normal text-serif-m layout-padded\">Det er heller ikke fastsl\u00e5tt at dette niv\u00e5et var det reelle p\u00e5 tidspunktet da Bakken d\u00f8de. Unders\u00f8kelsene som n\u00e5 p\u00e5g\u00e5r, handler blant annet om \u00e5 finne ut av dette.<\/p>\n<p class=\"_paragraph_o9xde_4 _paragraph_xtcu6_10 layout-component text-serif-m layout-normal text-serif-m layout-padded\">En alternativ teori som ogs\u00e5 skal unders\u00f8kes, etter det VG forst\u00e5r, handler om at apparatet kan ha blitt justert\u00a0etter\u00a0at 27-\u00e5ringen ble funnet d\u00f8d &#8211; i et kaotisk \u00f8yeblikk der noen ville hjelpe den norske skiskytteren.<\/p>\n","protected":false},"excerpt":{"rendered":"Skiskytteren Sivert Bakken ble funnet d\u00f8d i Italia med en h\u00f8ydemaske stilt inn p\u00e5 7000 meter over havet.&hellip;\n","protected":false},"author":2,"featured_media":129835,"comment_status":"","ping_status":"","sticky":false,"template":"","format":"standard","meta":{"footnotes":""},"categories":[59],"tags":[30,28,29,13042,769,83,82],"class_list":{"0":"post-129834","1":"post","2":"type-post","3":"status-publish","4":"format-standard","5":"has-post-thumbnail","7":"category-sport","8":"tag-no","9":"tag-norge","10":"tag-norway","11":"tag-sivert-guttorm-bakken","12":"tag-skiskyting","13":"tag-sport","14":"tag-sports"},"share_on_mastodon":{"url":"https:\/\/pubeurope.com\/@no\/115846384396396281","error":""},"_links":{"self":[{"href":"https:\/\/www.europesays.com\/no\/wp-json\/wp\/v2\/posts\/129834","targetHints":{"allow":["GET"]}}],"collection":[{"href":"https:\/\/www.europesays.com\/no\/wp-json\/wp\/v2\/posts"}],"about":[{"href":"https:\/\/www.europesays.com\/no\/wp-json\/wp\/v2\/types\/post"}],"author":[{"embeddable":true,"href":"https:\/\/www.europesays.com\/no\/wp-json\/wp\/v2\/users\/2"}],"replies":[{"embeddable":true,"href":"https:\/\/www.europesays.com\/no\/wp-json\/wp\/v2\/comments?post=129834"}],"version-history":[{"count":0,"href":"https:\/\/www.europesays.com\/no\/wp-json\/wp\/v2\/posts\/129834\/revisions"}],"wp:featuredmedia":[{"embeddable":true,"href":"https:\/\/www.europesays.com\/no\/wp-json\/wp\/v2\/media\/129835"}],"wp:attachment":[{"href":"https:\/\/www.europesays.com\/no\/wp-json\/wp\/v2\/media?parent=129834"}],"wp:term":[{"taxonomy":"category","embeddable":true,"href":"https:\/\/www.europesays.com\/no\/wp-json\/wp\/v2\/categories?post=129834"},{"taxonomy":"post_tag","embeddable":true,"href":"https:\/\/www.europesays.com\/no\/wp-json\/wp\/v2\/tags?post=129834"}],"curies":[{"name":"wp","href":"https:\/\/api.w.org\/{rel}","templated":true}]}}