{"id":129836,"date":"2026-01-06T05:02:26","date_gmt":"2026-01-06T05:02:26","guid":{"rendered":"https:\/\/www.europesays.com\/no\/129836\/"},"modified":"2026-01-06T05:02:26","modified_gmt":"2026-01-06T05:02:26","slug":"mann-dod-etter-ulykke-med-snofreser-i-aremark-nrk-ostfold-lokale-nyheter-tv-og-radio","status":"publish","type":"post","link":"https:\/\/www.europesays.com\/no\/129836\/","title":{"rendered":"Mann d\u00f8d etter ulykke med sn\u00f8freser i Aremark \u2013 NRK \u00d8stfold \u2013 Lokale nyheter, TV og radio"},"content":{"rendered":"<p>N\u00f8detatene og et redningshelikopter rykket ut etter en melding om en ulykke mandag klokken 12.50.<\/p>\n<p>En person kom i klem mellom en sn\u00f8freser og en bobil i Aremark i \u00d8stfold.<\/p>\n<p><strong>Pasienten ble etter hvert erkl\u00e6rt d\u00f8d p\u00e5 stedet. Dette er en mann i 70-\u00e5rene. P\u00e5r\u00f8rende er varslet, melder politiet.<\/strong><\/p>\n<p>If\u00f8lge politiet virker det \u00e5 ha v\u00e6rt en ulykke, og det kan fremst\u00e5 som om sn\u00f8freseren var i revers og avd\u00f8de ble klemt mellom sn\u00f8freseren og bobil.<\/p>\n<p>\u2013 Det vi er litt usikre p\u00e5, er om det har v\u00e6rt et illebefinnende i forkant, eller om det er den klembiten som har gjort at personen har mista livet. Dette er noe som blir etterforsket videre, opplyser operasjonsleder ved \u00d8st politidistrikt, Ronny Samuelsen.<\/p>\n<p>Sn\u00f8freseren er tatt i beslag for videre unders\u00f8kelser. De p\u00e5r\u00f8rende blir fulgt opp av kriseteamet.<\/p>\n<p><a class=\"login-banner-hack\" href=\"https:\/\/www.nrk.no\/logginn?context=article-plug\" style=\"padding: 0; border: none; display: none\" rel=\"nofollow noopener\" target=\"_blank\"><\/p>\n<p>            <img decoding=\"async\"   src=\"data:image\/gif;base64,R0lGODlhAQABAIAAAAAAAP\/\/\/yH5BAEAAAAALAAAAAABAAEAAAIBRAA7\" alt=\"Oppfordring til \u00e5 logge p\u00e5 NRKs tjenester\" title=\"Foto: Odd Arne Olderbakk\"\/><\/p>\n<p>            <img decoding=\"async\"   src=\"data:image\/gif;base64,R0lGODlhAQABAIAAAAAAAP\/\/\/yH5BAEAAAAALAAAAAABAAEAAAIBRAA7\" alt=\"Oppfordring til \u00e5 logge p\u00e5 NRKs tjenester\" title=\"Foto: Odd Arne Olderbakk\"\/><\/p>\n<p><\/a><\/p>\n<p>Publisert<\/p>\n<p>05.01.2026, kl. 16.54<\/p>\n<p>Oppdatert<\/p>\n<p>05.01.2026, kl. 17.00<\/p>\n","protected":false},"excerpt":{"rendered":"N\u00f8detatene og et redningshelikopter rykket ut etter en melding om en ulykke mandag klokken 12.50. En person kom&hellip;\n","protected":false},"author":2,"featured_media":129837,"comment_status":"","ping_status":"","sticky":false,"template":"","format":"standard","meta":{"footnotes":""},"categories":[10],"tags":[20,21,24,25,15,22,23,13,30,28,29,14,16,26,27],"class_list":{"0":"post-129836","1":"post","2":"type-post","3":"status-publish","4":"format-standard","5":"has-post-thumbnail","7":"category-norge","8":"tag-breaking-news","9":"tag-breakingnews","10":"tag-featured-news","11":"tag-featurednews","12":"tag-headlines","13":"tag-latest-news","14":"tag-latestnews","15":"tag-news","16":"tag-no","17":"tag-norge","18":"tag-norway","19":"tag-nyheter","20":"tag-overskrifter","21":"tag-top-stories","22":"tag-topstories"},"share_on_mastodon":{"url":"https:\/\/pubeurope.com\/@no\/115846404088016677","error":""},"_links":{"self":[{"href":"https:\/\/www.europesays.com\/no\/wp-json\/wp\/v2\/posts\/129836","targetHints":{"allow":["GET"]}}],"collection":[{"href":"https:\/\/www.europesays.com\/no\/wp-json\/wp\/v2\/posts"}],"about":[{"href":"https:\/\/www.europesays.com\/no\/wp-json\/wp\/v2\/types\/post"}],"author":[{"embeddable":true,"href":"https:\/\/www.europesays.com\/no\/wp-json\/wp\/v2\/users\/2"}],"replies":[{"embeddable":true,"href":"https:\/\/www.europesays.com\/no\/wp-json\/wp\/v2\/comments?post=129836"}],"version-history":[{"count":0,"href":"https:\/\/www.europesays.com\/no\/wp-json\/wp\/v2\/posts\/129836\/revisions"}],"wp:featuredmedia":[{"embeddable":true,"href":"https:\/\/www.europesays.com\/no\/wp-json\/wp\/v2\/media\/129837"}],"wp:attachment":[{"href":"https:\/\/www.europesays.com\/no\/wp-json\/wp\/v2\/media?parent=129836"}],"wp:term":[{"taxonomy":"category","embeddable":true,"href":"https:\/\/www.europesays.com\/no\/wp-json\/wp\/v2\/categories?post=129836"},{"taxonomy":"post_tag","embeddable":true,"href":"https:\/\/www.europesays.com\/no\/wp-json\/wp\/v2\/tags?post=129836"}],"curies":[{"name":"wp","href":"https:\/\/api.w.org\/{rel}","templated":true}]}}