{"id":129838,"date":"2026-01-06T05:04:07","date_gmt":"2026-01-06T05:04:07","guid":{"rendered":"https:\/\/www.europesays.com\/no\/129838\/"},"modified":"2026-01-06T05:04:07","modified_gmt":"2026-01-06T05:04:07","slug":"raseri-etter-supertalentets-svar","status":"publish","type":"post","link":"https:\/\/www.europesays.com\/no\/129838\/","title":{"rendered":"Raseri etter supertalentets svar"},"content":{"rendered":"<p>17 \u00e5r gamle Lennart Karl har tatt Bayern med storm denne sesongen, men n\u00e5 er det ikke lenger bare medvind for supertalentet.\u00a0<\/p>\n<p>Under et m\u00f8te med en supportergruppe, fikk 17-\u00e5ringen sp\u00f8rsm\u00e5l om hvilken dr\u00f8mmeklubb han hadde utenom Bayern.\u00a0<\/p>\n<p>Svaret han kom med, har s\u00f8rget for at Instagram-kontoen hans n\u00e5 flommer over av rasende meldinger.\u00a0<\/p>\n<p>\u2013 Bayern er en veldig stor klubb. Det er en dr\u00f8m \u00e5 spille her. Men p\u00e5 et tidspunkt vil jeg definitivt dra til Real Madrid. Det er dr\u00f8mmeklubben min, men det forblir mellom oss. Bayern er selvf\u00f8lgelig noe helt spesielt, sa Karl i m\u00f8te med supporterne.\u00a0<\/p>\n<p>Raseri i sosiale medier<\/p>\n<p>Det har falt enkelte supportere tungt for brystet, og p\u00e5 det siste bildet stortalentet har lagt ut p\u00e5 Instagram flommer det over av mishagsytringer:<\/p>\n<p>\u00abKom deg ut av klubben min\u00bb, \u00aben kniv i hjertet\u00bb og \u00abdu har mistet mesteparten av supporterne\u00bb er blant meldingene som har tikket inn, men det er ogs\u00e5 noen som minner om at han \u00aber 17 \u00e5r og kan dr\u00f8mme, akkurat som alle andre\u00bb.<\/p>\n<p>If\u00f8lge <a href=\"https:\/\/www.bild.de\/sport\/fussball\/fc-bayern-lennart-karl-irgendwann-will-ich-zu-real-madrid-695a9ef3fb77630dac277531\" rel=\"nofollow noopener\" target=\"_blank\">Bild<\/a>\u00a0pr\u00f8vespilte Karl faktisk for Real Madrid for sju og et halvt \u00e5r siden.\u00a0<\/p>\n<p>Som ti\u00e5ring fullf\u00f8rte han en pr\u00f8veperiode, men det ble ingen overgang. Han har spilt for Bayern siden sommeren 2022.\u00a0<\/p>\n<p>I h\u00f8st har Karl blitt tidenes yngste Champions League-m\u00e5lscorer for Bayern, og deretter tidenes yngste til \u00e5 score i tre Champions League-kamper p\u00e5 rad \u2013 en rekord Kylian Mbapp\u00e9 tidligere hadde.\u00a0<\/p>\n<p>Dr\u00f8mmer om VM<\/p>\n<p>Karls gjennombrudd har selvsagt ogs\u00e5 blitt lagt merke til av Tysklands landslagssjef Julian Nagelsmann, og supertalentet kunne godt tenkt seg en tur over dammen.\u00a0<\/p>\n<p>\u2013 Selvf\u00f8lgelig skulle jeg gjerne v\u00e6rt med. Jeg m\u00e5 prestere bra, og s\u00e5 f\u00e5r vi se til slutt om det g\u00e5r eller ikke. \u00c5 dra til VM som 17-\u00e5ring ville v\u00e6rt noe spesielt. Jeg jobber veldig hardt, og forh\u00e5pentligvis blir jeg bel\u00f8nnet, sier Karl, som riktignok rekker \u00e5 fylle 18 \u00e5r f\u00f8r sommerens VM sparkes i gang.<\/p>\n","protected":false},"excerpt":{"rendered":"17 \u00e5r gamle Lennart Karl har tatt Bayern med storm denne sesongen, men n\u00e5 er det ikke lenger&hellip;\n","protected":false},"author":2,"featured_media":129839,"comment_status":"","ping_status":"","sticky":false,"template":"","format":"standard","meta":{"footnotes":""},"categories":[59],"tags":[30,28,29,83,82],"class_list":{"0":"post-129838","1":"post","2":"type-post","3":"status-publish","4":"format-standard","5":"has-post-thumbnail","7":"category-sport","8":"tag-no","9":"tag-norge","10":"tag-norway","11":"tag-sport","12":"tag-sports"},"share_on_mastodon":{"url":"https:\/\/pubeurope.com\/@no\/115846411890992517","error":""},"_links":{"self":[{"href":"https:\/\/www.europesays.com\/no\/wp-json\/wp\/v2\/posts\/129838","targetHints":{"allow":["GET"]}}],"collection":[{"href":"https:\/\/www.europesays.com\/no\/wp-json\/wp\/v2\/posts"}],"about":[{"href":"https:\/\/www.europesays.com\/no\/wp-json\/wp\/v2\/types\/post"}],"author":[{"embeddable":true,"href":"https:\/\/www.europesays.com\/no\/wp-json\/wp\/v2\/users\/2"}],"replies":[{"embeddable":true,"href":"https:\/\/www.europesays.com\/no\/wp-json\/wp\/v2\/comments?post=129838"}],"version-history":[{"count":0,"href":"https:\/\/www.europesays.com\/no\/wp-json\/wp\/v2\/posts\/129838\/revisions"}],"wp:featuredmedia":[{"embeddable":true,"href":"https:\/\/www.europesays.com\/no\/wp-json\/wp\/v2\/media\/129839"}],"wp:attachment":[{"href":"https:\/\/www.europesays.com\/no\/wp-json\/wp\/v2\/media?parent=129838"}],"wp:term":[{"taxonomy":"category","embeddable":true,"href":"https:\/\/www.europesays.com\/no\/wp-json\/wp\/v2\/categories?post=129838"},{"taxonomy":"post_tag","embeddable":true,"href":"https:\/\/www.europesays.com\/no\/wp-json\/wp\/v2\/tags?post=129838"}],"curies":[{"name":"wp","href":"https:\/\/api.w.org\/{rel}","templated":true}]}}