{"id":129842,"date":"2026-01-06T05:12:21","date_gmt":"2026-01-06T05:12:21","guid":{"rendered":"https:\/\/www.europesays.com\/no\/129842\/"},"modified":"2026-01-06T05:12:21","modified_gmt":"2026-01-06T05:12:21","slug":"et-veldig-lett-valg-lillestrom","status":"publish","type":"post","link":"https:\/\/www.europesays.com\/no\/129842\/","title":{"rendered":"\u2013 Et veldig lett valg \/ Lillestr\u00f8m"},"content":{"rendered":"<p>&#8211; Trigges av det som bygges her<\/p>\n<p data-end=\"1292\" data-start=\"1192\">Avskjeden etter 2024-sesongen ble tung for b\u00e5de klubb og spiller. N\u00e5 ser Ibrahimaj tydelig fremover.<\/p>\n<p data-end=\"1590\" data-start=\"1294\">&#8211; Det var en trist og tung avslutning. Jeg skulle \u00f8nske at jeg kunne v\u00e6rt her og bidratt til at klubben kom tilbake der den h\u00f8rer hjemme. Samtidig har gutta og trenerteamet gjort en veldig god jobb. Det trigger meg \u00e5 komme inn n\u00e5, bidra og bygge videre p\u00e5 det de allerede har gjort her, sier han.<br \/>\u00a0<\/p>\n<p>&#8211; Vet hva LSK st\u00e5r for<\/p>\n<p data-end=\"3056\" data-start=\"2827\">Sportssjef Espen Olsen er tydelig p\u00e5 hvorfor klubben \u00f8nsket Ibrahimaj tilbake.<\/p>\n<p data-end=\"1046\" data-start=\"885\">\u2013 Ylldren er en spiller vi kjenner veldig godt, b\u00e5de sportslig og menneskelig. Han vet hva LSK st\u00e5r for, og han kommer rett inn med erfaring, energi og kvalitet.<\/p>\n<p data-end=\"1201\" data-start=\"1048\">\u2013 Timingen f\u00f8les riktig. Vi er i en fase hvor vi bygger videre p\u00e5 det som er gjort, og Ylldren passer veldig godt inn i den gruppa vi har n\u00e5, sier Olsen.<\/p>\n<p>Energi, spilleglede og bidrag i hverdagen<\/p>\n<p data-end=\"1789\" data-start=\"1639\">Ibrahimaj er kjent som en spiller med stor energi, spilleglede og fleksibilitet &#8211; kvaliteter sportssjefen ogs\u00e5 trekker frem.<\/p>\n<p data-end=\"2321\" data-start=\"2049\">&#8211; Ylldren er en fleksibel spiller som kan bekle flere roller, og det gir oss mange muligheter. Samtidig er han en spiller med tydelig offensivt bidrag og h\u00f8y arbeidskapasitet. Han tilf\u00f8rer intensitet, tempo og spilleglede. Det er kvaliteter vi verdsetter h\u00f8yt, sier Olsen.<\/p>\n<p data-end=\"2437\" data-start=\"2323\">&#8211; Han er en type som setter standard i hverdagen, og det er viktig for oss i den fasen vi er i n\u00e5, legger han til.<\/p>\n<p data-end=\"1950\" data-start=\"1791\">30-\u00e5ringen selv h\u00e5per \u00e5 kunne bidra med:<br \/>&#8211; Energi og spilleglede, b\u00e5de i garderoben og ute p\u00e5 banen. Det er viktig for meg \u00e5 v\u00e6re en positiv bidragsyter i gruppa, sier han.\u00a0<br \/>\u00a0<\/p>\n<p>&#8211; S\u00e5 spillegleden da jeg var innom i sommer<\/p>\n<p data-end=\"2098\" data-start=\"2001\">At valget falt p\u00e5 LSK igjen, handler ogs\u00e5 om det han observerte p\u00e5 treningsfeltet da han var kontraktl\u00f8s og trente med LSK i fjor sommer.<\/p>\n<p data-end=\"2369\" data-start=\"2100\">&#8211; Da jeg var med og trente litt i sommer, s\u00e5 jeg hvordan de jobbet p\u00e5 og hvilken spilleglede som var i gruppa. Det gjorde at jeg virkelig \u00f8nsket \u00e5 v\u00e6re en del av det. Jeg vil v\u00e6re med \u00e5 bygge videre p\u00e5 det som er skapt her, og forh\u00e5pentligvis ta enda flere steg sammen.<\/p>\n<p>Gleder seg til \u00c5r\u00e5sen &#8211; og derbyene<\/p>\n<p data-end=\"2487\" data-start=\"2412\">N\u00e5r han blir spurt om hva han gleder seg mest til, er svaret krystallklart.<\/p>\n<p data-end=\"2729\" data-start=\"2489\">&#8211; For \u00e5 v\u00e6re helt \u00e6rlig gleder jeg meg mest til \u00e5 ta p\u00e5 meg den gule drakta igjen, komme ut p\u00e5 \u00c5r\u00e5sen og spille foran fansen. S\u00e5 er det selvf\u00f8lgelig noen godbiter p\u00e5 veien ogs\u00e5. Det er to heftige oppgj\u00f8r mot \u00abS\u00f8pla\u00bb, og det blir veldig g\u00f8y.<\/p>\n<p>&#8211; Norges beste fans<\/p>\n<p data-end=\"2825\" data-start=\"2756\">Til slutt legger han ikke skjul p\u00e5 hvilken rolle supporterne spiller.<\/p>\n<p data-end=\"3056\" data-start=\"2827\">&#8211; For meg er det helt klart Norges beste fans. Du ser det p\u00e5 stemningen de lager, og det s\u00e5 man veldig tydelig under cupfinalen ogs\u00e5. Jeg ser veldig frem til \u00e5 ha dem i ryggen igjen og spille for dem. Det blir veldig, veldig g\u00f8y.\u00a0<\/p>\n<p>Se intervju med Ylldren Ibrahimaj<\/p>\n","protected":false},"excerpt":{"rendered":"&#8211; Trigges av det som bygges her Avskjeden etter 2024-sesongen ble tung for b\u00e5de klubb og spiller. N\u00e5&hellip;\n","protected":false},"author":2,"featured_media":129843,"comment_status":"","ping_status":"","sticky":false,"template":"","format":"standard","meta":{"footnotes":""},"categories":[59],"tags":[30,28,29,83,82],"class_list":{"0":"post-129842","1":"post","2":"type-post","3":"status-publish","4":"format-standard","5":"has-post-thumbnail","7":"category-sport","8":"tag-no","9":"tag-norge","10":"tag-norway","11":"tag-sport","12":"tag-sports"},"share_on_mastodon":{"url":"https:\/\/pubeurope.com\/@no\/115846443314470825","error":""},"_links":{"self":[{"href":"https:\/\/www.europesays.com\/no\/wp-json\/wp\/v2\/posts\/129842","targetHints":{"allow":["GET"]}}],"collection":[{"href":"https:\/\/www.europesays.com\/no\/wp-json\/wp\/v2\/posts"}],"about":[{"href":"https:\/\/www.europesays.com\/no\/wp-json\/wp\/v2\/types\/post"}],"author":[{"embeddable":true,"href":"https:\/\/www.europesays.com\/no\/wp-json\/wp\/v2\/users\/2"}],"replies":[{"embeddable":true,"href":"https:\/\/www.europesays.com\/no\/wp-json\/wp\/v2\/comments?post=129842"}],"version-history":[{"count":0,"href":"https:\/\/www.europesays.com\/no\/wp-json\/wp\/v2\/posts\/129842\/revisions"}],"wp:featuredmedia":[{"embeddable":true,"href":"https:\/\/www.europesays.com\/no\/wp-json\/wp\/v2\/media\/129843"}],"wp:attachment":[{"href":"https:\/\/www.europesays.com\/no\/wp-json\/wp\/v2\/media?parent=129842"}],"wp:term":[{"taxonomy":"category","embeddable":true,"href":"https:\/\/www.europesays.com\/no\/wp-json\/wp\/v2\/categories?post=129842"},{"taxonomy":"post_tag","embeddable":true,"href":"https:\/\/www.europesays.com\/no\/wp-json\/wp\/v2\/tags?post=129842"}],"curies":[{"name":"wp","href":"https:\/\/api.w.org\/{rel}","templated":true}]}}