{"id":129850,"date":"2026-01-06T05:39:08","date_gmt":"2026-01-06T05:39:08","guid":{"rendered":"https:\/\/www.europesays.com\/no\/129850\/"},"modified":"2026-01-06T05:39:08","modified_gmt":"2026-01-06T05:39:08","slug":"jonas-gahr-store-israel-palestina","status":"publish","type":"post","link":"https:\/\/www.europesays.com\/no\/129850\/","title":{"rendered":"Jonas Gahr St\u00f8re, Israel &#8211; Palestina"},"content":{"rendered":"\n<p>Et \u00e5r er forbi, men ikke folkemordet.<\/p>\n<p>Det foreg\u00e5r en utmattelseskrig mot alt vi tror p\u00e5. Israel og USA knuser brutalt og systematisk v\u00e5r felles rett til rettferdighet, likhet, menneskeverd og aktiv solidaritet. Vi beveger oss raskt mot kollaps for en verdensorden som vi, trolig utilgivelig naivt, trodde hadde regler for dem med makt og ubetinget beskyttelse for de s\u00e5rbare.<\/p>\n<p>Vi trodde nazistenes holocaust ga Europa en grufull historisk l\u00e6repenge om ettergivenhet for despoters rasehat og et nytt forpliktende mantra: Aldri mer, aldri mer for noen!<\/p>\n<p>Aldri mer handlinger beg\u00e5tt i den hensikt \u00e5 helt eller delvis \u00f8delegge en nasjonal, etnisk, rasemessig eller religi\u00f8s gruppe. Aldri mer \u00f8deleggelse av en folkegruppe p\u00e5 grunnlag av hvem de er. Aldri mer <a href=\"https:\/\/www.hlsenteret.no\/undervisning\/kunnskapsbasen\/Ulike%20folkemord\/\" rel=\"nofollow noopener\" target=\"_blank\">folkemord<\/a>, som dette kalles.<\/p>\n<p>Vi trodde Folkemord- og Gen\u00e8vekonvensjonene skulle beskytte alle mot ny, utslettende r\u00e5skap og nye despoters muligheter for hensynsl\u00f8s maktmisbruk, konsentrasjonsleirer og rabiat rasisme.<\/p>\n<p>Levealderen i Gaza halvert<\/p>\n<p>Folkemordet i Gaza har av USA og Israel blitt d\u00f8pt om til \u00abv\u00e5penhvile\u00bb. Siden 10. oktober har <a href=\"https:\/\/www.aljazeera.com\/news\/2025\/11\/11\/how-many-times-has-israel-violated-the-gaza-ceasefire-here-are-the-numbers\" rel=\"nofollow noopener\" target=\"_blank\">Israel brutt denne v\u00e5penhvilen<\/a> n\u00e6r 1000 ganger.<\/p>\n<p><b>Les ogs\u00e5: <\/b><a href=\"https:\/\/www.nettavisen.no\/nyheter\/tre-palestinere-drept-av-israelske-soldater-i-gaza-ifolge-helsemyndighetene\/s\/5-95-2806520\" rel=\"Follow nofollow noopener\" target=\"_blank\">Tre palestinere drept av israelske soldater i Gaza, if\u00f8lge helsemyndighetene <\/a><\/p>\n<p>Folkerettsstridig har de flyttet den \u00abgule linjen\u00bb slik at de n\u00e5 <a href=\"https:\/\/gazamaps.com\/yellow\" rel=\"Follow nofollow noopener\" target=\"_blank\">okkuperer over 60 prosent<\/a> av det vesle palestinske landomr\u00e5det Gaza, opprinnelig p\u00e5 st\u00f8rrelse med Mj\u00f8sa.<\/p>\n<p>Til n\u00e5 er <a href=\"https:\/\/www.aa.com.tr\/en\/middle-east\/2025-marks-deadliest-year-for-palestinians-amid-israeli-assaults\/3786482\" rel=\"Follow nofollow noopener\" target=\"_blank\">minst 11 prosent av befolkningen<\/a> i Gaza utryddet gjennom israelske drap, forbl\u00f8dning, sult, t\u00f8rst, sykdom, kulde og hjeml\u00f8shet. Avg\u00e5tt stabssjef for de israelske okkupasjonsstyrkene, generall\u00f8ytnant Herzi Halevi, <a href=\"https:\/\/edition.cnn.com\/2025\/09\/15\/middleeast\/1-in-10-palestinians-killed-injured-gaza-israel-intl\" rel=\"nofollow noopener\" target=\"_blank\">sa allerede<\/a> i september at \u00abover 10 prosent av befolkningen i Gaza er drept eller skadet, flere enn 200 000. Dette er ingen sk\u00e5nsom krig\u00bb.<\/p>\n<p>   <img decoding=\"async\" width=\"8640\" height=\"5760\" fetchpriority=\"low\"  loading=\"lazy\"  src=\"https:\/\/www.europesays.com\/no\/wp-content\/uploads\/2026\/01\/NTB_u3mO-_DiRFg.jpg\" alt=\"Oslo 20240107. &#10;Lege Mads Gilbert holder en appell foran fredssenteret, i forbindelse med en demonstrasjon i regi Aksjonsgruppa for Palestina.&#10;Foto: Beate Oma Dahle \/ NTB\" class=\"brick-c-cFOWSL\" style=\"--brick-image-ratio: 8640 \/ 5760;\"\/><\/p>\n<p>      LEVEALDEREN STUPER: Aldri har det v\u00e6rt verre for palestinerne, skriver lege Mads Gilbert.<br \/>\n      Foto: Beate Oma Dahle\n    <\/p>\n<p><a href=\"https:\/\/www.mpg.de\/25778228\/1125-defo-gaza-study-reveals-unprecedented-losses-of-life-and-life-expectancy-154642-x\" rel=\"nofollow noopener\" target=\"_blank\">Nye studier<\/a> viser at israelske styrker har drept minst 100.000 i Gaza siden 7. oktober 2023. Flertallet er palestinske barn, kvinner og eldre, <a href=\"https:\/\/www.theguardian.com\/world\/ng-interactive\/2025\/aug\/21\/revealed-israeli-militarys-own-data-indicates-civilian-death-rate-of-83-in-gaza-war\" rel=\"Follow nofollow noopener\" target=\"_blank\">80\u201390 prosent<\/a> er sivile. Dette er \u00ab<a href=\"https:\/\/www.theguardian.com\/world\/ng-interactive\/2025\/aug\/21\/revealed-israeli-militarys-own-data-indicates-civilian-death-rate-of-83-in-gaza-war\" rel=\"nofollow noopener\" target=\"_blank\">en ekstrem nedslakting av sivile<\/a>\u00bb sammenlignet med andre kriger, if\u00f8lge <a href=\"https:\/\/www.theguardian.com\/world\/ng-interactive\/2025\/aug\/21\/revealed-israeli-militarys-own-data-indicates-civilian-death-rate-of-83-in-gaza-war\" rel=\"nofollow noopener\" target=\"_blank\">The Guardian<\/a>.<\/p>\n<p>Gazas befolkning er if\u00f8lge <a href=\"https:\/\/www.pcbs.gov.ps\/site\/512\/default.aspx?tabID=512&amp;lang=en&amp;ItemID=6137&amp;mid=3171&amp;wversion=Staging\" rel=\"nofollow noopener\" target=\"_blank\">det palestinske statistikkbyr\u00e5et<\/a> redusert med <a href=\"https:\/\/www.aa.com.tr\/en\/middle-east\/2025-marks-deadliest-year-for-palestinians-amid-israeli-assaults\/3786482\" rel=\"nofollow noopener\" target=\"_blank\">minst 254 000 mennesker<\/a>, eller ufattelige 10,6 prosent sammenlignet med f\u00f8r Israel angrep. Dette er 90 ganger st\u00f8rre befolkningstap enn i Ukraina, der <a href=\"https:\/\/ukraine.ohchr.org\/sites\/default\/files\/2025-09\/Ukraine%20-%20protection%20of%20civilians%20in%20armed%20conflict%20%28August%202025%29_ENG.pdf?utm_source=chatgpt.com\" rel=\"nofollow noopener\" target=\"_blank\">FN i august 2025<\/a> <a href=\"https:\/\/ukraine.ohchr.org\/sites\/default\/files\/2025-09\/Ukraine%20-%20protection%20of%20civilians%20in%20armed%20conflict%20%28August%202025%29_ENG.pdf?utm_source=chatgpt.com\" rel=\"nofollow noopener\" target=\"_blank\">rapporterte <\/a>at omtrent 0,12 prosent av Ukrainas f\u00f8rkrigsbefolkning hadde blitt drept eller skadet.<\/p>\n<p>Forventet levealder i Gaza er i nye <a href=\"https:\/\/researchonline.lshtm.ac.uk\/id\/eprint\/4674812\/2\/Jamaluddine-etal-2025-Traumatic-injury-mortality-in-the-Gaza-Strip-from-Oct-7-2023-to-June-30-2024-a-capture%E2%80%93recapture-analysis.pdf\" rel=\"nofollow noopener\" target=\"_blank\">studier<\/a> dokumentert <a href=\"https:\/\/www.mpg.de\/25778228\/1125-defo-gaza-study-reveals-unprecedented-losses-of-life-and-life-expectancy-154642-x\" rel=\"nofollow noopener\" target=\"_blank\">n\u00e6r halvert<\/a>, fra om lag 74 \u00e5r f\u00f8r 7. oktober til n\u00e5 rundt 35 \u00e5r (oktober 2025) som f\u00f8lge av den samlede d\u00f8delige effekten av milit\u00e6re angrep, sult, t\u00f8rst, infeksjoner, kronisk sykdom, svekket helsevesen og et knust sivilsamfunn.<\/p>\n<p>Israels groteske nytt\u00e5rshilsen<\/p>\n<p>Som en grotesk nytt\u00e5rshilsen, <a href=\"https:\/\/www.bbc.com\/news\/articles\/c1evp7weyv2o\" rel=\"nofollow noopener\" target=\"_blank\">nekter n\u00e5 Israel 37<\/a> (!) anerkjente internasjonale hjelpeorganisasjoner ny \u00ablisens\u00bb fra 1. januar, blant dem Leger Uten Grenser og <a href=\"https:\/\/www.npr.org\/2025\/12\/30\/nx-s1-5661566\/an-aid-group-that-has-worked-in-gaza-for-years-responds-to-israels-ban\" rel=\"nofollow noopener\" target=\"_blank\">Flyktninghjelpen<\/a>. De 37 NGOene utestenges b\u00e5de fra Gaza og Vestbredden og m\u00e5 avvikle all virksomhet innen 60 dager.<\/p>\n<p>Samtidig vedtok den israelske nasjonalforsamlingen <a href=\"https:\/\/www.trtworld.com\/article\/9d68bef6adf5\" rel=\"nofollow noopener\" target=\"_blank\">Knesset 29. desember<\/a> med overveldende flertall (59 mot 7 stemmer) en ny lov som skal stenge str\u00f8m- og vannforsyningen til alle FN-kontorene (UNRWA) som driver livsviktig bistandsarbeid for <a href=\"https:\/\/www.unrwa.org\/where-we-work\/gaza-strip\" rel=\"nofollow noopener\" target=\"_blank\">over 2,5 millioner<\/a> registrerte palestinske flyktninger i okkupert Palestina.<\/p>\n<p>Slik forsterker Israel sitt langsomme, kvelende systematiske folkemord. Utestengelsen er ford\u00f8mt av en rekke land, <a href=\"https:\/\/www.tv2.no\/direkte\/jpybz\/siste-nytt\/6954eeb05437d8523c4a0b1f\/eu-advarer-israel-mot-a-nekte-hjelpeorganisasjoner-a-operere-i-gaza\" rel=\"nofollow noopener\" target=\"_blank\">EU<\/a> og <a href=\"https:\/\/www.un.org\/sg\/en\/content\/sg\/2025-12-31\" rel=\"nofollow noopener\" target=\"_blank\">FN<\/a>, som advarer om at det vil blokkere livreddende humanit\u00e6r hjelp og forverre en allerede katastrofal situasjon i Gaza.<\/p>\n<p>Men makta r\u00e5r. Verbale ford\u00f8mmelser uten konkrete, direkte \u00f8konomiske og milit\u00e6re sanksjoner mot Israel har null effekt p\u00e5 krigsforbryterne og deres st\u00f8ttespiller i USA.<\/p>\n<p>St\u00f8re dilter etter USA<\/p>\n<p>Statsminister <a href=\"https:\/\/klassekampen.no\/artikkel\/2025-07-24\/store-antyder-folkemord-i-gaza?rnd=0.1686249799447821\" rel=\"nofollow noopener\" target=\"_blank\">Gahr St\u00f8re sa i juli<\/a> i en tale p\u00e5 Ut\u00f8ya at \u00abveien til erkjennelse av folkemord i Gaza er veldig klar\u00bb. Norge som signatarstat oppfyller likevel ikke sine forebyggende forpliktelser etter Folkemordkonvensjonen.<\/p>\n<p>I motsetning til Kong Harald \u2013 som tydelig p\u00e5pekte lidelsene i Gaza \u2013 nevnte statsministeren verken Gaza, israelske krigsforbrytelser \u2013 enn si folkemord \u2013 i sin nytt\u00e5rstale. Gahr St\u00f8re har heller aldri ford\u00f8mt USA for den massive st\u00f8tten til Israels krigsforbrytelser i okkupert Palestina, og han <a href=\"https:\/\/www.nettavisen.no\/nyheter\/store-vil-ikke-fordomme-usas-angrep-pa-venezuela\/s\/5-95-2807425\" rel=\"nofollow noopener\" target=\"_blank\">nekter n\u00e5 plent<\/a> \u00e5 ford\u00f8mme USAs brutale milit\u00e6re angrep p\u00e5 Venezuela og kidnappingen av landets president, et angrep som kostet <a href=\"https:\/\/www.nytimes.com\/live\/2026\/01\/03\/world\/trump-maduro-venezuela-us-strikes\" rel=\"nofollow noopener\" target=\"_blank\">minst 40 menneskeliv<\/a> \u2013 alt i strid med folkeretten. Norge dilter lydl\u00f8st etter USA som en lydig bikkje i b\u00e5nd.<\/p>\n<p><b>Vi gjennomskuer den utmattende taktikken: Kritiserer du Israel, er du antisemitt. Forsvarer du Palestina, st\u00f8tter du terror. Kritiserer du USA skader du forholdet til \u00abNorges viktigste allierte\u00bb.<\/b><\/p>\n<p><b>Les ogs\u00e5: <\/b><a href=\"https:\/\/www.nettavisen.no\/norsk-debatt\/kan-usa-ta-gronland-kan-svalbard-sta-for-tur\/o\/5-95-2807431\" rel=\"Follow nofollow noopener\" target=\"_blank\">Kan USA ta Gr\u00f8nland, kan Svalbard st\u00e5 for tur <\/a><\/p>\n<p>Forskjellsbehandler Ukraina<\/p>\n<p>Norge har gjennom <a href=\"https:\/\/www.google.com\/search?client=opera&amp;q=Nansen-programmet&amp;sourceid=opera&amp;ie=UTF-8&amp;oe=UTF-8&amp;mstk=AUtExfD-ae8nDLfW4P38kMd5ie9tKUtSAS2cuo5DPn6_iSGyTlwGuuz6mAz0sgOuyf-PGE6m5NabZVTkYvo_sc4pVDPWkIKQ_IMG724dD5oSjNAybhXDTEkwadi3yuWQPNhYXkkhCNH5WIggcXymKGTyAnQ4CASQyiVNIiObH9iaCKwnPTU&amp;csui=3&amp;ved=2ahUKEwju7q2B5eiRAxVaHRAIHSlrLlUQgK4QegQIARAC\" rel=\"nofollow noopener\" target=\"_blank\">Nansen-programmet<\/a> forpliktet seg til \u00e5 st\u00f8tte Ukrainas kamp mot okkupasjon med hele 204,5 milliarder kroner fram mot 2030, en \u00f8kt ramme p\u00e5 85 milliarder kroner bare for 2025. Norges politiske ledelse m\u00e5 \u00e5penbart oppfatte Ukrainas motstandskamp mot russisk okkupasjon som mer rettferdig og verdig enn den kampen palestinerne, med st\u00f8tte i samme folkerett, kjemper mot okkupantmakten Israel.<\/p>\n<p>Det var bra at Stortinget etter krav fra solidaritetsbevegelsen gjennom de r\u00f8dgr\u00f8nne partiene rett f\u00f8r jul fikk presset AP i budsjettforliket til \u00e5 doble st\u00f8tten til Palestina med \u00e9n milliard.<\/p>\n<p>Aps utviklingsminister <a href=\"https:\/\/www.regjeringen.no\/no\/aktuelt\/norge-oker-stotten-til-palestina-med-en-milliard\/id3144417\/\" rel=\"nofollow noopener\" target=\"_blank\">sier<\/a> det er \u00abet uttrykk for v\u00e5r sterke solidaritet med palestinerne\u00bb. Men med milliarden bevilget 22.12, blir total norsk st\u00f8tte til Palestina kun 2,1 milliarder kroner. Ukraina f\u00e5r alts\u00e5 40 ganger mer i st\u00f8tte.<\/p>\n<p>Er de menneskelige behovene, tapene av menneskeliv og fors\u00f8rgere, de sivile \u00f8deleggelsene og den humanit\u00e6re katastrofen 40 ganger st\u00f8rre i okkupert Ukraina enn i okkupert Palestina? \u00c5penbart ikke. Forskjellsbehandlingen er uttrykk for v\u00e5r tids dypeste dobbeltmoral i kampen for likhet og rettferdighet, uansett hudfarge, tro og okkupant.<\/p>\n<p>Aldri mer<\/p>\n<p>N\u00e5r verden g\u00e5r inn i 2026, st\u00e5r Gaza igjen som et av v\u00e5r tids mest omfattende eksempler p\u00e5 en menneskeskapt humanit\u00e6r katastrofe og et moralsk og politisk sammenbrudd.<\/p>\n<p>Gaza er ikke bare et omr\u00e5de i krig, men et samfunn der grunnleggende livsbetingelser og menneskerettigheter som helse, utdanning, mat, vann, bolig, arbeid og trygghet systematisk \u00f8delegges og fjernes av Israel med full st\u00f8tte fra USA, Norges viktigste allierte. Og vi har enda ikke registrert \u00e9n eneste offisiell, kritisk norsk uttalelse mot USAs deltakelse og st\u00f8tte til folkemordet i Gaza, enn si Trumps brutale nykoloniale kupp i Venezuela.<\/p>\n<p>Nytt\u00e5r kommer ikke med en ny begynnelse for Gaza. Det kommer med en videref\u00f8ring av et brutalt sammenbrudd verdensmaktene har biv\u00e5net, dokumentert, og i stor grad valgt \u00e5 akseptere.<\/p>\n<p>H\u00e5pet for 2026 ligger i det palestinske folkets ub\u00f8yelige vilje til \u00e5 forsvare sitt land og sine rettigheter uten kapitulasjon.<\/p>\n<p>H\u00e5pet ligger i den massive folkelige solidariteten med Palestina, i Norge og ikke minst internasjonalt.<\/p>\n<p>Aldri mer, sa verden.<\/p>\n<p>Aldri mer for noen.<\/p>\n<p>Aldri har det v\u00e6rt verre for palestinerne.<\/p>\n<p>Aldri har aktiv solidaritet v\u00e6rt viktigere.<\/p>\n","protected":false},"excerpt":{"rendered":"Et \u00e5r er forbi, men ikke folkemordet. Det foreg\u00e5r en utmattelseskrig mot alt vi tror p\u00e5. Israel og&hellip;\n","protected":false},"author":2,"featured_media":129851,"comment_status":"","ping_status":"","sticky":false,"template":"","format":"standard","meta":{"footnotes":""},"categories":[12],"tags":[20,21,24,25,15,22,23,13,30,28,29,14,16,26,27,42,43,44,45],"class_list":{"0":"post-129850","1":"post","2":"type-post","3":"status-publish","4":"format-standard","5":"has-post-thumbnail","7":"category-verden","8":"tag-breaking-news","9":"tag-breakingnews","10":"tag-featured-news","11":"tag-featurednews","12":"tag-headlines","13":"tag-latest-news","14":"tag-latestnews","15":"tag-news","16":"tag-no","17":"tag-norge","18":"tag-norway","19":"tag-nyheter","20":"tag-overskrifter","21":"tag-top-stories","22":"tag-topstories","23":"tag-verden","24":"tag-world","25":"tag-world-news","26":"tag-worldnews"},"share_on_mastodon":{"url":"https:\/\/pubeurope.com\/@no\/115846549697602897","error":""},"_links":{"self":[{"href":"https:\/\/www.europesays.com\/no\/wp-json\/wp\/v2\/posts\/129850","targetHints":{"allow":["GET"]}}],"collection":[{"href":"https:\/\/www.europesays.com\/no\/wp-json\/wp\/v2\/posts"}],"about":[{"href":"https:\/\/www.europesays.com\/no\/wp-json\/wp\/v2\/types\/post"}],"author":[{"embeddable":true,"href":"https:\/\/www.europesays.com\/no\/wp-json\/wp\/v2\/users\/2"}],"replies":[{"embeddable":true,"href":"https:\/\/www.europesays.com\/no\/wp-json\/wp\/v2\/comments?post=129850"}],"version-history":[{"count":0,"href":"https:\/\/www.europesays.com\/no\/wp-json\/wp\/v2\/posts\/129850\/revisions"}],"wp:featuredmedia":[{"embeddable":true,"href":"https:\/\/www.europesays.com\/no\/wp-json\/wp\/v2\/media\/129851"}],"wp:attachment":[{"href":"https:\/\/www.europesays.com\/no\/wp-json\/wp\/v2\/media?parent=129850"}],"wp:term":[{"taxonomy":"category","embeddable":true,"href":"https:\/\/www.europesays.com\/no\/wp-json\/wp\/v2\/categories?post=129850"},{"taxonomy":"post_tag","embeddable":true,"href":"https:\/\/www.europesays.com\/no\/wp-json\/wp\/v2\/tags?post=129850"}],"curies":[{"name":"wp","href":"https:\/\/api.w.org\/{rel}","templated":true}]}}