{"id":129852,"date":"2026-01-06T05:40:08","date_gmt":"2026-01-06T05:40:08","guid":{"rendered":"https:\/\/www.europesays.com\/no\/129852\/"},"modified":"2026-01-06T05:40:08","modified_gmt":"2026-01-06T05:40:08","slug":"ap-vil-bli-strengare-men-det-hjelper-neppe-partiet","status":"publish","type":"post","link":"https:\/\/www.europesays.com\/no\/129852\/","title":{"rendered":"Ap vil bli strengare, men det hjelper neppe partiet."},"content":{"rendered":"<p class=\"extendedContent hyperion-css-67x533\" data-test-tag=\"lead-text\">I Danmark og Storbritannia satsar arbeidarpartia hardt p\u00e5 innvandringspolitikk. Det b\u00f8r skremme St\u00f8re.<\/p>\n<p><img decoding=\"async\" class=\"image-asset hyperion-css-u06ts1\" data-test-tag=\"image-asset\" src=\"https:\/\/www.europesays.com\/no\/wp-content\/uploads\/2026\/01\/3c7b902c-ccd8-4480-93cc-e6f8c8627d6a.jpeg\"  alt=\"Erfaringar fr\u00e5 andre land tyder p\u00e5 at Jonas Gahr St\u00f8re (Ap) neppe tener p\u00e5 \u00e5 bli strengare i innvandringspolitikken.\"  loading=\"eager\" fetchpriority=\"high\" style=\"aspect-ratio:1900 \/ 1270\"\/>Erfaringar fr\u00e5 andre land tyder p\u00e5 at Jonas Gahr St\u00f8re (Ap) neppe tener p\u00e5 \u00e5 bli strengare i innvandringspolitikken. Foto: Terje Pedersen \/ NTBPublisert: Publisert: <\/p>\n<p>For mindre enn 1 time siden<\/p>\n<p class=\"paywall hyperion-css-zwo8lj\">Arbeidarpartiet skal bli <a aria-label=\"strengare i innvandringspolitikken\" class=\"kommentar hyperion-css-1raymq9\" href=\"https:\/\/www.vg.no\/nyheter\/i\/9pmoJr\/statsminister-jonas-gahr-stoere-om-innstramming-i-innvandringspolitikken\" rel=\"noopener nofollow noreferrer\" data-test-tag=\"external-link\" target=\"_blank\">strengare i innvandringspolitikken<\/a>. Fleire skal ut, f\u00e6rre skal inn. <\/p>\n<p class=\"paywall hyperion-css-zwo8lj\">Nimrah Ramzan er fungerande AUF-leiar. Ho meiner Ap berre <a aria-label=\"diltar etter Framstegspartiet\" class=\"kommentar hyperion-css-1raymq9\" href=\"https:\/\/www.vg.no\/nyheter\/i\/Rjx80x\/auf-leder-tra-kraftig-innvandrings-oppgjoer-med-ap-ledelsen-kaller-innstramminger-tegn-paa-svakhet\" rel=\"noopener nofollow noreferrer\" data-test-tag=\"external-link\" target=\"_blank\">diltar etter Framstegspartiet<\/a> i innvandringspolitikken. Det kan vere. Men dei diltar ogs\u00e5 etter arbeidarpartia i Danmark og Storbritannia.<\/p>\n<p class=\"paywall hyperion-css-zwo8lj\">Socialdemokratiet og Labour har teke eit slags leiarskap i \u00e5 vere strengast mogeleg. Det g\u00e5r ganske d\u00e5rleg. <\/p>\n<p class=\"paywall hyperion-css-zwo8lj\">I Danmark ligg statsminister Mette Frederiksen an til \u00e5 g\u00e5 p\u00e5 eit historisk nederlag. P\u00e5 den siste meiningsm\u00e5linga til <a aria-label=\"DR\" class=\"kommentar hyperion-css-1raymq9\" href=\"https:\/\/www.dr.dk\/nyheder\/politik\/meningsmaalinger\" rel=\"noopener nofollow noreferrer\" data-test-tag=\"external-link\" target=\"_blank\">DR<\/a>, f\u00e5r Socialdemokratiet 16,5 prosent oppslutning. <\/p>\n<p class=\"paywall hyperion-css-zwo8lj\">Det er ein tilbakegang p\u00e5 elleve prosentpoeng sidan 2022, og vil vere det svakaste resultatet sidan 1901. Seinast i oktober skal det vere val i Danmark. Sosialdemokratane m\u00e5 grue seg. <\/p>\n<p class=\"hyperion-css-1qm9e9t\">Les hele saken med abonnement<\/p>\n<p>Allerede abonnent? Logg inn<\/p>\n","protected":false},"excerpt":{"rendered":"I Danmark og Storbritannia satsar arbeidarpartia hardt p\u00e5 innvandringspolitikk. Det b\u00f8r skremme St\u00f8re. Erfaringar fr\u00e5 andre land tyder&hellip;\n","protected":false},"author":2,"featured_media":129853,"comment_status":"","ping_status":"","sticky":false,"template":"","format":"standard","meta":{"footnotes":""},"categories":[10],"tags":[20,21,24,25,15,22,23,13,30,28,29,14,16,26,27],"class_list":{"0":"post-129852","1":"post","2":"type-post","3":"status-publish","4":"format-standard","5":"has-post-thumbnail","7":"category-norge","8":"tag-breaking-news","9":"tag-breakingnews","10":"tag-featured-news","11":"tag-featurednews","12":"tag-headlines","13":"tag-latest-news","14":"tag-latestnews","15":"tag-news","16":"tag-no","17":"tag-norge","18":"tag-norway","19":"tag-nyheter","20":"tag-overskrifter","21":"tag-top-stories","22":"tag-topstories"},"share_on_mastodon":{"url":"https:\/\/pubeurope.com\/@no\/115846553456443275","error":""},"_links":{"self":[{"href":"https:\/\/www.europesays.com\/no\/wp-json\/wp\/v2\/posts\/129852","targetHints":{"allow":["GET"]}}],"collection":[{"href":"https:\/\/www.europesays.com\/no\/wp-json\/wp\/v2\/posts"}],"about":[{"href":"https:\/\/www.europesays.com\/no\/wp-json\/wp\/v2\/types\/post"}],"author":[{"embeddable":true,"href":"https:\/\/www.europesays.com\/no\/wp-json\/wp\/v2\/users\/2"}],"replies":[{"embeddable":true,"href":"https:\/\/www.europesays.com\/no\/wp-json\/wp\/v2\/comments?post=129852"}],"version-history":[{"count":0,"href":"https:\/\/www.europesays.com\/no\/wp-json\/wp\/v2\/posts\/129852\/revisions"}],"wp:featuredmedia":[{"embeddable":true,"href":"https:\/\/www.europesays.com\/no\/wp-json\/wp\/v2\/media\/129853"}],"wp:attachment":[{"href":"https:\/\/www.europesays.com\/no\/wp-json\/wp\/v2\/media?parent=129852"}],"wp:term":[{"taxonomy":"category","embeddable":true,"href":"https:\/\/www.europesays.com\/no\/wp-json\/wp\/v2\/categories?post=129852"},{"taxonomy":"post_tag","embeddable":true,"href":"https:\/\/www.europesays.com\/no\/wp-json\/wp\/v2\/tags?post=129852"}],"curies":[{"name":"wp","href":"https:\/\/api.w.org\/{rel}","templated":true}]}}