{"id":129854,"date":"2026-01-06T05:42:29","date_gmt":"2026-01-06T05:42:29","guid":{"rendered":"https:\/\/www.europesays.com\/no\/129854\/"},"modified":"2026-01-06T05:42:29","modified_gmt":"2026-01-06T05:42:29","slug":"sport-fotball-positiv-til-a-se-solskjaer-som-sjef-pa-old-trafford-igjen-tidens-krav","status":"publish","type":"post","link":"https:\/\/www.europesays.com\/no\/129854\/","title":{"rendered":"Sport, Fotball | Positiv til \u00e5 se Solskj\u00e6r som sjef p\u00e5 Old Trafford igjen &#8211; Tidens Krav"},"content":{"rendered":"<ol>\n<li><a href=\"https:\/\/news.google.com\/rss\/articles\/CBMikwFBVV95cUxQUnRwdEdBY2wxZm02ejVka1dUbzdzQVlZeXJVeEYtOTluMmRRVXZPTUlua3NJOTNtUVp5dnNqdXA1OUoxTV82WjVEczA1M3Y4UmsxUS1ZUEdVOUhIODltUFN2bE11NjRGb0dhLWZBaXZiMjNjUTNsbi1xaUlKa3NMWkktVHhMRjhaM2ZYcHl2YmlDWkU?oc=5\" target=\"_blank\" rel=\"nofollow noopener\">Sport, Fotball | Positiv til \u00e5 se Solskj\u00e6r som sjef p\u00e5 Old Trafford igjen<\/a>&nbsp;&nbsp;Tidens Krav<\/li>\n<li><a href=\"https:\/\/news.google.com\/rss\/articles\/CBMijgFBVV95cUxQSnpsN3l1Y1N6RUdaLWpDNW9OWXpVckt3YXlZR19VNHl0YU10WGtWY19hVnQ2V2Jsd0NadzRibzNjYlBjamNwMFMtZUlKUFlWa09PTDh6bTkyUkJMaHRfNmRfZk5sOWpjakc2N2doNFhQSUwxcGsxV2J2ZGozZkE5bHQ1ZC1MRFVkeWhLTDB3?oc=5\" target=\"_blank\" rel=\"nofollow noopener\">Amorim ferdig i Manchester United: \u2013 Har hatt veldig merkelig atferd<\/a>&nbsp;&nbsp;NRK<\/li>\n<li><a href=\"https:\/\/news.google.com\/rss\/articles\/CBMiX0FVX3lxTE9XaDA1ZjZORWhyZUdSU1NEOEU4LWp1amFoRnlGckxHTzlQcTFNaWtRVm1rYkU0NmVOWXhlRHNZZHhmR3BudEZVVHV0RmdVamtKcU1GdTd0SjdiQTF4aVRN?oc=5\" target=\"_blank\" rel=\"nofollow noopener\">Steiler: \u2013 Uverdig<\/a>&nbsp;&nbsp;TV2.no<\/li>\n<li><a href=\"https:\/\/news.google.com\/rss\/articles\/CBMinwFBVV95cUxPcjBncFZUN2phQW81T3ZQUWRtUHNtR3BTQ21oWGVkcERlZzVWc3NEZlRwaDlFTkxzVkFWVFJVdUFYUnlpU0hJWE5yOGNZeEpEb090cnBXVmtWN2Vsa3dBVlFrWHR3ZkViMVAzX3FWN0FFOGJpOHNpcXhaak5VS0s3Rks4eGFyWlhSMkxaNm9sckM5aU01MHc1TnVNVmJBT0k?oc=5\" target=\"_blank\" rel=\"nofollow noopener\">Null tro p\u00e5 Solskj\u00e6r-retur: \u2013\u2060 Da tror jeg han ville v\u00e6rt klar allerede<\/a>&nbsp;&nbsp;VG<\/li>\n<li><a href=\"https:\/\/news.google.com\/rss\/articles\/CBMimAFBVV95cUxOXy1WUHoxTEs5cW1ObFBEbDFhcTZkbi1QU1BudzNmbE5IZ282MTlTc0lCQlRyT1I3eUFqXzJXRkZzcmRoV2ZYRlpsUmNQejJoX3BGcnNkQ2VNU0JnU0ZoSWt1MXFKRnpuY2JNTTRjNUs1YW0wSXZDLXdyZ3AzeGtOOWlTWG5XeXdPOGJhX1JRTWVjSnpQbzR6Rg?oc=5\" target=\"_blank\" rel=\"nofollow noopener\">Full United-alarm: \u2013 En dundrende fiasko<\/a>&nbsp;&nbsp;Nettavisen<\/li>\n<\/ol>\n","protected":false},"excerpt":{"rendered":"Sport, Fotball | Positiv til \u00e5 se Solskj\u00e6r som sjef p\u00e5 Old Trafford igjen&nbsp;&nbsp;Tidens Krav Amorim ferdig i&hellip;\n","protected":false},"author":2,"featured_media":129855,"comment_status":"","ping_status":"","sticky":false,"template":"","format":"standard","meta":{"footnotes":""},"categories":[59],"tags":[30,28,29,83,82],"class_list":{"0":"post-129854","1":"post","2":"type-post","3":"status-publish","4":"format-standard","5":"has-post-thumbnail","7":"category-sport","8":"tag-no","9":"tag-norge","10":"tag-norway","11":"tag-sport","12":"tag-sports"},"share_on_mastodon":{"url":"https:\/\/pubeurope.com\/@no\/115846561296438671","error":""},"_links":{"self":[{"href":"https:\/\/www.europesays.com\/no\/wp-json\/wp\/v2\/posts\/129854","targetHints":{"allow":["GET"]}}],"collection":[{"href":"https:\/\/www.europesays.com\/no\/wp-json\/wp\/v2\/posts"}],"about":[{"href":"https:\/\/www.europesays.com\/no\/wp-json\/wp\/v2\/types\/post"}],"author":[{"embeddable":true,"href":"https:\/\/www.europesays.com\/no\/wp-json\/wp\/v2\/users\/2"}],"replies":[{"embeddable":true,"href":"https:\/\/www.europesays.com\/no\/wp-json\/wp\/v2\/comments?post=129854"}],"version-history":[{"count":0,"href":"https:\/\/www.europesays.com\/no\/wp-json\/wp\/v2\/posts\/129854\/revisions"}],"wp:featuredmedia":[{"embeddable":true,"href":"https:\/\/www.europesays.com\/no\/wp-json\/wp\/v2\/media\/129855"}],"wp:attachment":[{"href":"https:\/\/www.europesays.com\/no\/wp-json\/wp\/v2\/media?parent=129854"}],"wp:term":[{"taxonomy":"category","embeddable":true,"href":"https:\/\/www.europesays.com\/no\/wp-json\/wp\/v2\/categories?post=129854"},{"taxonomy":"post_tag","embeddable":true,"href":"https:\/\/www.europesays.com\/no\/wp-json\/wp\/v2\/tags?post=129854"}],"curies":[{"name":"wp","href":"https:\/\/api.w.org\/{rel}","templated":true}]}}