{"id":129866,"date":"2026-01-06T05:57:10","date_gmt":"2026-01-06T05:57:10","guid":{"rendered":"https:\/\/www.europesays.com\/no\/129866\/"},"modified":"2026-01-06T05:57:10","modified_gmt":"2026-01-06T05:57:10","slug":"nyheter-kriminalitet-og-rettsvesen-anket-dommen-fikk-sju-maneder-til-i-fengsel","status":"publish","type":"post","link":"https:\/\/www.europesays.com\/no\/129866\/","title":{"rendered":"Nyheter, Kriminalitet og rettsvesen | Anket dommen \u2013 fikk sju m\u00e5neder til i fengsel"},"content":{"rendered":"\n<p>Det har g\u00e5tt et \u00e5r siden en mann m\u00f8tte i Vestre Innlandet tingrett. Tiltalt for \u00e5 ha mishandlet tre kvinner, og v\u00e6rt voldelig mot en fjerde. Alle fire med tilknytning til Gudbrandsdalen.<\/p>\n<p>Tiltalte erkjente i retten straffskyld for \u00e5 ha hatt seksuell omgang med en av de forn\u00e6rmede da hun var mellom 14 \u00e5r og 16 \u00e5r. Han har delvis erkjent straffskyld for vold i n\u00e6re relasjoner overfor to forn\u00e6rmede. Han har erkjent psykisk mishandling gjennom kontrollerende atferd, og enkelte fysiske voldshandlinger. Han har videre erkjent enkelte voldshandlinger i to konkrete voldsepisoder. For \u00f8vrig benekter han \u00e5 ha gjort det han er anklaget for.<\/p>\n<p>Mannen svarte i retten \u00abikke skyldig\u00bb i at han skal ha oppf\u00f8rt seg krenkende mot den fjerde kvinnen.<\/p>\n<p>Likevel ble han d\u00f8mt til fire \u00e5r og to m\u00e5neders fengsel.<\/p>\n<p>Ny dom<\/p>\n<p>Retten ble n\u00f8dt til \u00e5 vurdere troverdigheten til de involverte. De var overbevist om at tiltalte er skyldig etter tiltalen for samtlige tiltaleposter. Mannen anket dommen innen fristen. Den ble med med det ikke rettskraftig. N\u00e5 har det v\u00e6rt en ny runde i Eidsivating lagmannsrett.<\/p>\n<p>\u2013 De forn\u00e6rmede er glade for \u00e5 ha blitt trodd, men det er en stor belastning for dem \u00e5 m\u00e5tte vente p\u00e5 og g\u00e5 gjennom en ny ankesak. Generelt er det slik at voldsutsatte personer gjerne m\u00e5 sette livet p\u00e5 vent inntil en rettssak er over, skrev en av bistandsadvokatene i saken, Stine Rigmor Grimstad, til GD da tingrettsdommen var klar.<\/p>\n<p>   <img decoding=\"async\" width=\"5568\" height=\"3712\" fetchpriority=\"low\"  loading=\"lazy\"  src=\"https:\/\/www.europesays.com\/no\/wp-content\/uploads\/2026\/01\/5_18_1980057+DSC_6014.jpg\" alt=\"\" class=\"brick-c-cFOWSL\" style=\"--brick-image-ratio: 5568 \/ 3712;\"\/><\/p>\n<p>      Bistandsadvokat Stine Rigmor Grimstad.<br \/>\n      Foto: J\u00f8rgen Karlsen\n    <\/p>\n<p>  Strengere straff<\/p>\n<p>Ti l\u00f8pet av ti dager i lagmannsretten forklarte de forn\u00e6rmede, mannen selv og 15 vitner seg.<\/p>\n<p>Konklusjonen var som i tingretten. Mannen ble d\u00f8mt etter tiltalen.<\/p>\n<p>Den store forskjellen var at lagmannsretten landet p\u00e5 en strengere straff. Fire \u00e5r og ni m\u00e5neder i fengsel. I tillegg m\u00e5 han ut med omring 750.000 kroner i erstatning til de forn\u00e6rmede.<\/p>\n<p>Mannens forsvarer, Anders Frydenberg, har s\u00e5 langt ikke \u00f8nsket \u00e5 kommentere dommen.<\/p>\n<p>   <img decoding=\"async\" width=\"2143\" height=\"1598\" fetchpriority=\"low\"  loading=\"lazy\"  src=\"https:\/\/www.europesays.com\/no\/wp-content\/uploads\/2026\/01\/5_18_2144073+3+Advokatene+Berge+og+Frydenberg.bin.jpeg\" alt=\"\" class=\"brick-c-cFOWSL\" style=\"--brick-image-ratio: 2143 \/ 1598;\"\/><\/p>\n<p>      Advokat Jonas Berge (t.v.) og Anders Frydenberg er mannens forsvarere.<br \/>\n      Foto: Arnfinn Skinlo\n    <\/p>\n","protected":false},"excerpt":{"rendered":"Det har g\u00e5tt et \u00e5r siden en mann m\u00f8tte i Vestre Innlandet tingrett. Tiltalt for \u00e5 ha mishandlet&hellip;\n","protected":false},"author":2,"featured_media":129867,"comment_status":"","ping_status":"","sticky":false,"template":"","format":"standard","meta":{"footnotes":""},"categories":[10],"tags":[36,20,21,15099,24,25,15101,15,3149,22,23,13,30,28,29,14,16,1510,26,27,15100],"class_list":{"0":"post-129866","1":"post","2":"type-post","3":"status-publish","4":"format-standard","5":"has-post-thumbnail","7":"category-norge","8":"tag-art","9":"tag-breaking-news","10":"tag-breakingnews","11":"tag-eidsivating-lagmannsrett","12":"tag-featured-news","13":"tag-featurednews","14":"tag-gudbrandsdal-tingrett","15":"tag-headlines","16":"tag-kriminalitet-og-rettsvesen","17":"tag-latest-news","18":"tag-latestnews","19":"tag-news","20":"tag-no","21":"tag-norge","22":"tag-norway","23":"tag-nyheter","24":"tag-overskrifter","25":"tag-story","26":"tag-top-stories","27":"tag-topstories","28":"tag-vestre-innlandet-tingrett"},"share_on_mastodon":{"url":"https:\/\/pubeurope.com\/@no\/115846620277512728","error":""},"_links":{"self":[{"href":"https:\/\/www.europesays.com\/no\/wp-json\/wp\/v2\/posts\/129866","targetHints":{"allow":["GET"]}}],"collection":[{"href":"https:\/\/www.europesays.com\/no\/wp-json\/wp\/v2\/posts"}],"about":[{"href":"https:\/\/www.europesays.com\/no\/wp-json\/wp\/v2\/types\/post"}],"author":[{"embeddable":true,"href":"https:\/\/www.europesays.com\/no\/wp-json\/wp\/v2\/users\/2"}],"replies":[{"embeddable":true,"href":"https:\/\/www.europesays.com\/no\/wp-json\/wp\/v2\/comments?post=129866"}],"version-history":[{"count":0,"href":"https:\/\/www.europesays.com\/no\/wp-json\/wp\/v2\/posts\/129866\/revisions"}],"wp:featuredmedia":[{"embeddable":true,"href":"https:\/\/www.europesays.com\/no\/wp-json\/wp\/v2\/media\/129867"}],"wp:attachment":[{"href":"https:\/\/www.europesays.com\/no\/wp-json\/wp\/v2\/media?parent=129866"}],"wp:term":[{"taxonomy":"category","embeddable":true,"href":"https:\/\/www.europesays.com\/no\/wp-json\/wp\/v2\/categories?post=129866"},{"taxonomy":"post_tag","embeddable":true,"href":"https:\/\/www.europesays.com\/no\/wp-json\/wp\/v2\/tags?post=129866"}],"curies":[{"name":"wp","href":"https:\/\/api.w.org\/{rel}","templated":true}]}}