{"id":129874,"date":"2026-01-06T06:05:15","date_gmt":"2026-01-06T06:05:15","guid":{"rendered":"https:\/\/www.europesays.com\/no\/129874\/"},"modified":"2026-01-06T06:05:15","modified_gmt":"2026-01-06T06:05:15","slug":"finnmarksbrigaden-mistenker-spionasje-langs-den-russiske-grensa","status":"publish","type":"post","link":"https:\/\/www.europesays.com\/no\/129874\/","title":{"rendered":"Finnmarksbrigaden mistenker spionasje langs den russiske grensa"},"content":{"rendered":"<p class=\"txt-ind\">\u2013 Vi ser en st\u00f8rre trussel her oppe, og det er f\u00f8rst og fremst spionasje og innhenting av informasjon, sier brigadesjef John Olav Fuglem til <a href=\"https:\/\/www.svt.se\/nyheter\/lokalt\/norrbotten\/ryska-spioner-vid-gransen-forsvaret-okar-narvaron-i-kirkenes\" target=\"_blank\" rel=\"noopener nofollow\">SVT<\/a>.<\/p>\n<p class=\"txt-ind\">Det kommer ikke fram i det svenske innslaget n\u00e5r de konkrete hendelsene har skjedd. <a href=\"https:\/\/www.nrk.no\/tromsogfinnmark\/svt_-har-avslort-at-russiske-spioner-har-kommet-til-kirkenes-med-fiskebater-1.17711544\" target=\"_blank\" rel=\"noopener nofollow\">NRK <\/a> har bedt Forsvaret om \u00e5 utdype n\u00e5r avsl\u00f8ringene fant sted, men har hittil ikke f\u00e5tt svar.<\/p>\n<p class=\"txt-ind\">Brigaden har oppdaget at folk som utgir seg for \u00e5 v\u00e6re turister, egentlig kan ha en annen agenda, if\u00f8lge den svenske kanalen.<\/p>\n<p class=\"txt-ind\">\u2013 N\u00e5r du bor her, s\u00e5 blir du litt mer \u00e5rv\u00e5ken. Og du ser fort om det er folk med en annen dialekt som g\u00e5r og tar bilder, som er p\u00e5 plasser de helst ikke burde v\u00e6rt, eller er p\u00e5 plasser som er viktige for oss. Det merker vi, sier Fuglem til SVT.<\/p>\n<p class=\"txt-ind\">Finnmarksbrigaden ble etablert i august, som en del av Norges opprustning av Forsvaret. Brigaden har tatt utgangspunkt i dagens landforsvar av Finnmark, og den best\u00e5r av noen tusen soldater stasjonert i S\u00f8r-Varanger og Porsanger.<\/p>\n","protected":false},"excerpt":{"rendered":"\u2013 Vi ser en st\u00f8rre trussel her oppe, og det er f\u00f8rst og fremst spionasje og innhenting av&hellip;\n","protected":false},"author":2,"featured_media":129875,"comment_status":"","ping_status":"","sticky":false,"template":"","format":"standard","meta":{"footnotes":""},"categories":[5],"tags":[20,21,24,25,226,15,19,22,23,17,18,13,30,28,29,14,16,8680,26,27],"class_list":{"0":"post-129874","1":"post","2":"type-post","3":"status-publish","4":"format-standard","5":"has-post-thumbnail","7":"category-overskrifter","8":"tag-breaking-news","9":"tag-breakingnews","10":"tag-featured-news","11":"tag-featurednews","12":"tag-forsvar","13":"tag-headlines","14":"tag-hovedoppslag","15":"tag-latest-news","16":"tag-latestnews","17":"tag-main-news","18":"tag-mainnews","19":"tag-news","20":"tag-no","21":"tag-norge","22":"tag-norway","23":"tag-nyheter","24":"tag-overskrifter","25":"tag-spionasje","26":"tag-top-stories","27":"tag-topstories"},"share_on_mastodon":{"url":"https:\/\/pubeurope.com\/@no\/115846651891565298","error":""},"_links":{"self":[{"href":"https:\/\/www.europesays.com\/no\/wp-json\/wp\/v2\/posts\/129874","targetHints":{"allow":["GET"]}}],"collection":[{"href":"https:\/\/www.europesays.com\/no\/wp-json\/wp\/v2\/posts"}],"about":[{"href":"https:\/\/www.europesays.com\/no\/wp-json\/wp\/v2\/types\/post"}],"author":[{"embeddable":true,"href":"https:\/\/www.europesays.com\/no\/wp-json\/wp\/v2\/users\/2"}],"replies":[{"embeddable":true,"href":"https:\/\/www.europesays.com\/no\/wp-json\/wp\/v2\/comments?post=129874"}],"version-history":[{"count":0,"href":"https:\/\/www.europesays.com\/no\/wp-json\/wp\/v2\/posts\/129874\/revisions"}],"wp:featuredmedia":[{"embeddable":true,"href":"https:\/\/www.europesays.com\/no\/wp-json\/wp\/v2\/media\/129875"}],"wp:attachment":[{"href":"https:\/\/www.europesays.com\/no\/wp-json\/wp\/v2\/media?parent=129874"}],"wp:term":[{"taxonomy":"category","embeddable":true,"href":"https:\/\/www.europesays.com\/no\/wp-json\/wp\/v2\/categories?post=129874"},{"taxonomy":"post_tag","embeddable":true,"href":"https:\/\/www.europesays.com\/no\/wp-json\/wp\/v2\/tags?post=129874"}],"curies":[{"name":"wp","href":"https:\/\/api.w.org\/{rel}","templated":true}]}}