{"id":129878,"date":"2026-01-06T06:12:50","date_gmt":"2026-01-06T06:12:50","guid":{"rendered":"https:\/\/www.europesays.com\/no\/129878\/"},"modified":"2026-01-06T06:12:50","modified_gmt":"2026-01-06T06:12:50","slug":"na-ma-it-direktorer-bli-gode-pa-endringsledelse","status":"publish","type":"post","link":"https:\/\/www.europesays.com\/no\/129878\/","title":{"rendered":"N\u00e5 m\u00e5 IT-direkt\u00f8rer bli gode p\u00e5 endringsledelse"},"content":{"rendered":"<p class=\"text-md pt-2 pb-8 mb-3 text-base border-b border-brandNeutral-900 dark:border-brandNeutral-100\">Dette debattinnlegget gir uttrykk for skribentens meninger. Innlegg kan sendes til debatt@digi.no.<\/p>\n<p>I Salesforce er det en juletradisjon \u00e5 slippe resultater fra v\u00e5r unders\u00f8kelse rettet mot IT-direkt\u00f8rer verden over.<\/p>\n<p>\u00c5rets unders\u00f8kelse peker p\u00e5 noen interessante trender:<\/p>\n<ul>&#13;<\/p>\n<li>Seks av ti IT-direkt\u00f8rer opplever at de lykkes bedre enn sine konkurrenter med kunstig intelligens (KI).<\/li>\n<p>&#13;<\/p>\n<li>Full KI-implementering har g\u00e5tt fra 11 prosent til 42 prosent &#8211; en \u00f8kning p\u00e5 282 prosent.\u00a0<\/li>\n<p>&#13;<\/p>\n<li>KI-budsjettene er doblet. 30 prosent av ressursene g\u00e5r n\u00e5 til agentisk KI.<\/li>\n<p>&#13;<\/p>\n<li>96 prosent sier at de enten bruker eller skal innf\u00f8re agentisk KI de to neste \u00e5rene.<\/li>\n<p>&#13;\n<\/ul>\n<p>I fjor sa IT-direkt\u00f8rene at de tettet datahull, fjernet teknisk gjeld, styrket sikkerheten og kj\u00f8rte KI-piloter. I \u00e5r er de mest opptatt av skalering. S\u00f8kelyset er rettet mot kommunikasjon og endringsledelse for \u00e5 hente hjem effekt fra investeringene.<\/p>\n<p>Nye roller for IT-ledelsen<\/p>\n<p>Mengden endringer gj\u00f8r at IT-ledere m\u00e5 knytte enda tettere b\u00e5nd med hele ledergruppen. Fordi kunstig intelligens p\u00e5virker s\u00e5 bredt, m\u00e5 IT samkj\u00f8re avdelinger, lage strategier for KI-innf\u00f8ring og endring og sikre at kunstig intelligens blir del av alle medarbeideres arbeidsformer.<\/p>\n<p>Det krever nye prioriteringer. S\u00f8kelyset er p\u00e5 agentiske arbeidsflyter, integrasjon av KI i kjerneplattformene og skalering av kunstig intelligens p\u00e5 tvers av virksomheten. Det inneb\u00e6rer at IT-direkt\u00f8rer m\u00e5 bruke mer tid sammen med kunden\u00e6re team, og da s\u00e6rlig kundeservice \u2013 der bruken av KI-agenter har hatt st\u00f8rst p\u00e5virkning til n\u00e5.<\/p>\n<p>Tryggere i rollen<\/p>\n<p>Den raske utviklingen i markedet gir nye forventninger til IT-lederen som en strateg som rettleder virksomheten rundt hvilke muligheter og begrensninger som kommer med KI. Derfor er det oppl\u00f8ftende at tre av fire ledere f\u00f8ler seg tryggere i egen rolle, har \u00f8kt sine KI-ferdigheter og tilegnet seg mykere lederferdigheter.<\/p>\n<p>De opplever ogs\u00e5 at de har evnet \u00e5 sette m\u00e5l for bruken av kunstig intelligens og tilh\u00f8rende forventet forretningseffekt.<\/p>\n<p>Behovet for kompetanseheving er stort, b\u00e5de i IT-avdelingen og virksomheten ellers, og god oppl\u00e6ring oppfattes som en strategisk n\u00f8dvendighet. Den st\u00f8rste frykten rundt KI forblir sikkerhet og personvern, etterfulgt av en mangel p\u00e5 p\u00e5litelige data.<\/p>\n<p>Derfor er det ikke overraskende at brorparten foretrekker leverand\u00f8rer som de har kjennskap og trygghet til.\u00a0\u00a0<\/p>\n<p><a class=\"group clear-both w-full !no-underline my-8 sm:my-12 bg-stone-50 dark:bg-brandStone-700 dark:text-brandNeutral-100 flex items-stretch flex-nowrap\" href=\"https:\/\/www.digi.no\/artikler\/aws-river-muren-mot-google\/565361\" rel=\"nofollow noopener\" target=\"_blank\"><img decoding=\"async\" class=\" object-cover h-full w-full transition-transform duration-700 ease-in-out group-hover:scale-[1.05] will-change-transform\" src=\"https:\/\/www.europesays.com\/no\/wp-content\/uploads\/2026\/01\/NTB_NXMfbH6KhbA.jpg\"  alt=\"Skykjempene AWS og Google g\u00e5r sammen om en ny standard som skal gj\u00f8re nettverkskoblinger enklere. Bildet viser et av Amazons datasentre i Oregon, USA, tatt i august 2024.\" loading=\"lazy\"\/><\/p>\n<p>Les ogs\u00e5:<\/p>\n<p class=\"group-hover:underline text-brandNeutral-900 dark:text-brandNeutral-100 mt-2 text-base sm:text-xl leading-5 sm:leading-6 font-bold\">AWS bygger bro til Google: Lar skyene snakke sammen<\/p>\n<p><\/a><\/p>\n","protected":false},"excerpt":{"rendered":"Dette debattinnlegget gir uttrykk for skribentens meninger. Innlegg kan sendes til debatt@digi.no. I Salesforce er det en juletradisjon&hellip;\n","protected":false},"author":2,"featured_media":129879,"comment_status":"","ping_status":"","sticky":false,"template":"","format":"standard","meta":{"footnotes":""},"categories":[56],"tags":[60,37,61,1215,466,467,62,30,28,29],"class_list":{"0":"post-129878","1":"post","2":"type-post","3":"status-publish","4":"format-standard","5":"has-post-thumbnail","7":"category-naeringsliv","8":"tag-business","9":"tag-debatt","10":"tag-economy","11":"tag-it-bransjen","12":"tag-karriere","13":"tag-kunstig-intelligens","14":"tag-naeringsliv","15":"tag-no","16":"tag-norge","17":"tag-norway"},"share_on_mastodon":{"url":"https:\/\/pubeurope.com\/@no\/115846683173985777","error":""},"_links":{"self":[{"href":"https:\/\/www.europesays.com\/no\/wp-json\/wp\/v2\/posts\/129878","targetHints":{"allow":["GET"]}}],"collection":[{"href":"https:\/\/www.europesays.com\/no\/wp-json\/wp\/v2\/posts"}],"about":[{"href":"https:\/\/www.europesays.com\/no\/wp-json\/wp\/v2\/types\/post"}],"author":[{"embeddable":true,"href":"https:\/\/www.europesays.com\/no\/wp-json\/wp\/v2\/users\/2"}],"replies":[{"embeddable":true,"href":"https:\/\/www.europesays.com\/no\/wp-json\/wp\/v2\/comments?post=129878"}],"version-history":[{"count":0,"href":"https:\/\/www.europesays.com\/no\/wp-json\/wp\/v2\/posts\/129878\/revisions"}],"wp:featuredmedia":[{"embeddable":true,"href":"https:\/\/www.europesays.com\/no\/wp-json\/wp\/v2\/media\/129879"}],"wp:attachment":[{"href":"https:\/\/www.europesays.com\/no\/wp-json\/wp\/v2\/media?parent=129878"}],"wp:term":[{"taxonomy":"category","embeddable":true,"href":"https:\/\/www.europesays.com\/no\/wp-json\/wp\/v2\/categories?post=129878"},{"taxonomy":"post_tag","embeddable":true,"href":"https:\/\/www.europesays.com\/no\/wp-json\/wp\/v2\/tags?post=129878"}],"curies":[{"name":"wp","href":"https:\/\/api.w.org\/{rel}","templated":true}]}}