{"id":129890,"date":"2026-01-06T06:28:07","date_gmt":"2026-01-06T06:28:07","guid":{"rendered":"https:\/\/www.europesays.com\/no\/129890\/"},"modified":"2026-01-06T06:28:07","modified_gmt":"2026-01-06T06:28:07","slug":"nyheter-brann-boligbrann-i-fana-ubeboelig","status":"publish","type":"post","link":"https:\/\/www.europesays.com\/no\/129890\/","title":{"rendered":"Nyheter, Brann | Boligbrann i Fana: \u2013 Ubeboelig"},"content":{"rendered":"\n<p>N\u00f8detatene rykket tidlig tirsdag morgen ut til Midtunheia i Fana, etter melding om brann i en leilighet.<\/p>\n<p>\u2013 Brannvesenet har v\u00e6rt inne med r\u00f8ykdykkere. Alle personene har kommet seg ut, meldte vaktleder Trond Landaas ved 110-sentralen.<\/p>\n<p>\u2013 De som oppholdt seg i huset f\u00e5r helsetilsyn, opplyste operasjonsleder Knut Dahl-Michelsen i Vest politidistrikt.<\/p>\n<p>Brannvesenet meldte brannen for slukket klokken 0545. Det ble samtidig igangsatt utlufting.<\/p>\n<p>If\u00f8lge politiet var det ikke fare for spredning eller n\u00f8dvendig med evakuering av nabohus.<\/p>\n<p>Like f\u00f8r klokken 0600 stadfestet Dahl-Michelsen at det var kontroll p\u00e5 stedet.<\/p>\n<p><b>\u2013 De tre som oppholdt seg i huset er tilsett av helsepersonell og vurdert som uskadd. Det kan fremst\u00e5 som om brannen kan ha startet i et varmeteppe, meldte operasjonslederen.<\/b><\/p>\n<p>Klokken 0605 opplyste vaktleder Landaas at mannskaper fra Fana stasjon sto igjen p\u00e5 adressen, mens \u00f8vrige ressurser fra brannvesenet hadde returnert.<\/p>\n<p>\u2013 M\u00e5 gj\u00f8res et stykke arbeid<\/p>\n<p>Landaas opplyste til BA klokken 0640 at brannvesenet har avsluttet p\u00e5 stedet. Leiligheten anses som ubeboelig.<\/p>\n<p>\u2013 Brannen ble lokalisert til et soverom. P\u00e5 grunn av r\u00f8yk og sot er ikke leiligheten beboelig per n\u00e5, og det m\u00e5 nok gj\u00f8res et stykke arbeid f\u00f8r beboere kan flytte inn igjen, sier vaktlederen.<\/p>\n<p>\u2013 Huseier har overtatt leiligheten og h\u00e5ndterer saken videre med forsikring og den biten.<\/p>\n<p>Totalskadet<\/p>\n<p>Brannvesenets innsatsleder p\u00e5 stedet, Kjetil Bahus, bekrefter politiets teori knyttet til brann\u00e5rsak.<\/p>\n<p>\u2013 Vi har en sterk indikasjon p\u00e5 at det er et varmeteppe som har begynt \u00e5 brenne, vi har ogs\u00e5 funnet restene av dette, sier Bahus til BA.<\/p>\n<p>\u2013 Er dette en vanlig brann\u00e5rsak? <\/p>\n<p>\u2013 N\u00e5 har jeg ikke statistikk p\u00e5 dette, men jeg har v\u00e6rt p\u00e5 branner f\u00f8r der det har startet i varmetepper.<\/p>\n<p>Bahus informerer om at det aktuelle rommet der brannen startet er totalskadet, og at det er r\u00f8ykskader i resten av leiligheten.<\/p>\n<p><b>\u2013 Det er ikke noe s\u00e6rlig \u00e5 bo i n\u00e5. <\/b><\/p>\n<p>Bahus forklarer at det er r\u00f8yken som har gjort mest skade. Beboerne kom seg ut relativt uskadet.<\/p>\n<p>Det var ogs\u00e5 to katter i boligen. Den ene er lokalisert, og den andre har nok kommet seg ut selv, if\u00f8lge Bahus.<\/p>\n<p><b>\u2013 Huseier ble varslet p\u00e5 grunn av r\u00f8ykvarsleren, dette har nok reddet liv og helse, sier han. <\/b><\/p>\n<p>Bahus forklarer at huseier vurderte \u00e5 begynne \u00e5 slukke selv, noe det if\u00f8lge innsatslederen var bra at han ikke gjorde p\u00e5 grunn av r\u00f8ykmengden.<\/p>\n<p>\u2013 Han fikk til \u00e5 lukke d\u00f8ren til rommet, noe som nok har v\u00e6rt med p\u00e5 \u00e5 redusere brannen. Det er viktig \u00e5 sette egen helse f\u00f8rst.<\/p>\n","protected":false},"excerpt":{"rendered":"N\u00f8detatene rykket tidlig tirsdag morgen ut til Midtunheia i Fana, etter melding om brann i en leilighet. \u2013&hellip;\n","protected":false},"author":2,"featured_media":129891,"comment_status":"","ping_status":"","sticky":false,"template":"","format":"standard","meta":{"footnotes":""},"categories":[10],"tags":[36,367,20,21,24,25,15,22,23,15104,13,30,28,29,14,16,1510,26,27],"class_list":{"0":"post-129890","1":"post","2":"type-post","3":"status-publish","4":"format-standard","5":"has-post-thumbnail","7":"category-norge","8":"tag-art","9":"tag-brann","10":"tag-breaking-news","11":"tag-breakingnews","12":"tag-featured-news","13":"tag-featurednews","14":"tag-headlines","15":"tag-latest-news","16":"tag-latestnews","17":"tag-midtun","18":"tag-news","19":"tag-no","20":"tag-norge","21":"tag-norway","22":"tag-nyheter","23":"tag-overskrifter","24":"tag-story","25":"tag-top-stories","26":"tag-topstories"},"share_on_mastodon":{"url":"https:\/\/pubeurope.com\/@no\/115846742226495190","error":""},"_links":{"self":[{"href":"https:\/\/www.europesays.com\/no\/wp-json\/wp\/v2\/posts\/129890","targetHints":{"allow":["GET"]}}],"collection":[{"href":"https:\/\/www.europesays.com\/no\/wp-json\/wp\/v2\/posts"}],"about":[{"href":"https:\/\/www.europesays.com\/no\/wp-json\/wp\/v2\/types\/post"}],"author":[{"embeddable":true,"href":"https:\/\/www.europesays.com\/no\/wp-json\/wp\/v2\/users\/2"}],"replies":[{"embeddable":true,"href":"https:\/\/www.europesays.com\/no\/wp-json\/wp\/v2\/comments?post=129890"}],"version-history":[{"count":0,"href":"https:\/\/www.europesays.com\/no\/wp-json\/wp\/v2\/posts\/129890\/revisions"}],"wp:featuredmedia":[{"embeddable":true,"href":"https:\/\/www.europesays.com\/no\/wp-json\/wp\/v2\/media\/129891"}],"wp:attachment":[{"href":"https:\/\/www.europesays.com\/no\/wp-json\/wp\/v2\/media?parent=129890"}],"wp:term":[{"taxonomy":"category","embeddable":true,"href":"https:\/\/www.europesays.com\/no\/wp-json\/wp\/v2\/categories?post=129890"},{"taxonomy":"post_tag","embeddable":true,"href":"https:\/\/www.europesays.com\/no\/wp-json\/wp\/v2\/tags?post=129890"}],"curies":[{"name":"wp","href":"https:\/\/api.w.org\/{rel}","templated":true}]}}