{"id":129900,"date":"2026-01-06T06:52:13","date_gmt":"2026-01-06T06:52:13","guid":{"rendered":"https:\/\/www.europesays.com\/no\/129900\/"},"modified":"2026-01-06T06:52:13","modified_gmt":"2026-01-06T06:52:13","slug":"katastrofe-2","status":"publish","type":"post","link":"https:\/\/www.europesays.com\/no\/129900\/","title":{"rendered":"&#8211; Katastrofe"},"content":{"rendered":"<p>  Den gamle rivalen Petter Northug (40) hyllet grepet f\u00f8r sesongen. Men siden har Calle Halfvarsson (36) m\u00f8tt nedtur p\u00e5 nedtur.<\/p>\n<p>\n    STANG UT &#8230; for \u00e5 si det pent. Calle Halfvarsson blir etter alt \u00e5 d\u00f8mme ikke \u00e5 se i vinter-OL i Italia. Foto: Ole Martin Wold \/ NTB\n  <\/p>\n<p>VAL DI FIEMME (Dagbladet): Da ski var erstattet med rulleski tilbake p\u00e5 Blinkfestivalen i august, var han i godt hum\u00f8r.<\/p>\n<p>Halfvarsson og Northug, de gamle kamphanene i langrennsporet, sp\u00f8kte med hverandre og latteren satt l\u00f8st i en <a href=\"https:\/\/www.dagbladet.no\/sport\/ol-melding-fy-faen\/83435903\" rel=\"nofollow noopener\" target=\"_blank\">prat med Dagbladet<\/a> etter rennet i Sandnes.<\/p>\n<p>        <img loading=\"lazy\" decoding=\"async\" src=\"https:\/\/www.europesays.com\/no\/wp-content\/uploads\/2026\/01\/83435914.webp.webp\" width=\"980\" height=\"559\" title=\"GAMLE RIVALER: Petter Northug og Calle Halfvarsson har konkurrert flere ganger mot hverandre denne sesongen. Blant annet under Blinkfestivalen i Sandnes i august. Foto: Fredrik Schjesvold \/ Dagbladet\" alt=\"\" class=\"\" style=\"--aspect-ratio-image: 1.75; \"\/><\/p>\n<p>\n        GAMLE RIVALER: Petter Northug og Calle Halfvarsson har konkurrert flere ganger mot hverandre denne sesongen. Blant annet under Blinkfestivalen i Sandnes i august. Foto: Fredrik Schjesvold \/ Dagbladet\n    <\/p>\n<p>Ogs\u00e5 i helga konkurrerte de mot hverandre i Finland i Skandinavisk cup &#8211; niv\u00e5et under verdenscupen der Johannes H\u00f8sflot Kl\u00e6bo &amp; co. g\u00e5r.<\/p>\n<p>Selv om det trolig var hyggelig \u00e5 se Northug igjen for Halfvarssons del, er det alt annet enn finske Hakunila han har lyst \u00e5 konkurrere fem uker f\u00f8r OL, samtidig som eliten var i Tour de Ski.<\/p>\n<p>Dette var trolig hans siste sjanse for en OL-billett etter en tr\u00f8blete sesong, men f\u00f8lgende resultater p\u00e5 b-niv\u00e5 skremmer ingen andre svenske OL-utfordrere:\u00a0<\/p>\n<p>26.-plass, 38.-plass og en ytterligere 38.-plass.<\/p>\n<p>OL starter 6. februar og arrangeres i Nord-Italia.<\/p>\n<p>    Halfvarsson sesongen 2025\/26:<\/p>\n<p>(21.nov) G\u00e4lliv\u00e4re, sprint klassisk, svensk \u00e5pning: 17.-plass<\/p>\n<p>(22. nov) G\u00e4lliv\u00e4re, 10 km klassisk, svensk \u00e5pning: 14.-plass<\/p>\n<p>(23. nov) G\u00e4lliv\u00e4re, 10 km fri, svensk \u00e5pning: 24. plass<\/p>\n<p>(13. des) \u00d6stersund, 20 km klassisk, Skandinavisk cup: DNS (did not start)<\/p>\n<p>(2. jan) Hakunila, sprint klassisk, Skandinavisk cup: 26.-plass<\/p>\n<p>(3. jan) Hakunila, 20 km klassisk, Skandinavisk cup: 28.-plass<\/p>\n<p>(4. jan) Hakunila, 10 km fri, Skandinavisk cup: 38.-plass<\/p>\n<p>      Vis mer<br \/>\n      Vis mindre<\/p>\n<p>Expressen-kommentator: &#8211; Det er trist\t<\/p>\n<p>&#8211; Planen var at dette skulle v\u00e6re hans siste OL. N\u00e5 blir det ikke OL. Det er trist, vi savner ham! sier Expressen-kommentator Tomas Pettersson til Dagbladet p\u00e5 toppen av Monsterbakken, etter siste etappe av Tour de Ski s\u00f8ndag.\u00a0<\/p>\n<p>Den svenske veteranen er ingen hvem-som-helst. Halfvarsson har tre VM-medaljer \u00e5 vise til, og han har en bitter fjerdeplass fra OL i 2018.<\/p>\n<p>        <img loading=\"lazy\" decoding=\"async\" src=\"https:\/\/www.europesays.com\/no\/wp-content\/uploads\/2026\/01\/84058881.webp.webp\" width=\"980\" height=\"559\" title=\"KOMMENTATOR: Expressens Tomas Pettersson. Foto: Mathias Bergeld \/ BILDBYR\u00c5N\" alt=\"\" class=\"\" style=\"--aspect-ratio-image: 1.75; \"\/><\/p>\n<p>\n        KOMMENTATOR: Expressens Tomas Pettersson. Foto: Mathias Bergeld \/ BILDBYR\u00c5N\n    <\/p>\n<p>Holdt barna hjemme fra barnehagen\t<\/p>\n<p>F\u00f8r denne sesongen valgte 36-\u00e5ringen helt selv \u00e5 st\u00e5 utenfor landslaget &#8211; noe som ofte gj\u00f8r det vanskeligere \u00e5 bli tatt ut til verdenscuprenn.\u00a0<\/p>\n<p>Northug &#8211; som selv har st\u00e5tt utenfor det norske landslaget &#8211; hyllet valget.\u00a0<\/p>\n<p>    <a itemprop=\"url\" href=\"https:\/\/www.dagbladet.no\/sport\/bryter-med-landslaget\/82980607\" rel=\"nofollow noopener\" target=\"_blank\"><\/p>\n<p>        <img loading=\"lazy\" decoding=\"async\" src=\"https:\/\/www.europesays.com\/no\/wp-content\/uploads\/2026\/01\/82980621.webp.webp\" width=\"980\" height=\"441\" title=\"Bryter med landslaget\" alt=\"\" class=\"lazyload\" style=\"--aspect-ratio-image: 2.22; \"\/><\/p>\n<p>        Bryter med landslaget<\/p>\n<p>    <\/a><\/p>\n<p>Men det har ikke g\u00e5tt som planlagt. Halfvarsson\u00a0har v\u00e6rt plaget med sykdom f\u00f8r sesongen.<\/p>\n<p class=\"italic m-italic\" data-lab-italic=\"italic\">Gullkorn fra arkivet:<\/p>\n<p><a href=\"https:\/\/www.svt.se\/sport\/langdskidor\/calle-halfvarsson-visar-upp-familjebeslutet-haller-barnen-hemma\" rel=\"nofollow noopener\" target=\"_blank\">SVT<\/a> meldte blant annet i november at stjerna holdt ungene hjemme fra barnehagen en periode &#8211; alt for \u00e5 unng\u00e5 enda mer sykdom enn det han har v\u00e6rt gjennom.<\/p>\n<p>&#8211; V\u00e6rt en katastrofe\t<\/p>\n<p>Det blir ikke OL &#8211; til tross for en tropp som har plass til \u00e5tte svenske herrer. Det sl\u00e5r ekspert Pettersson s\u00e5 godt som fast.<\/p>\n<p>&#8211; Det trengs et mirakel om Calle skal til OL.<\/p>\n<p class=\"italic m-italic\" data-lab-italic=\"italic\">&#8211; Hva er sjansen hans til OL?<\/p>\n<p>&#8211; 0,001 prosent sjanse.<\/p>\n<p>&#8211; Han har hatt veldig store problemer med sykdom gjennom hele h\u00f8sten. Og siden sesongen startet, har det v\u00e6rt en katastrofe. S\u00e5 det har v\u00e6rt trist \u00e5 f\u00f8lge ham.<\/p>\n<p>    <a itemprop=\"url\" href=\"https:\/\/www.dagbladet.no\/sport\/bryter-med-egne-regler\/84051453\" rel=\"nofollow noopener\" target=\"_blank\"><\/p>\n<p>        <img loading=\"lazy\" decoding=\"async\" src=\"https:\/\/www.europesays.com\/no\/wp-content\/uploads\/2026\/01\/84051513.webp.webp\" width=\"980\" height=\"441\" title=\"- Bryter med egne regler\" alt=\"\" class=\"lazyload\" style=\"--aspect-ratio-image: 2.22; \"\/><\/p>\n<p>        &#8211; Bryter med egne regler<\/p>\n<p>    <\/a><\/p>\n<p>Elsk\/hat-forhold\t<\/p>\n<p class=\"italic m-italic\" data-lab-italic=\"italic\">&#8211; Det virker som det er mange i Sverige som heier p\u00e5 Calle?<\/p>\n<p>&#8211; Ja &#8230; Han er vel en \u00abvattendelare\u00bb. Sier dere det i Norge?<\/p>\n<p>Pettersen ser f\u00f8rst mot Dagbladet, som har spr\u00e5kvansker i dette tilfelle. S\u00e5 fester han blikket i en norsk journalist like ved. Han rister ogs\u00e5 p\u00e5 hodet.\u00a0<\/p>\n<p>Men det betyr enkelt oversatt at han er splittet hos folket.<\/p>\n<p class=\"font-weight-bold m-font-weight-bold\" data-lab-font_weight=\"font-weight-bold\">&#8211; Noen elsker ham, andre hater ham. Han splitter folket. Du har en gruppe som mener Calle burde lagt opp for fem \u00e5r siden, mens du har en gruppe som elsker ham for den han er.<\/p>\n<p>    Sveriges OL-tropp per n\u00e5<\/p>\n<p>William Poromaa<\/p>\n<p>Edvin Anger<\/p>\n<p>Alvar Myhlback<\/p>\n<p>Anton Grahn<\/p>\n<p>      Vis mer<br \/>\n      Vis mindre<\/p>\n<p>Det er lenge siden forrige mesterskapsmedalje. Halfvarssons tre VM-medaljer (2013, 2015 og 2017) er alle fra stafett &#8211; to av dem plassen bak gullvinner Norge og ankermann Petter Northug.<\/p>\n<p>&#8211; En veldig gammel Calle\t<\/p>\n<p>Expressen-kommentator Pettersson var p\u00e5 plass i svenske G\u00e4lliv\u00e4re til svenskenes sesong\u00e5pning i november, da den f\u00f8rste nedturen av mange var et faktum for Halfvarsson.<\/p>\n<p>        <img loading=\"lazy\" decoding=\"async\" src=\"https:\/\/www.europesays.com\/no\/wp-content\/uploads\/2026\/01\/84058887.webp.webp\" width=\"980\" height=\"559\" title=\"NEDTUR: Calle Halfvarsson, avbildet fra den svenske sesong\u00e5pningen i november p\u00e5 rennet han ble nummer 38. Foto: Maxim Thore \/ BILDBYR\u00c5N\" alt=\"\" class=\"\" style=\"--aspect-ratio-image: 1.75; \"\/><\/p>\n<p>\n        NEDTUR: Calle Halfvarsson, avbildet fra den svenske sesong\u00e5pningen i november p\u00e5 rennet han ble nummer 38. Foto: Maxim Thore \/ BILDBYR\u00c5N\n    <\/p>\n<p>&#8211; Han hadde v\u00e6rt syk, men han var positiv. Men da han begynte \u00e5 konkurrere, s\u00e5 det ut som en veldig gammel Calle. Nei, det har v\u00e6rt s\u00f8rgelig \u00e5 f\u00f8lge med.<\/p>\n<p>En som har v\u00e6rt OL-klar lenge er landsmann William Poromaa:<\/p>\n<p class=\"font-weight-bold m-font-weight-bold\" data-lab-font_weight=\"font-weight-bold\">&#8211; Jeg har ikke pratet med ham p\u00e5 noen uker n\u00e5, men det er klart det er tungt. Det er kjedelig. Han har v\u00e6rt syk, og kroppen svarer ikke.<\/p>\n<p>        <img loading=\"lazy\" decoding=\"async\" src=\"https:\/\/www.europesays.com\/no\/wp-content\/uploads\/2026\/01\/83005438.webp.webp\" width=\"686\" height=\"460\" title=\"S\u00d8LV: William Poromaa tok s\u00f8lv p\u00e5 femmila i VM i Trondheim i mars. Han har ikke f\u00e5tt vist den formen enn\u00e5 denne sesongen. Foto: Maxim Thor\u00e9 \/ BILDBYR\u00c5N\" alt=\"\" class=\"\" style=\"--aspect-ratio-image: 1.49; \"\/><\/p>\n<p>\n        S\u00d8LV: William Poromaa tok s\u00f8lv p\u00e5 femmila i VM i Trondheim i mars. Han har ikke f\u00e5tt vist den formen enn\u00e5 denne sesongen. Foto: Maxim Thor\u00e9 \/ BILDBYR\u00c5N\n    <\/p>\n<p class=\"font-weight-normal m-font-weight-normal\" data-lab-font_weight=\"font-weight-normal\">&#8211; Det er aldri bra. Man f\u00e5r ikke flyt i treningen, og da blir det t\u00f8ft, sier han om \u00e5 bli rammet av sykdom rett f\u00f8r en sesong.<\/p>\n<p class=\"italic m-italic\" data-lab-italic=\"italic\">&#8211; Kunne du pr\u00f8vd \u00e5 gj\u00f8re det samme som Calle? St\u00e5tt utenfor landslaget?<\/p>\n<p>&#8211; Jeg har egentlig ikke tenkt tanken. Jeg trives bra p\u00e5 landslaget og syns det funker bra for meg, sier Poromaa.<\/p>\n<p>Det er ikke noe langrenn kommende helg, men langrenns-Norge samles til NM p\u00e5 ski p\u00e5 Steinkjer fra onsdag neste uke. Etter det vil Norges OL-tropp v\u00e6re komplett.<\/p>\n","protected":false},"excerpt":{"rendered":"Den gamle rivalen Petter Northug (40) hyllet grepet f\u00f8r sesongen. Men siden har Calle Halfvarsson (36) m\u00f8tt nedtur&hellip;\n","protected":false},"author":2,"featured_media":129901,"comment_status":"","ping_status":"","sticky":false,"template":"","format":"standard","meta":{"footnotes":""},"categories":[59],"tags":[15107,398,30,28,29,83,82,12662],"class_list":{"0":"post-129900","1":"post","2":"type-post","3":"status-publish","4":"format-standard","5":"has-post-thumbnail","7":"category-sport","8":"tag-calle-halfvarsson","9":"tag-langrenn","10":"tag-no","11":"tag-norge","12":"tag-norway","13":"tag-sport","14":"tag-sports","15":"tag-tour-de-ski"},"share_on_mastodon":{"url":"https:\/\/pubeurope.com\/@no\/115846836640098855","error":""},"_links":{"self":[{"href":"https:\/\/www.europesays.com\/no\/wp-json\/wp\/v2\/posts\/129900","targetHints":{"allow":["GET"]}}],"collection":[{"href":"https:\/\/www.europesays.com\/no\/wp-json\/wp\/v2\/posts"}],"about":[{"href":"https:\/\/www.europesays.com\/no\/wp-json\/wp\/v2\/types\/post"}],"author":[{"embeddable":true,"href":"https:\/\/www.europesays.com\/no\/wp-json\/wp\/v2\/users\/2"}],"replies":[{"embeddable":true,"href":"https:\/\/www.europesays.com\/no\/wp-json\/wp\/v2\/comments?post=129900"}],"version-history":[{"count":0,"href":"https:\/\/www.europesays.com\/no\/wp-json\/wp\/v2\/posts\/129900\/revisions"}],"wp:featuredmedia":[{"embeddable":true,"href":"https:\/\/www.europesays.com\/no\/wp-json\/wp\/v2\/media\/129901"}],"wp:attachment":[{"href":"https:\/\/www.europesays.com\/no\/wp-json\/wp\/v2\/media?parent=129900"}],"wp:term":[{"taxonomy":"category","embeddable":true,"href":"https:\/\/www.europesays.com\/no\/wp-json\/wp\/v2\/categories?post=129900"},{"taxonomy":"post_tag","embeddable":true,"href":"https:\/\/www.europesays.com\/no\/wp-json\/wp\/v2\/tags?post=129900"}],"curies":[{"name":"wp","href":"https:\/\/api.w.org\/{rel}","templated":true}]}}