{"id":129916,"date":"2026-01-06T07:27:06","date_gmt":"2026-01-06T07:27:06","guid":{"rendered":"https:\/\/www.europesays.com\/no\/129916\/"},"modified":"2026-01-06T07:27:06","modified_gmt":"2026-01-06T07:27:06","slug":"ingen-vil-militaert-kjempe-mot-usa-om-gronland","status":"publish","type":"post","link":"https:\/\/www.europesays.com\/no\/129916\/","title":{"rendered":"Ingen vil milit\u00e6rt kjempe mot USA om Gr\u00f8nland"},"content":{"rendered":"\n<p class=\"_lead_o9xde_2 _lead_xtcu6_50 layout-component text-serif-m layout-normal text-serif-l layout-component layout-wide layout-padded _wide_17hqh_1 layout-padded\">Det er ikke noe nytt at USA skal ha Gr\u00f8nland, sier han.<\/p>\n<p><img alt=\"Visestabssjef og sjefsstrateg Stephen Miller sier ingen vil kjempe mot USA om Gr\u00f8nlands fremtid. Her avbildet under en pressekonferanse i Florida i helgen. Foto: JIM WATSON \/ AFP \/ NTB\" class=\"_image_qp4xg_65 layout-component layout-wide\" data-fullscreen- data-track-element-type=\"Article image fullscreen\" data-track-name=\"ImageFullscreen\" fetchpriority=\"high\" decoding=\"sync\" loading=\"eager\" height=\"5312\" itemprop=\"image\"  src=\"https:\/\/www.europesays.com\/no\/wp-content\/uploads\/2026\/01\/5567dd0f-348d-4787-ab8c-6b279a498a15.jpeg\"  style=\"object-position:0% 0%\" width=\"7648\"\/>Visestabssjef og sjefsstrateg Stephen Miller sier ingen vil kjempe mot USA om Gr\u00f8nlands fremtid. Her avbildet under en pressekonferanse i Florida i helgen. Foto: JIM WATSON \/ AFP \/ NTB Oppdatert tirsdag 6. januar kl. 08:20     <\/p>\n<p class=\"_paragraph_o9xde_4 _paragraph_xtcu6_10 layout-component text-serif-m layout-normal text-serif-m layout-padded\">Det hvite hus\u2019 visestabssjef, Stephen Miller, snakker om <a href=\"https:\/\/www.vg.no\/tag\/groenland?utm_source=vg-article&amp;utm_medium=auto-tagger&amp;utm_campaign=oEpqRW\" class=\"_link_o9xde_39\" rel=\"nofollow noopener\" target=\"_blank\">Gr\u00f8nland<\/a> i et intervju med CNN natt til mandag norsk tid. <\/p>\n<p class=\"_paragraph_o9xde_4 _paragraph_xtcu6_10 layout-component text-serif-m layout-normal text-serif-m layout-padded\">Reporteren sp\u00f8r flere ganger om han vil utelukke \u00e5 bruke milit\u00e6r makt p\u00e5 Gr\u00f8nland. Miller svarer:<\/p>\n<p class=\"_paragraph_o9xde_4 _paragraph_xtcu6_10 layout-component text-serif-m layout-normal text-serif-m layout-padded\">\u2013 Hva mener du med milit\u00e6r makt? Gr\u00f8nland har en befolkning p\u00e5 30.000 mennesker. Det virkelige sp\u00f8rsm\u00e5let er: Med hvilken rett Danmark kontrollerer Gr\u00f8nland?<\/p>\n<p class=\"_paragraph_o9xde_4 _paragraph_xtcu6_10 layout-component text-serif-m layout-normal text-serif-m layout-padded\">Han gjentar president Donald Trumps utspill om at Gr\u00f8nland b\u00f8r v\u00e6re en del av USA. Landet har for \u00f8vrig 57.000 innbyggere \u2013 ikke 30.000, slik Miller p\u00e5st\u00e5r.<\/p>\n<p class=\"_paragraph_o9xde_4 _paragraph_xtcu6_10 layout-component text-serif-m layout-normal text-serif-m layout-padded\">\u2013 Det er ikke engang n\u00f8dvendig \u00e5 tenke eller snakke om dette i den sammenhengen du sp\u00f8r om, en milit\u00e6r operasjon, sier Miller, og fortsetter:<\/p>\n<p class=\"_paragraph_o9xde_4 _paragraph_xtcu6_10 layout-component text-serif-m layout-normal text-serif-m layout-padded\"><strong class=\"_strong_o9xde_25\">\u2013 Ingen kommer til \u00e5 kjempe milit\u00e6rt mot USA om Gr\u00f8nlands fremtid.<\/strong><\/p>\n","protected":false},"excerpt":{"rendered":"Det er ikke noe nytt at USA skal ha Gr\u00f8nland, sier han. Visestabssjef og sjefsstrateg Stephen Miller sier&hellip;\n","protected":false},"author":2,"featured_media":129917,"comment_status":"","ping_status":"","sticky":false,"template":"","format":"standard","meta":{"footnotes":""},"categories":[5],"tags":[20,21,1524,55,24,25,2112,15,19,22,23,17,18,13,30,28,29,14,16,26,27,50],"class_list":{"0":"post-129916","1":"post","2":"type-post","3":"status-publish","4":"format-standard","5":"has-post-thumbnail","7":"category-overskrifter","8":"tag-breaking-news","9":"tag-breakingnews","10":"tag-danmark","11":"tag-donald-trump","12":"tag-featured-news","13":"tag-featurednews","14":"tag-gronland","15":"tag-headlines","16":"tag-hovedoppslag","17":"tag-latest-news","18":"tag-latestnews","19":"tag-main-news","20":"tag-mainnews","21":"tag-news","22":"tag-no","23":"tag-norge","24":"tag-norway","25":"tag-nyheter","26":"tag-overskrifter","27":"tag-top-stories","28":"tag-topstories","29":"tag-usa"},"share_on_mastodon":{"url":"https:\/\/pubeurope.com\/@no\/115846974173360069","error":""},"_links":{"self":[{"href":"https:\/\/www.europesays.com\/no\/wp-json\/wp\/v2\/posts\/129916","targetHints":{"allow":["GET"]}}],"collection":[{"href":"https:\/\/www.europesays.com\/no\/wp-json\/wp\/v2\/posts"}],"about":[{"href":"https:\/\/www.europesays.com\/no\/wp-json\/wp\/v2\/types\/post"}],"author":[{"embeddable":true,"href":"https:\/\/www.europesays.com\/no\/wp-json\/wp\/v2\/users\/2"}],"replies":[{"embeddable":true,"href":"https:\/\/www.europesays.com\/no\/wp-json\/wp\/v2\/comments?post=129916"}],"version-history":[{"count":0,"href":"https:\/\/www.europesays.com\/no\/wp-json\/wp\/v2\/posts\/129916\/revisions"}],"wp:featuredmedia":[{"embeddable":true,"href":"https:\/\/www.europesays.com\/no\/wp-json\/wp\/v2\/media\/129917"}],"wp:attachment":[{"href":"https:\/\/www.europesays.com\/no\/wp-json\/wp\/v2\/media?parent=129916"}],"wp:term":[{"taxonomy":"category","embeddable":true,"href":"https:\/\/www.europesays.com\/no\/wp-json\/wp\/v2\/categories?post=129916"},{"taxonomy":"post_tag","embeddable":true,"href":"https:\/\/www.europesays.com\/no\/wp-json\/wp\/v2\/tags?post=129916"}],"curies":[{"name":"wp","href":"https:\/\/api.w.org\/{rel}","templated":true}]}}