{"id":129918,"date":"2026-01-06T07:29:09","date_gmt":"2026-01-06T07:29:09","guid":{"rendered":"https:\/\/www.europesays.com\/no\/129918\/"},"modified":"2026-01-06T07:29:09","modified_gmt":"2026-01-06T07:29:09","slug":"emily-in-paris-far-sjette-sesong-pa-netflix","status":"publish","type":"post","link":"https:\/\/www.europesays.com\/no\/129918\/","title":{"rendered":"\u00abEmily in Paris\u00bb f\u00e5r sjette sesong p\u00e5 Netflix"},"content":{"rendered":"\n<p class=\"_lead_o9xde_2 _lead_xtcu6_50 layout-component text-serif-m layout-normal text-serif-l layout-component layout-wide layout-padded _wide_17hqh_1 layout-padded\">Det blir en sjette sesong av den popul\u00e6re Netflix-serien.<\/p>\n<p><img alt=\"Lily Collins, datteren til artist Phil Collins, bedre kjent som \u00abEmily in Paris\u00bb fra premieren av sesong fem f\u00f8r jul. N\u00e5 kan fans glede seg til mer intriger og fashion fra Paris. Foto: Aurelien Morissard \/ AP \/ NTB\" class=\"_image_qp4xg_65 layout-component layout-wide\" data-fullscreen- data-track-element-type=\"Article image fullscreen\" data-track-name=\"ImageFullscreen\" fetchpriority=\"high\" decoding=\"sync\" loading=\"eager\" height=\"2937\" itemprop=\"image\"  src=\"https:\/\/www.europesays.com\/no\/wp-content\/uploads\/2026\/01\/92c9942e-d19f-492f-9dc6-2920acbf5177.jpeg\"  style=\"object-position:0% 0%\" width=\"1958\"\/>Lily Collins, datteren til artist Phil Collins, bedre kjent som \u00abEmily in Paris\u00bb fra premieren av sesong fem f\u00f8r jul. N\u00e5 kan fans glede seg til mer intriger og fashion fra Paris. Foto: Aurelien Morissard \/ AP \/ NTB<\/p>\n<ul aria-hidden=\"true\" class=\"_images_ntbth_112\">\n<li><a class=\"_link_ntbth_117\" href=\"https:\/\/www.vg.no\/forfatter\/hanne-kretuz-hansen\" style=\"z-index:1\" title=\"Hanne Kreutz-Hansen\" rel=\"nofollow noopener\" target=\"_blank\"><img alt=\"Bilde av Hanne Kreutz-Hansen\" class=\"_image_ntbth_93\" fetchpriority=\"low\" loading=\"lazy\" decoding=\"async\" itemprop=\"image\"  src=\"https:\/\/www.europesays.com\/no\/wp-content\/uploads\/2026\/01\/1767684548_168_91499188-43f5-43fa-b038-5716eac94ffb.jpeg\"  width=\"480\"\/><\/a><\/li>\n<\/ul>\n<p> Oppdatert tirsdag 6. januar kl. 08:27    <\/p>\n<ul class=\"_list_o9xde_3 _list_64s2r_85 _unordered_o9xde_106 text-sans-m\">\n<li class=\"_item_o9xde_30\">Netflix bekrefter en sjette sesong av \u00abEmily in Paris\u00bb med en video av Lily Collins som bl\u00e5ser ut et \u00ab6\u00bb-lys.<\/li>\n<li class=\"_item_o9xde_30\">Kun 11 dager etter premieren har den femte sesongen f\u00e5tt 26,8 millioner visninger og n\u00e5dd topp 10 i 91 land.<\/li>\n<li class=\"_item_o9xde_30\">Serieproduksjonen ble rammet av tragedie da regiassistent Diego Borella d\u00f8de av hjertestans under innspillingen i Venezia.<\/li>\n<\/ul>\n<p>Vis mer <\/p>\n<p class=\"_paragraph_o9xde_4 _paragraph_xtcu6_10 layout-component text-serif-m layout-normal text-serif-m layout-padded\">Det bekreftet <a href=\"https:\/\/www.vg.no\/tag\/netflix?utm_source=vg-article&amp;utm_medium=auto-tagger&amp;utm_campaign=5p0XPm\" class=\"_link_o9xde_39\" rel=\"nofollow noopener\" target=\"_blank\">Netflix<\/a> natt til mandag.<\/p>\n<p class=\"_paragraph_o9xde_4 _paragraph_xtcu6_10 layout-component text-serif-m layout-normal text-serif-m layout-padded\">Str\u00f8mmetjenesten delte nyheten sammen med en video av hovedrolleinnehaver Lily Collins (36) som bl\u00e5ser ut et \u00ab6\u00bb-lys p\u00e5 en croissant, melder <a href=\"https:\/\/people.com\/emily-in-paris-renewed-for-sixth-season-on-netflix-11879506\" class=\"_link_o9xde_39\" rel=\"nofollow noopener\" target=\"_blank\">People<\/a>.<\/p>\n<p class=\"_paragraph_o9xde_4 _paragraph_xtcu6_10 layout-component text-serif-m layout-normal text-serif-m layout-padded\">Annonseringen kommer bare uker etter at den femte sesongen hadde premiere i desember.<\/p>\n<p class=\"_paragraph_o9xde_4 _paragraph_xtcu6_10 layout-component text-serif-m layout-normal text-serif-m layout-padded\">Den femte sesongen har v\u00e6rt en stor suksess for Netflix. P\u00e5 bare 11 dager fikk serien 26,8 millioner visninger globalt. Den debuterte som nummer to p\u00e5 Netflixs globale toppliste for engelskspr\u00e5klige TV-serier og n\u00e5dde topp 10 i hele 91 land.<\/p>\n<p class=\"_paragraph_o9xde_4 _paragraph_xtcu6_10 layout-component text-serif-m layout-normal text-serif-m layout-padded\">I 24 av landene, inkludert Frankrike, var serien p\u00e5 f\u00f8rsteplass.<\/p>\n<p><img alt=\"Premieren av  \u00abEmily in Paris\u00bb sesong fem i Paris 18. desember 2025.  Foto: Aurelien Morissard \/ AP \/ NTB\" class=\"_image_qp4xg_65 layout-component layout-normal\" data-fullscreen- data-track-element-type=\"Article image fullscreen\" data-track-name=\"ImageFullscreen\" decoding=\"async\" loading=\"lazy\" height=\"5355\" itemprop=\"image\"  src=\"https:\/\/www.europesays.com\/no\/wp-content\/uploads\/2026\/01\/95df942c-04e0-413c-b223-1d0959f2830c.jpeg\"  style=\"object-position:0% 0%\" width=\"8033\"\/>Premieren av  \u00abEmily in Paris\u00bb sesong fem i Paris 18. desember 2025.  Foto: Aurelien Morissard \/ AP \/ NTB<\/p>\n<p class=\"_paragraph_o9xde_4 _paragraph_xtcu6_10 layout-component text-serif-m layout-normal text-serif-m layout-padded\">Sesong fem av \u00abEmily in Paris\u00bb hadde premiere 18. desember. Den f\u00f8lger Emily Coopers liv n\u00e5r alt plutselig faller p\u00e5 plass for henne i Italia, men s\u00e5 g\u00e5r en arbeidsid\u00e9 galt og skaper problemer b\u00e5de i kj\u00e6rlighetslivet og karrieren.<\/p>\n<p class=\"_paragraph_o9xde_4 _paragraph_xtcu6_10 layout-component text-serif-m layout-normal text-serif-m layout-padded\"><strong class=\"_strong_o9xde_25\">Spoilervarsel &#8211; ikke les videre om du ikke har sett sesong fem!<\/strong><\/p>\n<p class=\"_paragraph_o9xde_4 _paragraph_xtcu6_10 layout-component text-serif-m layout-normal text-serif-m layout-padded\">Sesongen endte med at Emily m\u00e5tte velge mellom \u00e5 bli i Roma med sin italienske kj\u00e6reste eller returnere til livet i Paris.<\/p>\n<p class=\"_paragraph_o9xde_4 _paragraph_xtcu6_10 layout-component text-serif-m layout-normal text-serif-m layout-padded\">Seriens hovedkarakter Collins har tidligere uttalt at hun \u00abelsket\u00bb valget karakteren hennes tok p\u00e5 slutten av sesongen.<\/p>\n<p>Tragisk<\/p>\n<p class=\"_paragraph_o9xde_4 _paragraph_xtcu6_10 layout-component text-serif-m layout-normal text-serif-m layout-padded\">Serieproduksjonen ble rammet av en tragedie i fjor sommer da en regiassistent d\u00f8de br\u00e5tt under innspillingen av den femte sesongen i <a href=\"https:\/\/www.vg.no\/rampelys\/i\/bmAg43\/doedsfall-paa-emily-in-paris-settet-i-venezia\" data-track-element-type=\"Link\" data-track-id=\"link:bmAg43\" class=\"_link_o9xde_39\" rel=\"nofollow noopener\" target=\"_blank\">Venezia<\/a>.<\/p>\n<p><img alt=\"Lily Collin under innspilling  i Venezia i august 2025.  Foto: Matteo Chinellato \/ ipa-agency.net \/ Pa Photos \/ NTB\" class=\"_image_qp4xg_65 layout-component layout-normal\" data-fullscreen- data-track-element-type=\"Article image fullscreen\" data-track-name=\"ImageFullscreen\" decoding=\"async\" loading=\"lazy\" height=\"2778\" itemprop=\"image\"  src=\"https:\/\/www.europesays.com\/no\/wp-content\/uploads\/2026\/01\/9109556e-6910-4e04-a47c-8ccb2e900d02.jpeg\"  style=\"object-position:0% 0%\" width=\"3911\"\/>Lily Collin under innspilling  i Venezia i august 2025.  Foto: Matteo Chinellato \/ ipa-agency.net \/ Pa Photos \/ NTB <\/p>\n<p class=\"_paragraph_o9xde_4 _paragraph_xtcu6_10 layout-component text-serif-m layout-normal text-serif-m layout-padded\">Diego Borella (47) fikk plutselig hjertestans mens han forberedte det siste opptaket for dagen p\u00e5 det historiske Hotel Danieli, melder\u00a0<a href=\"https:\/\/www.repubblica.it\/serietv\/netflix\/2025\/08\/22\/news\/diego_borella_morto_set_emily_in_paris_venezia-424802580\/\" class=\"_link_o9xde_39\" rel=\"nofollow noopener\" target=\"_blank\">avisen La Repubblica<\/a>.<\/p>\n<p class=\"_paragraph_o9xde_4 _paragraph_xtcu6_10 layout-component text-serif-m layout-normal text-serif-m layout-padded\">Den britiske skuepilleren Minnie Driver (55) var et nytt tilskudd i serien. Driver er ogs\u00e5 aktuell  med Netflix-serien  \u00abRun Away\u00bb som topper str\u00f8mmetjenestens serieliste denne uken.<\/p>\n<p><img alt=\"Vi f\u00e5r se mer til Minnie Driver (55) i neste sesong.  Foto: Scott A Garfitt \/ AP \/ NTB\" class=\"_image_qp4xg_65 layout-component layout-normal\" data-fullscreen- data-track-element-type=\"Article image fullscreen\" data-track-name=\"ImageFullscreen\" decoding=\"async\" loading=\"lazy\" height=\"2328\" itemprop=\"image\"  src=\"https:\/\/www.europesays.com\/no\/wp-content\/uploads\/2026\/01\/2518e6be-7a0a-4a8c-b8d7-897d6105f1f1.jpeg\"  style=\"object-position:0% 0%\" width=\"3492\"\/>Vi f\u00e5r se mer til Minnie Driver (55) i neste sesong.  Foto: Scott A Garfitt \/ AP \/ NTB<\/p>\n<p class=\"_paragraph_o9xde_4 _paragraph_xtcu6_10 layout-component text-serif-m layout-normal text-serif-m layout-padded\">I tillegg til Collins og Ashley Park (34), som spiller Mindy, inkluderer rollebesetningen blant andre Philippine Leroy-Beaulieu, Lucas Bravo, Samuel Arnold, Bruno Gouery, William Abadie og Lucien Laviscount.<\/p>\n<p class=\"_paragraph_o9xde_4 _paragraph_xtcu6_10 layout-component text-serif-m layout-normal text-serif-m layout-padded\">Seriens skaper Darren Star fortalte tidligere Entertainment Tonight i august 2024 at han \u00f8nsker at serien skal fortsette \u00abs\u00e5 lenge de har oss, og s\u00e5 lenge publikummet v\u00e5rt er med oss\u00bb.<\/p>\n<p class=\"_paragraph_o9xde_4 _paragraph_xtcu6_10 layout-component text-serif-m layout-normal text-serif-m layout-padded\">\u00abJeg tror verden bare fortsetter \u00e5 utvide seg og bli dypere for hver sesong\u00bb, la han til den gangen.<\/p>\n<p class=\"_paragraph_o9xde_4 _paragraph_xtcu6_10 layout-component text-serif-m layout-normal text-serif-m layout-padded\"><strong class=\"_strong_o9xde_25\">Se flere saker fra film- og serieverdenen:<\/strong><\/p>\n<p class=\"_paragraph_o9xde_4 _paragraph_xtcu6_10 layout-component text-serif-m layout-normal layout-padded\"><strong class=\"_strong_o9xde_25\">Les ogs\u00e5:<\/strong> <a href=\"https:\/\/www.vg.no\/i\/lwjQE9\" data-track-element-type=\"Link\" data-track-id=\"link:lwjQE9\" class=\"_link_o9xde_39\" rel=\"nofollow noopener\" target=\"_blank\">\u00abEmily in Paris\u00bb-stjerne forlater serien<\/a><\/p>\n","protected":false},"excerpt":{"rendered":"Det blir en sjette sesong av den popul\u00e6re Netflix-serien. Lily Collins, datteren til artist Phil Collins, bedre kjent&hellip;\n","protected":false},"author":2,"featured_media":129919,"comment_status":"","ping_status":"","sticky":false,"template":"","format":"standard","meta":{"footnotes":""},"categories":[58],"tags":[71,220,30,28,29,3140,375,72,46],"class_list":{"0":"post-129918","1":"post","2":"type-post","3":"status-publish","4":"format-standard","5":"has-post-thumbnail","7":"category-underholdning","8":"tag-entertainment","9":"tag-netflix","10":"tag-no","11":"tag-norge","12":"tag-norway","13":"tag-paris","14":"tag-serier","15":"tag-underholdning","16":"tag-vgai"},"share_on_mastodon":{"url":"https:\/\/pubeurope.com\/@no\/115846982126332884","error":""},"_links":{"self":[{"href":"https:\/\/www.europesays.com\/no\/wp-json\/wp\/v2\/posts\/129918","targetHints":{"allow":["GET"]}}],"collection":[{"href":"https:\/\/www.europesays.com\/no\/wp-json\/wp\/v2\/posts"}],"about":[{"href":"https:\/\/www.europesays.com\/no\/wp-json\/wp\/v2\/types\/post"}],"author":[{"embeddable":true,"href":"https:\/\/www.europesays.com\/no\/wp-json\/wp\/v2\/users\/2"}],"replies":[{"embeddable":true,"href":"https:\/\/www.europesays.com\/no\/wp-json\/wp\/v2\/comments?post=129918"}],"version-history":[{"count":0,"href":"https:\/\/www.europesays.com\/no\/wp-json\/wp\/v2\/posts\/129918\/revisions"}],"wp:featuredmedia":[{"embeddable":true,"href":"https:\/\/www.europesays.com\/no\/wp-json\/wp\/v2\/media\/129919"}],"wp:attachment":[{"href":"https:\/\/www.europesays.com\/no\/wp-json\/wp\/v2\/media?parent=129918"}],"wp:term":[{"taxonomy":"category","embeddable":true,"href":"https:\/\/www.europesays.com\/no\/wp-json\/wp\/v2\/categories?post=129918"},{"taxonomy":"post_tag","embeddable":true,"href":"https:\/\/www.europesays.com\/no\/wp-json\/wp\/v2\/tags?post=129918"}],"curies":[{"name":"wp","href":"https:\/\/api.w.org\/{rel}","templated":true}]}}