{"id":129922,"date":"2026-01-06T07:33:09","date_gmt":"2026-01-06T07:33:09","guid":{"rendered":"https:\/\/www.europesays.com\/no\/129922\/"},"modified":"2026-01-06T07:33:09","modified_gmt":"2026-01-06T07:33:09","slug":"slik-ser-det-ut-pa-veiene-na-fvn-no","status":"publish","type":"post","link":"https:\/\/www.europesays.com\/no\/129922\/","title":{"rendered":"(+) Slik ser det ut p\u00e5 veiene n\u00e5 &#8211; fvn.no"},"content":{"rendered":"<ol>\n<li><a href=\"https:\/\/news.google.com\/rss\/articles\/CBMieEFVX3lxTE4wdWM0LWtrb0VwTFZFWndGYnlISjJ4aF83c0pHcmtxUG5UdmtJaWUzRGVjYUNRQ08wS3lYN3BCcnBERkVuNUpoMUhqM0ZNT0FCZU5Fc2VqYkl4V1B3aGRDNktTSjNHRUI5cHJGQlZ0RzJnWk5MeWtKdA?oc=5\" target=\"_blank\" rel=\"nofollow noopener\">(+) Slik ser det ut p\u00e5 veiene n\u00e5<\/a>&nbsp;&nbsp;fvn.no<\/li>\n<li><a href=\"https:\/\/news.google.com\/rss\/articles\/CBMibkFVX3lxTFB4ZmswN1F1dnRucTF1R2htc1NBa25uTmdmQXJBdHdydFh3OXEtUmZMR1BidHg2alFkTncwLTNGWkRTWjRyTzRfV0w1SFFacndNRm9ibUJLSDRVRHlGSF9fdjFlNnppUS1jbkZJaDVB?oc=5\" target=\"_blank\" rel=\"nofollow noopener\">To biler har frontkollidert: \u2013 Veldig glatt<\/a>&nbsp;&nbsp;T\u00f8nsbergs Blad<\/li>\n<li><a href=\"https:\/\/news.google.com\/rss\/articles\/CBMif0FVX3lxTE03STFWeGNYTTUzOFRPeTAtQ1BudmtORkZLekZMcFdnZk9NU1Fud0QybnFXaUxTQUozUHpGR1dON2NjUG9za20tcVVXRUh4bkc4WTZZcnN3S1FKbWRRNVJaWUJZOHQ1TFNWZ3pVVHZhcTB4WDBEMk4tMFB1Q3lxRXc?oc=5\" target=\"_blank\" rel=\"nofollow noopener\">Sn\u00f8en laver ned: Slik ser det ut p\u00e5 veiene n\u00e5<\/a>&nbsp;&nbsp;agderposten.no<\/li>\n<li><a href=\"https:\/\/news.google.com\/rss\/articles\/CBMijgFBVV95cUxPaEN3UF9NWW8yTDR4MzFQTHN5Qy03T0ZFZFVBRlp4UTJDaGY4Q3dwZVJzSDdJVFNMV2xSdkVVLUI2V1l5Q0Q2aEEydHNzUmNaQUREc2hWVGRwNzhwZm04VndjSTlDUDZ4UVFxWWRyZjhZVjUzX2MtdkJDRElsM0ZGLTRXaGRGdXo5UjdRUENn?oc=5\" target=\"_blank\" rel=\"nofollow noopener\">Trafikk og samferdsel, V\u00e6r | Sn\u00f8en har skapt problemer \u2013 slik ser trafikken ut n\u00e5<\/a>&nbsp;&nbsp;Hamar Arbeiderblad<\/li>\n<li><a href=\"https:\/\/news.google.com\/rss\/articles\/CBMiggFBVV95cUxOSDQ2RmxRb24wSlJDVzZjZllSSFYteDlkeEpUMzF4d2tVVUNSLVRFeGJhMFI5NlpycUVBVGJvcVU0X2JkeDh3NXllejBJRUFCVE0tZWpaS2FsSjNQQ05TUTlFcG9PM3hDZUt2Nlk2bEtwNzY3aDBDYm1jRk9LSXVKZTJB?oc=5\" target=\"_blank\" rel=\"nofollow noopener\">E18, Trafikk | S\u00e5nn ser det ut p\u00e5 veiene n\u00e5<\/a>&nbsp;&nbsp;Tvedestrandsposten<\/li>\n<\/ol>\n","protected":false},"excerpt":{"rendered":"(+) Slik ser det ut p\u00e5 veiene n\u00e5&nbsp;&nbsp;fvn.no To biler har frontkollidert: \u2013 Veldig glatt&nbsp;&nbsp;T\u00f8nsbergs Blad Sn\u00f8en laver&hellip;\n","protected":false},"author":2,"featured_media":129923,"comment_status":"","ping_status":"","sticky":false,"template":"","format":"standard","meta":{"footnotes":""},"categories":[10],"tags":[1309,20,21,940,24,25,1799,15,22,23,13,30,28,29,14,16,26,27,387],"class_list":{"0":"post-129922","1":"post","2":"type-post","3":"status-publish","4":"format-standard","5":"has-post-thumbnail","7":"category-norge","8":"tag-agder","9":"tag-breaking-news","10":"tag-breakingnews","11":"tag-e18","12":"tag-featured-news","13":"tag-featurednews","14":"tag-grimstad","15":"tag-headlines","16":"tag-latest-news","17":"tag-latestnews","18":"tag-news","19":"tag-no","20":"tag-norge","21":"tag-norway","22":"tag-nyheter","23":"tag-overskrifter","24":"tag-top-stories","25":"tag-topstories","26":"tag-vaeret"},"share_on_mastodon":{"url":"https:\/\/pubeurope.com\/@no\/115846997816642080","error":""},"_links":{"self":[{"href":"https:\/\/www.europesays.com\/no\/wp-json\/wp\/v2\/posts\/129922","targetHints":{"allow":["GET"]}}],"collection":[{"href":"https:\/\/www.europesays.com\/no\/wp-json\/wp\/v2\/posts"}],"about":[{"href":"https:\/\/www.europesays.com\/no\/wp-json\/wp\/v2\/types\/post"}],"author":[{"embeddable":true,"href":"https:\/\/www.europesays.com\/no\/wp-json\/wp\/v2\/users\/2"}],"replies":[{"embeddable":true,"href":"https:\/\/www.europesays.com\/no\/wp-json\/wp\/v2\/comments?post=129922"}],"version-history":[{"count":0,"href":"https:\/\/www.europesays.com\/no\/wp-json\/wp\/v2\/posts\/129922\/revisions"}],"wp:featuredmedia":[{"embeddable":true,"href":"https:\/\/www.europesays.com\/no\/wp-json\/wp\/v2\/media\/129923"}],"wp:attachment":[{"href":"https:\/\/www.europesays.com\/no\/wp-json\/wp\/v2\/media?parent=129922"}],"wp:term":[{"taxonomy":"category","embeddable":true,"href":"https:\/\/www.europesays.com\/no\/wp-json\/wp\/v2\/categories?post=129922"},{"taxonomy":"post_tag","embeddable":true,"href":"https:\/\/www.europesays.com\/no\/wp-json\/wp\/v2\/tags?post=129922"}],"curies":[{"name":"wp","href":"https:\/\/api.w.org\/{rel}","templated":true}]}}