{"id":129932,"date":"2026-01-06T07:39:10","date_gmt":"2026-01-06T07:39:10","guid":{"rendered":"https:\/\/www.europesays.com\/no\/129932\/"},"modified":"2026-01-06T07:39:10","modified_gmt":"2026-01-06T07:39:10","slug":"ekspert-vil-dele-verden","status":"publish","type":"post","link":"https:\/\/www.europesays.com\/no\/129932\/","title":{"rendered":"Ekspert: &#8211; Vil dele verden"},"content":{"rendered":"<p>  Trump har forlatt USAs utenrikspolitiske linje gjennom mer enn hundre \u00e5r,\u00a0mener ekspert. Resultatet er ikke godt nytt for Europa.\u00a0\u00a0<\/p>\n<p>\n    NY LINJE: Trump bryter med USAs utenrikspolitiske linje i mer enn 100 \u00e5r, mener ekspert. Det er alvorlig for v\u00e5r del av verden. Foto: Kevin Lamarque \/ Reuters \/ NTB\n  <\/p>\n<p>&#8211; Dette er et linjeskifte. Trump har tydeligvis forlatt det som har v\u00e6rt grunntesen i amerikansk utenrikspolitikk i over hundre \u00e5r.\u00a0<\/p>\n<p>Det sier Nato-ekspert og nestor innen amerikansk politikk, Svein Melby til Dagbladet.\u00a0<\/p>\n<p>Han mener konturene av Trumps brudd er kommet gradvis til syne. Med angrepet p\u00e5 Venezuela er det i Melbys \u00f8yne n\u00e5 liten tvil: Trump vil heller dominere sin egen region enn \u00e5 dominere v\u00e5r del av verden.\u00a0<\/p>\n<p>Det som Melby omtaler som en \u00abstorstrategisk omlegging\u00bb er d\u00e5rlig nytt for Gr\u00f8nland, for Nato og for andre internasjonale avtaler og allianser. Det er derimot godt nytt for Kina.\u00a0<\/p>\n<p>    <a itemprop=\"url\" href=\"https:\/\/www.dagbladet.no\/nyheter\/danmarks-frykt-tvinger-fram-losning\/84057522\" rel=\"nofollow noopener\" target=\"_blank\"><\/p>\n<p>        <img loading=\"lazy\" decoding=\"async\" src=\"https:\/\/www.europesays.com\/no\/wp-content\/uploads\/2026\/01\/1767685148_374_84058410.webp.webp\" width=\"980\" height=\"441\" title=\"Danmarks frykt: - Tvinger fram l\u00f8sning\" alt=\"\" class=\"lazyload\" style=\"--aspect-ratio-image: 2.22; \"\/><\/p>\n<p>        Danmarks frykt: &#8211; Tvinger fram l\u00f8sning<\/p>\n<p>    <\/a><\/p>\n<p>Bryter med grunntanken\t<\/p>\n<p> Melby er n\u00e5 pensjonist, men har i mange \u00e5r v\u00e6rt tilknyttet Norsk utenrikspolitisk institutt (Nupi) og Institutt for forsvarsstudier (IFS). <\/p>\n<p>Siden f\u00f8r f\u00f8rste verdenskrig har USA v\u00e6rt opptatt av \u00e5 hindre andre i \u00e5 f\u00e5 hegemonimakt p\u00e5 det eurasiske kontinentet, Europa og Asia, forklarer Melby. Bakgrunnen er at den som har dominert dette kontinentet, ogs\u00e5 er den som har dominert verdenspolitikken.\u00a0<\/p>\n<p>&#8211; Dette har v\u00e6rt en r\u00f8d tr\u00e5d i all amerikansk utenrikspolitikk siden f\u00f8r\u00a0 f\u00f8rste verdenskrig. Under begge verdenskrigene var den underliggende motivasjonen \u00e5 hindre at Tyskland ble en dominerende makt og fikk denne posisjonen. Under den kalde krigen var det Sovjetunionen, og siden har det v\u00e6rt Kina som har v\u00e6rt den viktigste utfordreren.\u00a0<\/p>\n<p>        <img loading=\"lazy\" decoding=\"async\" itemprop=\"image\" src=\"https:\/\/www.europesays.com\/no\/wp-content\/uploads\/2026\/01\/84059786.webp.webp\" width=\"180\" height=\"180\" alt=\"Svein Melby\"\/><\/p>\n<p>            Svein Melby<br \/>\n            Svein<br \/>\n            Melby        <\/p>\n<p>Pensjonert USA &#8211; og Nato-ekspert<\/p>\n<p>Det er denne grunntanken Trump-administrasjonen bryter med n\u00e5, mener Melby. <\/p>\n<p>&#8211; N\u00e5 bruker de i stedet mye mer ressurser p\u00e5 \u00e5 dominere den vestlige delen av verden, alts\u00e5 USAs egne n\u00e6romr\u00e5der.\u00a0<\/p>\n<p>    <a itemprop=\"url\" href=\"https:\/\/www.dagbladet.no\/nyheter\/da-stopper-alt-opp\/84058925\" rel=\"nofollow noopener\" target=\"_blank\"><\/p>\n<p>        <img loading=\"lazy\" decoding=\"async\" src=\"https:\/\/www.europesays.com\/no\/wp-content\/uploads\/2026\/01\/1767685149_874_84058960.webp.webp\" width=\"147\" height=\"98\" title=\"- Da stopper alt opp\" alt=\"\" class=\"lazyload\" style=\"--aspect-ratio-image: 1.50; \"\/><\/p>\n<p>        &#8211; Da stopper alt opp<\/p>\n<p>    <\/a><\/p>\n<p>Deler verden\u00a0\t<\/p>\n<p>Endringen har enormt mye \u00e5 si, understreker Melby. Sett med v\u00e5re \u00f8yne er det d\u00e5rlig nytt. B\u00e5de hva gjelder Ukraina og Europa for \u00f8vrig.\u00a0<\/p>\n<p>&#8211; Dette var ogs\u00e5 grunnlaget for Natos eksistens. Alle systemene USA har skapt, alle allianser og samarbeid, har kommet ut fra det faktum at USA skj\u00f8nte at de ikke ville klare \u00e5 demme opp for kinesisk ekspansasjon p\u00e5 egen h\u00e5nd.\u00a0<\/p>\n<p>N\u00e5 mener Melby det virker til at Trump deler opp verden i ulike interessesf\u00e6rer hvor hver av stormaktene m\u00e5 akseptere hverandres dominans.\u00a0<\/p>\n<p>        TRUER GR\u00d8NLAND: USAs president kommer igjen med trusler mot Danmark og Gr\u00f8nland, forskere tror det handler om noe mer enn naturressurser og sikkerhet. Reporter: Vegard Kr\u00fcger<\/p>\n<p>Mandag delte Trumps eget utenriksdepartement et innlegg som nettopp vektlegger deres syn p\u00e5 hva som er eget interesseomr\u00e5de.<\/p>\n<p>&#8211; Dette er v\u00e5r hemisf\u00e6re og president Trump vil ikke tillate at v\u00e5r sikkerhet trues.\u00a0<\/p>\n<p>&#8211; Trump vil v\u00e6re den dominerende makten i den vestlige verden og vil ha full kontroll over S\u00f8r- og Mellom-Amerika, i tillegg til Arktis.\u00a0<\/p>\n<p>Trumps linjeskift forklarer ogs\u00e5 hans manglende bekymring for Russlands dominans over Ukraina, mener Melby.\u00a0<\/p>\n<p>&#8211; Ellers hadde han sett p\u00e5 Russlands invasjon i Europa p\u00e5 en helt annen m\u00e5te.\u00a0<\/p>\n<p>Melby mener ogs\u00e5 Taiwan har grunn til bekymring.\u00a0<\/p>\n<p>        DETALJEN SKAPER REAKSJONER: I et provisorisk situasjonsom p\u00e5 Mar-a-Lago hadde president Donald Trump og r\u00e5dgiverne X p\u00e5 storskjerm under Venezuela-operasjonen. Video: AP \/ NTB. Reporter: Vegard Kr\u00fcger<\/p>\n<p>&#8211; Jeg er redd Taiwan har grunn til \u00e5 v\u00e6re nerv\u00f8se. Jeg tror ikke Trump-administrasjonen ville ofret mye for \u00e5 forsvare Taiwan.\u00a0<\/p>\n<p>Selv er ikke Melby i tvil om at det er den som dominerer av Eurasia som er den dominerende verdensmakten. <\/p>\n<p>&#8211; I s\u00e5 fall legger Trump verden \u00e5pen for for at det blir Kina. Heller ikke Russland har noe \u00e5 st\u00e5 opp med mot Kina. Europa vil bli n\u00f8dt til \u00e5 forholde seg til Kina p\u00e5 en annen m\u00e5te.<\/p>\n<p>    <a itemprop=\"url\" href=\"https:\/\/www.dagbladet.no\/nyheter\/jeg-ble-kidnappet\/84057564\" rel=\"nofollow noopener\" target=\"_blank\"><\/p>\n<p>        <img loading=\"lazy\" decoding=\"async\" src=\"https:\/\/www.europesays.com\/no\/wp-content\/uploads\/2026\/01\/1767685150_650_84057592.webp.webp\" width=\"980\" height=\"441\" title=\"- Jeg ble kidnappet\" alt=\"\" class=\"lazyload\" style=\"--aspect-ratio-image: 2.22; \"\/><\/p>\n<p>        &#8211; Jeg ble kidnappet<\/p>\n<p>    <\/a><\/p>\n<p>&#8211; Skal ha sin vilje\t<\/p>\n<p> Anders Romarheim, f\u00f8rsteamanuensis ved\u00a0Institutt for forsvarsstudier, mener Trump n\u00e5 bruker Venezuela-angrepet for \u00abalt det er verdt\u00bb:<\/p>\n<p>&#8211; Tvangsdiplomati har f\u00e5tt en ekstra turbo, der han kan peke p\u00e5 Colombia og Mette Fredriksen og Danmark og gj\u00f8re det klart at hvis ikke dere gj\u00f8r som USA sier, da ser dere hva som kan skje. En lett mafios fryktbasert tiln\u00e6rming til klassisk tvangsdiplomati for \u00e5 f\u00e5 gjennom sin vilje, sier Romarheim i Dagsnytt 18 p\u00e5 NRK.<\/p>\n<p>\u00a0Siden han ble president, har Trump gjentatte ganger omtalt USAs \u00f8nske om \u00e5 ta over verdens st\u00f8rste \u00f8y, Gr\u00f8nland.<\/p>\n<p>&#8211; Gr\u00f8nland er en del av det amerikanske kontinentet. Vi m\u00e5 innse at for Trump og MAGA-bevegelsen, s\u00e5 g\u00e5r nasjonale og regionale interesser for det samme. Om USA mener de har nasjonal interesse for Latin-Amerika, Canada eller Gr\u00f8nland, s\u00e5 agerer de p\u00e5 det som om det var innenfor deres egne grenser, sier Romarheim p\u00e5 Dagsnytt 18, f\u00f8r han legger til:<\/p>\n<p>        GJ\u00d8R DET IGJEN: Atter en gang ytret USAs president Donald Trump om viktigheten av \u00e5 annektere Gr\u00f8nland. Dette satte regjeringssjefen p\u00e5 Gr\u00f8nland sv\u00e6rt lite pris p\u00e5. Reporter: Edward Stenlund \/ Marte Nyl\u00f8kken Helseth. Video: AP \/ Dagbladet<\/p>\n<p>&#8211; Denne grensel\u00f8sheten er noe av det som kjennetegner Trump. Han er ikke s\u00e5 opptatt av hvor grensene skal g\u00e5 i Ukraina, han vil gjerne at Canada skal v\u00e6re USAs 51. stat. Trump er ikke s\u00e5 opptatt av landegrenser og suverenitet. Han skal ha sin vilje i den vestlige hemisf\u00e6re, s\u00e5 det vil bli harde tak framover, sier Romarheim.<\/p>\n<p>Ogs\u00e5 Melby mener det er all grunn til \u00e5 ta Trumps Gr\u00f8nland-utspill p\u00e5 alvor.\u00a0<\/p>\n<p>&#8211; Gr\u00f8nland passer perfekt inn i omr\u00e5dene Trump \u00f8nsker dominans over. I tillegg f\u00e5r han utvidet USAs territorium, s\u00e5 de uttalelsene skal man ta p\u00e5 st\u00f8rste alvor.\u00a0<\/p>\n","protected":false},"excerpt":{"rendered":"Trump har forlatt USAs utenrikspolitiske linje gjennom mer enn hundre \u00e5r,\u00a0mener ekspert. Resultatet er ikke godt nytt for&hellip;\n","protected":false},"author":2,"featured_media":129933,"comment_status":"","ping_status":"","sticky":false,"template":"","format":"standard","meta":{"footnotes":""},"categories":[12],"tags":[20,21,24,25,15,22,23,13,30,28,29,14,16,26,27,412,42,43,44,45],"class_list":{"0":"post-129932","1":"post","2":"type-post","3":"status-publish","4":"format-standard","5":"has-post-thumbnail","7":"category-verden","8":"tag-breaking-news","9":"tag-breakingnews","10":"tag-featured-news","11":"tag-featurednews","12":"tag-headlines","13":"tag-latest-news","14":"tag-latestnews","15":"tag-news","16":"tag-no","17":"tag-norge","18":"tag-norway","19":"tag-nyheter","20":"tag-overskrifter","21":"tag-top-stories","22":"tag-topstories","23":"tag-utenriks","24":"tag-verden","25":"tag-world","26":"tag-world-news","27":"tag-worldnews"},"share_on_mastodon":{"url":"https:\/\/pubeurope.com\/@no\/115847021487539803","error":""},"_links":{"self":[{"href":"https:\/\/www.europesays.com\/no\/wp-json\/wp\/v2\/posts\/129932","targetHints":{"allow":["GET"]}}],"collection":[{"href":"https:\/\/www.europesays.com\/no\/wp-json\/wp\/v2\/posts"}],"about":[{"href":"https:\/\/www.europesays.com\/no\/wp-json\/wp\/v2\/types\/post"}],"author":[{"embeddable":true,"href":"https:\/\/www.europesays.com\/no\/wp-json\/wp\/v2\/users\/2"}],"replies":[{"embeddable":true,"href":"https:\/\/www.europesays.com\/no\/wp-json\/wp\/v2\/comments?post=129932"}],"version-history":[{"count":0,"href":"https:\/\/www.europesays.com\/no\/wp-json\/wp\/v2\/posts\/129932\/revisions"}],"wp:featuredmedia":[{"embeddable":true,"href":"https:\/\/www.europesays.com\/no\/wp-json\/wp\/v2\/media\/129933"}],"wp:attachment":[{"href":"https:\/\/www.europesays.com\/no\/wp-json\/wp\/v2\/media?parent=129932"}],"wp:term":[{"taxonomy":"category","embeddable":true,"href":"https:\/\/www.europesays.com\/no\/wp-json\/wp\/v2\/categories?post=129932"},{"taxonomy":"post_tag","embeddable":true,"href":"https:\/\/www.europesays.com\/no\/wp-json\/wp\/v2\/tags?post=129932"}],"curies":[{"name":"wp","href":"https:\/\/api.w.org\/{rel}","templated":true}]}}