{"id":129938,"date":"2026-01-06T07:52:09","date_gmt":"2026-01-06T07:52:09","guid":{"rendered":"https:\/\/www.europesays.com\/no\/129938\/"},"modified":"2026-01-06T07:52:09","modified_gmt":"2026-01-06T07:52:09","slug":"gina-schumacher-deler-rorende-bilde-av-michael-schumacher-pa-bursdagen-hans","status":"publish","type":"post","link":"https:\/\/www.europesays.com\/no\/129938\/","title":{"rendered":"Gina Schumacher deler r\u00f8rende bilde av Michael Schumacher p\u00e5 bursdagen hans"},"content":{"rendered":"<p class=\"kicker tm20\" style=\"\">Michael Schumachers datter:<\/p>\n<p>  Formel 1-legenden Michael Schumacher har v\u00e6rt skjermet fra offentligheten i tolv \u00e5r. N\u00e5 deler datteren Gina et bilde som r\u00f8rer fans verden over.<\/p>\n<p>\n    R\u00d8RENDE BURSDAGSHILSEN: Datteren Gina Schumacher delte et innlegg p\u00e5 Instagram av familien 3. januar i forbindelse med bursdagen til faren hennes Michael Schumacher. Foto: Instagram\n  <\/p>\n<p>Michael Schumacher fylte 57 \u00e5r 3. januar.<\/p>\n<p>P\u00e5 farens bursdag delte Gina Schumacher (28) et barndomsbilde av familien, med foreldrene Michael og Corinna Schumacher, lillebror Mick Schumacher og familiens hunder.<\/p>\n<p>        KREVENDE INNSPILLING: David Eriksen \u00e5pner seg om hvordan det var \u00e5 spille inn \u00abAlle elsker David\u00bb samtidig som Tone Damlis s\u00f8ster gikk bort. Reporter: Nora Skavhaug. Video: Sanne Holt\/ R\u00f8d L\u00f8per\/ TV 2<\/p>\n<p>Under innlegget skriver hun:<\/p>\n<p class=\"font-weight-bold m-font-weight-bold\" data-lab-font_weight=\"font-weight-bold\">\u00abDen beste for alltid. Gratulerer med dagen, pappa\u00bb.<\/p>\n<p class=\"font-weight-bold m-font-weight-bold\" data-lab-font_weight=\"font-weight-bold\">Innlegget r\u00f8rte fans verden over. I kommentarfeltet skrev noen:\u00a0\u00abGratulerer med dagen kj\u00e6re Michael. Vi savner deg s\u00e5 mye. Bli bedre snart, legende\u00bb.\u00a0<\/p>\n<p class=\"font-weight-bold m-font-weight-bold\" data-lab-font_weight=\"font-weight-bold\">En annen skrev:\u00a0\u00abGratulerer med dagen. Vi alle tenker ofte p\u00e5 deg, du er alltid i hjertet v\u00e5rt og vi h\u00e5per at et mirakel skjer.\u00bb<\/p>\n<p>Schumacher har v\u00e6rt ute av offentligheten siden den alvorlige skiulykken i 2013.<\/p>\n<p>Kona Corinna har s\u00f8rget for at rehabiliteringen skjer i full diskresjon, med bare familie og n\u00e6re venner involvert.<\/p>\n<p>    <a itemprop=\"url\" href=\"https:\/\/www.seher.no\/kjendis\/deler-gladnyhet\/84049069\" rel=\"nofollow noopener\" target=\"_blank\"><\/p>\n<p>        <img loading=\"lazy\" decoding=\"async\" src=\"https:\/\/www.europesays.com\/no\/wp-content\/uploads\/2026\/01\/84049266.webp.webp\" width=\"147\" height=\"98\" title=\"Deler gladnyhet\" alt=\"\" class=\"lazyload\" style=\"--aspect-ratio-image: 1.50; \"\/><\/p>\n<p>        Deler gladnyhet<\/p>\n<p>    <\/a><\/p>\n<p>Mange rekorder\u00a0\t<\/p>\n<p>Michael Schumacher regnes som en av de aller st\u00f8rste i Formel 1-historien.<\/p>\n<p>Han vant syv verdensmesterskap, p\u00e5 niv\u00e5 med Formel 1-f\u00f8rer Lewis Hamilton, og tok totalt 91 Grand Prix-seire \u2013 et tall som i mange \u00e5r sto som rekord.<\/p>\n<p>        <img loading=\"lazy\" decoding=\"async\" src=\"https:\/\/www.europesays.com\/no\/wp-content\/uploads\/2026\/01\/83731705.webp.webp\" width=\"667\" height=\"554\" title=\"DEN GANG: Michael Schumacher under British Grand Prix i 1992.&#10;Foto: Charpaud Christopher \/ Abaca \/ Shutterstock\" alt=\"\" class=\"\" style=\"--aspect-ratio-image: 1.20; \"\/><\/p>\n<p>\n        DEN GANG: Michael Schumacher under British Grand Prix i 1992.<br \/>\nFoto: Charpaud Christopher \/ Abaca \/ Shutterstock\n    <\/p>\n<p>Schumacher noterte seg ogs\u00e5 for 155 pallplasseringer, 68 pole positions, alts\u00e5 beste startposisjon, og 77 raskeste runder i l\u00f8pet av karrieren.<\/p>\n<p class=\"font-weight-bold m-font-weight-bold\" data-lab-font_weight=\"font-weight-bold\">Det er fortsatt f\u00e5 detaljer kjent om helsetilstanden hans, men han antas \u00e5 v\u00e6re i live og at han f\u00e5r behandling d\u00f8gnet rundt.<\/p>\n<p>        ANGSTANFALL: Det ble en dramatisk start p\u00e5 \u00abFarmen kjendis\u00bb-oppholdet for komiker Jonas Lihaug Fredriksen. Reporter: Nora Skavhaug. Video: Sanne Holt\/ TV 2\/ R\u00f8d L\u00f8per<\/p>\n<p>Mesteparten av tiden tilbringer han i familiens luksusvilla ved Genfersj\u00f8en i Sveits. Familien tar ham ogs\u00e5 angivelig med til et skjermet feriested p\u00e5 Mallorca for private opphold.<\/p>\n<p class=\"italic m-italic\" data-lab-italic=\"italic\">Denne saken ble f\u00f8rst publisert p\u00e5 <a href=\"https:\/\/www.dagbladet.no\/sport\/deler-rorende-bilde\/84057876\" rel=\"nofollow noopener\" target=\"_blank\">Dagbladet.no\u00a0<\/a><\/p>\n","protected":false},"excerpt":{"rendered":"Michael Schumachers datter: Formel 1-legenden Michael Schumacher har v\u00e6rt skjermet fra offentligheten i tolv \u00e5r. N\u00e5 deler datteren&hellip;\n","protected":false},"author":2,"featured_media":129939,"comment_status":"","ping_status":"","sticky":false,"template":"","format":"standard","meta":{"footnotes":""},"categories":[59],"tags":[15115,2026,15116,479,14756,30,28,29,83,82],"class_list":{"0":"post-129938","1":"post","2":"type-post","3":"status-publish","4":"format-standard","5":"has-post-thumbnail","7":"category-sport","8":"tag-corinna-schumacher","9":"tag-formel-1","10":"tag-gina-schumacher","11":"tag-kjendis","12":"tag-michael-schumacher","13":"tag-no","14":"tag-norge","15":"tag-norway","16":"tag-sport","17":"tag-sports"},"share_on_mastodon":{"url":"https:\/\/pubeurope.com\/@no\/115847072479937562","error":""},"_links":{"self":[{"href":"https:\/\/www.europesays.com\/no\/wp-json\/wp\/v2\/posts\/129938","targetHints":{"allow":["GET"]}}],"collection":[{"href":"https:\/\/www.europesays.com\/no\/wp-json\/wp\/v2\/posts"}],"about":[{"href":"https:\/\/www.europesays.com\/no\/wp-json\/wp\/v2\/types\/post"}],"author":[{"embeddable":true,"href":"https:\/\/www.europesays.com\/no\/wp-json\/wp\/v2\/users\/2"}],"replies":[{"embeddable":true,"href":"https:\/\/www.europesays.com\/no\/wp-json\/wp\/v2\/comments?post=129938"}],"version-history":[{"count":0,"href":"https:\/\/www.europesays.com\/no\/wp-json\/wp\/v2\/posts\/129938\/revisions"}],"wp:featuredmedia":[{"embeddable":true,"href":"https:\/\/www.europesays.com\/no\/wp-json\/wp\/v2\/media\/129939"}],"wp:attachment":[{"href":"https:\/\/www.europesays.com\/no\/wp-json\/wp\/v2\/media?parent=129938"}],"wp:term":[{"taxonomy":"category","embeddable":true,"href":"https:\/\/www.europesays.com\/no\/wp-json\/wp\/v2\/categories?post=129938"},{"taxonomy":"post_tag","embeddable":true,"href":"https:\/\/www.europesays.com\/no\/wp-json\/wp\/v2\/tags?post=129938"}],"curies":[{"name":"wp","href":"https:\/\/api.w.org\/{rel}","templated":true}]}}