{"id":129944,"date":"2026-01-06T08:06:24","date_gmt":"2026-01-06T08:06:24","guid":{"rendered":"https:\/\/www.europesays.com\/no\/129944\/"},"modified":"2026-01-06T08:06:24","modified_gmt":"2026-01-06T08:06:24","slug":"mann-tiltalt-for-a-true-med-a-sprenge-slottet-i-2025","status":"publish","type":"post","link":"https:\/\/www.europesays.com\/no\/129944\/","title":{"rendered":"Mann tiltalt for \u00e5 true med \u00e5 sprenge Slottet i 2025"},"content":{"rendered":"<p class=\"kicker \" style=\"\">Dramatisk:<\/p>\n<p>  En mann i 30-\u00e5rene er tiltalt for \u00e5 ha truet med \u00e5 sprenge Slottet.<\/p>\n<p>\n    DRAMATIKK: En mann skal denne uken m\u00f8te i retten. \u00c5rsaken er at han skal ha truet med \u00e5 sprenge Slottet dersom han ikke fikk m\u00f8te deler av den norske kongefamilien. Foto: NTB\n  <\/p>\n<p>Mandag morgen skriver <a href=\"https:\/\/www.vg.no\/rampelys\/i\/j0de4b\/mann-tiltalt-for-aa-ha-truet-med-aa-sprenge-slottet\" rel=\"nofollow noopener\" target=\"_blank\">VG<\/a> at en mann i 30-\u00e5rene skal m\u00f8te i retten torsdag denne uken.\u00a0<\/p>\n<p>    <a itemprop=\"url\" href=\"https:\/\/www.seher.no\/kongelig\/gir-ikke-fra-meg-prinsessetittelen\/84051651\" rel=\"nofollow noopener\" target=\"_blank\"><\/p>\n<p>        <img loading=\"lazy\" decoding=\"async\" src=\"https:\/\/www.europesays.com\/no\/wp-content\/uploads\/2026\/01\/84036706.webp.webp\" width=\"147\" height=\"98\" title=\"- Gir ikke fra meg prinsessetittelen\" alt=\"\" class=\"lazyload\" style=\"--aspect-ratio-image: 1.50; \"\/><\/p>\n<p>        &#8211; Gir ikke fra meg prinsessetittelen<\/p>\n<p>    <\/a><\/p>\n<p>\u00c5rsaken er at mannen skal ha truet med \u00e5 sprenge Slottet. Etter det avisen kjenner til skal den sjokkerende hendelsen ha funnet sted i januar i 2025.\u00a0<\/p>\n<p>Mannen skal ha bedt om et m\u00f8te med deler av den norske kongefamilien, og at dersom ikke hans \u00f8nsker ble innfridd, skal han ha truet med \u00e5 sprenge Slottet.<\/p>\n<p>        <img loading=\"lazy\" decoding=\"async\" src=\"https:\/\/www.europesays.com\/no\/wp-content\/uploads\/2026\/01\/1767686784_764_84055654.webp.webp\" width=\"667\" height=\"381\" title=\"VILLE M\u00d8TE: Det presiseres ikke hvilke av kongefamiliens medlemmer mannen \u00f8nsket \u00e5 m\u00f8te. Foto: Heiko Junge \/ NTB\" alt=\"\" class=\"\" style=\"--aspect-ratio-image: 1.75; \"\/><\/p>\n<p>\n        VILLE M\u00d8TE: Det presiseres ikke hvilke av kongefamiliens medlemmer mannen \u00f8nsket \u00e5 m\u00f8te. Foto: Heiko Junge \/ NTB\n    <\/p>\n<p>I f\u00f8lge <a href=\"https:\/\/www.nrk.no\/stor-oslo\/truet-med-a-sprenge-slottet---ma-mote-i-retten-1.17713800?utm_source=sdrn%3Avg%3Aarticle%3Aj0de4b\" rel=\"nofollow noopener\" target=\"_blank\">NRK<\/a> er mannen n\u00e5 tiltalt for \u00e5 ha voldt fare for at kongen hindres eller p\u00e5virkes i sin virksomhet, ved bruk av trusler.<\/p>\n<p>Mannen i 30-\u00e5rene er ogs\u00e5 tiltalt for \u00e5 i ord eller handling ha truet med straffbar handling under slike omstendigheter at trusselen var egnet til \u00e5 fremkalle alvorlig frykt.<\/p>\n<p>        REALITY-FORTID: \u00abFlukten fra Bolivia\u00bb-skuespilleren r\u00f8per hvordan deltakelsen i det popul\u00e6re realityprogrammet landet henne dr\u00f8mmerollen. Reporter: Sanne Holt. Video: \u00abFlukten fra Bolivia\u00bb\/ TV 2\/ Celine N\u00e6ss Andreassen\/ R\u00f8d L\u00f8per<\/p>\n<p>NRK skriver ogs\u00e5 at den tiltalte mannen sommeren 2025 ogs\u00e5 skal ha truet med \u00e5 sprenge bygningen til Helsedirektoratet.<\/p>\n","protected":false},"excerpt":{"rendered":"Dramatisk: En mann i 30-\u00e5rene er tiltalt for \u00e5 ha truet med \u00e5 sprenge Slottet. DRAMATIKK: En mann&hellip;\n","protected":false},"author":2,"featured_media":129945,"comment_status":"","ping_status":"","sticky":false,"template":"","format":"standard","meta":{"footnotes":""},"categories":[5],"tags":[20,21,2592,3990,1560,4104,24,25,15,19,2590,76,1764,2293,22,23,17,18,13,30,28,29,14,16,402,291,26,27],"class_list":{"0":"post-129944","1":"post","2":"type-post","3":"status-publish","4":"format-standard","5":"has-post-thumbnail","7":"category-overskrifter","8":"tag-breaking-news","9":"tag-breakingnews","10":"tag-den-norske-kongefamilien","11":"tag-det-norske-kongehuset","12":"tag-dronning-sonja","13":"tag-eksklusivt","14":"tag-featured-news","15":"tag-featurednews","16":"tag-headlines","17":"tag-hovedoppslag","18":"tag-kong-harald","19":"tag-kongelig","20":"tag-kronprins-haakon","21":"tag-kronprinsesse-mette-marit","22":"tag-latest-news","23":"tag-latestnews","24":"tag-main-news","25":"tag-mainnews","26":"tag-news","27":"tag-no","28":"tag-norge","29":"tag-norway","30":"tag-nyheter","31":"tag-overskrifter","32":"tag-prins-sverre-magnus","33":"tag-prinsesse-ingrid-alexandra","34":"tag-top-stories","35":"tag-topstories"},"share_on_mastodon":{"url":"https:\/\/pubeurope.com\/@no\/115847127649600683","error":""},"_links":{"self":[{"href":"https:\/\/www.europesays.com\/no\/wp-json\/wp\/v2\/posts\/129944","targetHints":{"allow":["GET"]}}],"collection":[{"href":"https:\/\/www.europesays.com\/no\/wp-json\/wp\/v2\/posts"}],"about":[{"href":"https:\/\/www.europesays.com\/no\/wp-json\/wp\/v2\/types\/post"}],"author":[{"embeddable":true,"href":"https:\/\/www.europesays.com\/no\/wp-json\/wp\/v2\/users\/2"}],"replies":[{"embeddable":true,"href":"https:\/\/www.europesays.com\/no\/wp-json\/wp\/v2\/comments?post=129944"}],"version-history":[{"count":0,"href":"https:\/\/www.europesays.com\/no\/wp-json\/wp\/v2\/posts\/129944\/revisions"}],"wp:featuredmedia":[{"embeddable":true,"href":"https:\/\/www.europesays.com\/no\/wp-json\/wp\/v2\/media\/129945"}],"wp:attachment":[{"href":"https:\/\/www.europesays.com\/no\/wp-json\/wp\/v2\/media?parent=129944"}],"wp:term":[{"taxonomy":"category","embeddable":true,"href":"https:\/\/www.europesays.com\/no\/wp-json\/wp\/v2\/categories?post=129944"},{"taxonomy":"post_tag","embeddable":true,"href":"https:\/\/www.europesays.com\/no\/wp-json\/wp\/v2\/tags?post=129944"}],"curies":[{"name":"wp","href":"https:\/\/api.w.org\/{rel}","templated":true}]}}