{"id":129977,"date":"2026-01-06T08:44:11","date_gmt":"2026-01-06T08:44:11","guid":{"rendered":"https:\/\/www.europesays.com\/no\/129977\/"},"modified":"2026-01-06T08:44:11","modified_gmt":"2026-01-06T08:44:11","slug":"nationaltheatret-ulykker-og-hendelser-trikkekaos-pa-nationaltheatret-etter-hendelse","status":"publish","type":"post","link":"https:\/\/www.europesays.com\/no\/129977\/","title":{"rendered":"Nationaltheatret, Ulykker og hendelser | Trikkekaos p\u00e5 Nationaltheatret etter hendelse"},"content":{"rendered":"\n<p>Klokken 08.12 bekrefter politiet overfor Avisa Oslo at de har f\u00e5tt meldinger om at en person skal v\u00e6re truffet av en trikk p\u00e5 Nationaltheatret, i krysset mellom Klingenberggata og Stortingsgata.<\/p>\n<p>Til Avisa Oslo sier Sporveiens pressevakt Tone Tuhus at personen skal ha falt foran trikken og havnet \u00ablitt under\u00bb den, men at personen ikke ble truffet.<\/p>\n<p>\u2013 Alt skal st\u00e5 bra til med vedkommende, men politiet \u00f8nsker at han eller hun f\u00e5r en sjekk, sier Tuhus.<\/p>\n<p>13- og 15-trikken hadde i en periode omkj\u00f8ring over Aker Brygge i vestg\u00e5ende retning. Det har v\u00e6rt normal trafikk siden 08.30-tiden.<\/p>\n<p>   <img decoding=\"async\" width=\"4032\" height=\"3024\" fetchpriority=\"low\"  loading=\"lazy\"  src=\"https:\/\/www.europesays.com\/no\/wp-content\/uploads\/2026\/01\/photo+%2853%29.jpg\" alt=\"\" class=\"brick-c-cFOWSL\" style=\"--brick-image-ratio: 4032 \/ 3024;\"\/><\/p>\n<p>      Det ble kaos rundt trikken i morgenrushet.<br \/>\n      Foto: Christian Fredrik Borg \/ Avisa Oslo\n    <\/p>\n","protected":false},"excerpt":{"rendered":"Klokken 08.12 bekrefter politiet overfor Avisa Oslo at de har f\u00e5tt meldinger om at en person skal v\u00e6re&hellip;\n","protected":false},"author":2,"featured_media":129978,"comment_status":"","ping_status":"","sticky":false,"template":"","format":"standard","meta":{"footnotes":""},"categories":[5],"tags":[36,20,21,24,25,15,19,22,23,17,18,1211,13,30,28,29,14,16,285,1510,26,27,941],"class_list":{"0":"post-129977","1":"post","2":"type-post","3":"status-publish","4":"format-standard","5":"has-post-thumbnail","7":"category-overskrifter","8":"tag-art","9":"tag-breaking-news","10":"tag-breakingnews","11":"tag-featured-news","12":"tag-featurednews","13":"tag-headlines","14":"tag-hovedoppslag","15":"tag-latest-news","16":"tag-latestnews","17":"tag-main-news","18":"tag-mainnews","19":"tag-nationaltheatret","20":"tag-news","21":"tag-no","22":"tag-norge","23":"tag-norway","24":"tag-nyheter","25":"tag-overskrifter","26":"tag-sentrum","27":"tag-story","28":"tag-top-stories","29":"tag-topstories","30":"tag-ulykker-og-hendelser"},"share_on_mastodon":{"url":"https:\/\/pubeurope.com\/@no\/115847276964860719","error":""},"_links":{"self":[{"href":"https:\/\/www.europesays.com\/no\/wp-json\/wp\/v2\/posts\/129977","targetHints":{"allow":["GET"]}}],"collection":[{"href":"https:\/\/www.europesays.com\/no\/wp-json\/wp\/v2\/posts"}],"about":[{"href":"https:\/\/www.europesays.com\/no\/wp-json\/wp\/v2\/types\/post"}],"author":[{"embeddable":true,"href":"https:\/\/www.europesays.com\/no\/wp-json\/wp\/v2\/users\/2"}],"replies":[{"embeddable":true,"href":"https:\/\/www.europesays.com\/no\/wp-json\/wp\/v2\/comments?post=129977"}],"version-history":[{"count":0,"href":"https:\/\/www.europesays.com\/no\/wp-json\/wp\/v2\/posts\/129977\/revisions"}],"wp:featuredmedia":[{"embeddable":true,"href":"https:\/\/www.europesays.com\/no\/wp-json\/wp\/v2\/media\/129978"}],"wp:attachment":[{"href":"https:\/\/www.europesays.com\/no\/wp-json\/wp\/v2\/media?parent=129977"}],"wp:term":[{"taxonomy":"category","embeddable":true,"href":"https:\/\/www.europesays.com\/no\/wp-json\/wp\/v2\/categories?post=129977"},{"taxonomy":"post_tag","embeddable":true,"href":"https:\/\/www.europesays.com\/no\/wp-json\/wp\/v2\/tags?post=129977"}],"curies":[{"name":"wp","href":"https:\/\/api.w.org\/{rel}","templated":true}]}}