{"id":129988,"date":"2026-01-06T08:56:11","date_gmt":"2026-01-06T08:56:11","guid":{"rendered":"https:\/\/www.europesays.com\/no\/129988\/"},"modified":"2026-01-06T08:56:11","modified_gmt":"2026-01-06T08:56:11","slug":"trump-sier-han-ikke-tror-ukraina-angrep-putins-bolig","status":"publish","type":"post","link":"https:\/\/www.europesays.com\/no\/129988\/","title":{"rendered":"Trump sier han ikke tror Ukraina angrep Putins bolig"},"content":{"rendered":"\n<p class=\"_lead_o9xde_2 _lead_xtcu6_50 layout-component text-serif-m layout-normal text-serif-l layout-component layout-wide layout-padded _wide_17hqh_1 layout-padded\">USAs president Donald Trump sier han ikke tror Ukraina m\u00e5lrettet angrep en av Russlands president Vladimir Putins residenser med droner i romjula.<\/p>\n<p><img alt=\"USAs president Donald Trump sier han ikke tror Ukraina gjennomf\u00f8rte et m\u00e5lrettet droneangrep mot Russlands president Vladimir Putins residens, slik Russland hevder.  Foto: Alex Brandon \/ AP \/ NTB\" class=\"_image_qp4xg_65 layout-component layout-wide\" data-fullscreen- data-track-element-type=\"Article image fullscreen\" data-track-name=\"ImageFullscreen\" fetchpriority=\"high\" decoding=\"sync\" loading=\"eager\" height=\"4000\" itemprop=\"image\"  src=\"https:\/\/www.europesays.com\/no\/wp-content\/uploads\/2026\/01\/64034a80-5a49-4294-9ef9-57320ab4ac04.jpeg\"  style=\"object-position:0% 0%\" width=\"6000\"\/>USAs president Donald Trump sier han ikke tror Ukraina gjennomf\u00f8rte et m\u00e5lrettet droneangrep mot Russlands president Vladimir Putins residens, slik Russland hevder.  Foto: Alex Brandon \/ AP \/ NTB<\/p>\n<ul aria-hidden=\"true\" class=\"_images_ntbth_112\">\n<li><a class=\"_link_ntbth_117\" href=\"https:\/\/www.vg.no\/forfatter\/ntb\" style=\"z-index:1\" title=\"NTB\" rel=\"nofollow noopener\" target=\"_blank\"><img alt=\"Bilde av NTB\" class=\"_image_ntbth_93\" fetchpriority=\"low\" loading=\"lazy\" decoding=\"async\" itemprop=\"image\"  src=\"https:\/\/www.europesays.com\/no\/wp-content\/uploads\/2026\/01\/1767689771_315_c33980b0-5d07-4027-84a1-813f90a7c8d6.png\"  width=\"480\"\/><\/a><\/li>\n<\/ul>\n<p> Oppdatert mandag 5. januar kl. 13:51     <\/p>\n<p class=\"_paragraph_o9xde_4 _paragraph_xtcu6_10 layout-component text-serif-m layout-normal text-serif-m layout-padded\">\u2013 Jeg tror ikke at det angrepet skjedde, sa Trump til journalister p\u00e5 Air Force One s\u00f8ndag.<\/p>\n<p class=\"_paragraph_o9xde_4 _paragraph_xtcu6_10 layout-component text-serif-m layout-normal text-serif-m layout-padded\">\u2013 Det skjedde noe ganske n\u00e6rme, men ikke noe som hadde med dette \u00e5 gj\u00f8re, sa han videre.<\/p>\n<p class=\"_paragraph_o9xde_4 _paragraph_xtcu6_10 layout-component text-serif-m layout-normal text-serif-m layout-padded\">Russland hevder at Ukraina angrep en av Putins residenser i et droneangrep 29. desember. Ukraina avviser anklagen som falsk, og sier den er et p\u00e5skudd for \u00e5 rettferdiggj\u00f8re angrep mot regjeringsbygg i Kyiv.<\/p>\n<p class=\"_paragraph_o9xde_4 _paragraph_xtcu6_10 layout-component text-serif-m layout-normal text-serif-m layout-padded\">Trump kritiserte f\u00f8rst Ukraina for det angivelige angrepet, etter \u00e5 ha snakket med Putin. Men etterretningsorganisasjonen CIA konkluderte i forrige uke med at Ukraina ikke angrep Putin eller noen av boligene hans.<\/p>\n","protected":false},"excerpt":{"rendered":"USAs president Donald Trump sier han ikke tror Ukraina m\u00e5lrettet angrep en av Russlands president Vladimir Putins residenser&hellip;\n","protected":false},"author":2,"featured_media":129989,"comment_status":"","ping_status":"","sticky":false,"template":"","format":"standard","meta":{"footnotes":""},"categories":[12],"tags":[20,21,55,24,25,15,179,22,23,13,30,28,29,14,16,188,26,27,42,186,43,44,45],"class_list":{"0":"post-129988","1":"post","2":"type-post","3":"status-publish","4":"format-standard","5":"has-post-thumbnail","7":"category-verden","8":"tag-breaking-news","9":"tag-breakingnews","10":"tag-donald-trump","11":"tag-featured-news","12":"tag-featurednews","13":"tag-headlines","14":"tag-krigen-i-ukraina","15":"tag-latest-news","16":"tag-latestnews","17":"tag-news","18":"tag-no","19":"tag-norge","20":"tag-norway","21":"tag-nyheter","22":"tag-overskrifter","23":"tag-russland","24":"tag-top-stories","25":"tag-topstories","26":"tag-verden","27":"tag-vladimir-putin","28":"tag-world","29":"tag-world-news","30":"tag-worldnews"},"share_on_mastodon":{"url":"https:\/\/pubeurope.com\/@no\/115847324140774887","error":""},"_links":{"self":[{"href":"https:\/\/www.europesays.com\/no\/wp-json\/wp\/v2\/posts\/129988","targetHints":{"allow":["GET"]}}],"collection":[{"href":"https:\/\/www.europesays.com\/no\/wp-json\/wp\/v2\/posts"}],"about":[{"href":"https:\/\/www.europesays.com\/no\/wp-json\/wp\/v2\/types\/post"}],"author":[{"embeddable":true,"href":"https:\/\/www.europesays.com\/no\/wp-json\/wp\/v2\/users\/2"}],"replies":[{"embeddable":true,"href":"https:\/\/www.europesays.com\/no\/wp-json\/wp\/v2\/comments?post=129988"}],"version-history":[{"count":0,"href":"https:\/\/www.europesays.com\/no\/wp-json\/wp\/v2\/posts\/129988\/revisions"}],"wp:featuredmedia":[{"embeddable":true,"href":"https:\/\/www.europesays.com\/no\/wp-json\/wp\/v2\/media\/129989"}],"wp:attachment":[{"href":"https:\/\/www.europesays.com\/no\/wp-json\/wp\/v2\/media?parent=129988"}],"wp:term":[{"taxonomy":"category","embeddable":true,"href":"https:\/\/www.europesays.com\/no\/wp-json\/wp\/v2\/categories?post=129988"},{"taxonomy":"post_tag","embeddable":true,"href":"https:\/\/www.europesays.com\/no\/wp-json\/wp\/v2\/tags?post=129988"}],"curies":[{"name":"wp","href":"https:\/\/api.w.org\/{rel}","templated":true}]}}