{"id":129990,"date":"2026-01-06T08:59:08","date_gmt":"2026-01-06T08:59:08","guid":{"rendered":"https:\/\/www.europesays.com\/no\/129990\/"},"modified":"2026-01-06T08:59:08","modified_gmt":"2026-01-06T08:59:08","slug":"liam-rosenior-blir-ny-chelsea-manager","status":"publish","type":"post","link":"https:\/\/www.europesays.com\/no\/129990\/","title":{"rendered":"Liam Rosenior blir ny Chelsea-manager"},"content":{"rendered":"\n<p class=\"_lead_o9xde_2 _lead_xtcu6_50 layout-component text-serif-m layout-normal text-serif-l layout-component layout-wide layout-padded _wide_17hqh_1 layout-padded\">Den tidligere Premier League-spilleren skal etter alt \u00e5 d\u00f8mme ta over London-klubben.<\/p>\n<p><img alt=\" Foto: SEBASTIEN BOZON \/ AFP \/ NTB\" class=\"_image_qp4xg_65 layout-component layout-wide\" data-fullscreen- data-track-element-type=\"Article image fullscreen\" data-track-name=\"ImageFullscreen\" fetchpriority=\"high\" decoding=\"sync\" loading=\"eager\" height=\"4325\" itemprop=\"image\"  src=\"https:\/\/www.europesays.com\/no\/wp-content\/uploads\/2026\/01\/3ff8de5d-a65f-4e1e-8146-e5c28afc1139.jpeg\"  style=\"object-position:0% 0%\" width=\"6488\"\/> Foto: SEBASTIEN BOZON \/ AFP \/ NTB<\/p>\n<ul aria-hidden=\"true\" class=\"_images_ntbth_112\">\n<li><a class=\"_link_ntbth_117\" href=\"https:\/\/www.vg.no\/forfatter\/henrik-davidsen-hellevik\" style=\"z-index:1\" title=\"Henrik Davidsen Hellevik\" rel=\"nofollow noopener\" target=\"_blank\"><img alt=\"Bilde av Henrik Davidsen Hellevik\" class=\"_image_ntbth_93\" fetchpriority=\"low\" loading=\"lazy\" decoding=\"async\" itemprop=\"image\"  src=\"https:\/\/www.europesays.com\/no\/wp-content\/uploads\/2026\/01\/1767689948_936_5443292c-a647-4269-871c-1f6248707e55.jpeg\"  width=\"480\"\/><\/a><\/li>\n<\/ul>\n<p> Oppdatert tirsdag 6. januar kl. 09:55     <\/p>\n<p class=\"_paragraph_o9xde_4 _paragraph_xtcu6_10 layout-component text-serif-m layout-normal text-serif-m layout-padded\">Rosenior uttaler selv at han skal bli Chelseas nye manager.<\/p>\n<p class=\"_paragraph_o9xde_4 _paragraph_xtcu6_10 layout-component text-serif-m layout-normal text-serif-m layout-padded\">\u2013 Jeg var fullt fokusert p\u00e5 Strasbourgs siste kamp, \u200b\u200bmen det som har skjedd siden er at jeg har f\u00e5tt muligheten til \u00e5 bli trener i en av verdens st\u00f8rste klubber \u2013 som er mestere i klubb-VM, sier Rosenior selv <a href=\"https:\/\/www.bbc.com\/sport\/football\/live\/cqxy8q1zed0t\" class=\"_link_o9xde_39\" rel=\"nofollow noopener\" target=\"_blank\">if\u00f8lge BBC.<\/a><\/p>\n<p class=\"_paragraph_o9xde_4 _paragraph_xtcu6_10 layout-component text-serif-m layout-normal text-serif-m layout-padded\">\u2013 Det er en \u00e6re \u00e5 f\u00e5 snakke med en klubb p\u00e5 det niv\u00e5et, og n\u00e5 ser det ut til at jeg blir manager, fortsetter Rosenior.<\/p>\n<p class=\"_paragraph_o9xde_4 _paragraph_xtcu6_10 layout-component text-serif-m layout-normal text-serif-m layout-padded\">Engelskmannen skal ta med seg st\u00f8tteapparatet han hadde i Strasbourg med seg til Chelsea.<\/p>\n<p class=\"_paragraph_o9xde_4 _paragraph_xtcu6_10 layout-component text-serif-m layout-normal text-serif-m layout-padded\">Overgangsguru Fabrizio Romano bekrefter samme nyhet p\u00e5 sine <a href=\"https:\/\/x.com\/FabrizioRomano\/status\/2008457132665127230\" class=\"_link_o9xde_39\" rel=\"nofollow\">mediekanaler<\/a>.<\/p>\n<p><img alt=\"Foto: Steve Welsh \/ Pa Photos \/ NTB\" class=\"_image_qp4xg_65 layout-component layout-normal\" data-fullscreen- data-track-element-type=\"Article image fullscreen\" data-track-name=\"ImageFullscreen\" decoding=\"async\" loading=\"lazy\" height=\"4000\" itemprop=\"image\"  src=\"https:\/\/www.europesays.com\/no\/wp-content\/uploads\/2026\/01\/a304a2a0-5017-4ed8-82c6-2897ec716e28.jpeg\"  style=\"object-position:0% 0%\" width=\"6000\"\/>Foto: Steve Welsh \/ Pa Photos \/ NTB<\/p>\n<p class=\"_paragraph_o9xde_4 _paragraph_xtcu6_10 layout-component text-serif-m layout-normal text-serif-m layout-padded\">Rosenior bekrefter at han har hatt tilbud fra flere klubber, i tillegg til Chelsea.<\/p>\n<p class=\"_paragraph_o9xde_4 _paragraph_xtcu6_10 layout-component text-serif-m layout-normal text-serif-m layout-padded\">\u2013 Jeg har m\u00f8tt interesse fra mange klubber, inkludert Champions League-klubber, som jeg alltid har v\u00e6rt \u00e5pen om, fortsetter 41-\u00e5ringen.<\/p>\n<p>Liam Rosenior<\/p>\n<p class=\"_paragraph_o9xde_4 _paragraph_xtcu6_10 _paragraph_16v91_10 layout-component text-serif-m layout-normal text-sans-m layout-padded\">F\u00f8dt: 9. juli 1984 (41 \u00e5r)<\/p>\n<p class=\"_paragraph_o9xde_4 _paragraph_xtcu6_10 _paragraph_16v91_10 layout-component text-serif-m layout-normal text-sans-m layout-padded\">Nasjonalitet: Engelsk<\/p>\n<p class=\"_paragraph_o9xde_4 _paragraph_xtcu6_10 _paragraph_16v91_10 layout-component text-serif-m layout-normal text-sans-m layout-padded\">Klubber som spiller: Bristol City, Fulham, Torquay United (l\u00e5n), Reading, Ipswich Town (l\u00e5n), Hull City, Brighton &amp; Hove Albion<\/p>\n<p class=\"_paragraph_o9xde_4 _paragraph_xtcu6_10 _paragraph_16v91_10 layout-component text-serif-m layout-normal text-sans-m layout-padded\">Managerkarriere:<\/p>\n<ul class=\"_list_o9xde_3 _list_xtcu6_9 _list_16v91_9 _unordered_o9xde_106 layout-component text-serif-m layout-normal text-sans-m layout-padded\">\n<li class=\"_item_o9xde_30\">Midlertidig trener, Derby County (2022) <\/li>\n<li class=\"_item_o9xde_30\">Hull City (2022\u20132024)<\/li>\n<li class=\"_item_o9xde_30\">RC Strasbourg (2024\u20132026)<\/li>\n<\/ul>\n<p>Vis mer<\/p>\n<p class=\"_paragraph_o9xde_4 _paragraph_xtcu6_10 layout-component text-serif-m layout-normal text-serif-m layout-padded\">P\u00e5 \u00e5rets f\u00f8rste dag ble det bekreftet av Enzo Maresca <a href=\"https:\/\/www.vg.no\/sport\/i\/q6Lr0o\/maresca-ferdig-i-chelsea\" data-track-element-type=\"Link\" data-track-id=\"link:q6Lr0o\" class=\"_link_o9xde_39\" rel=\"nofollow noopener\" target=\"_blank\">fikk sparken som trener for London-klubben.<\/a><\/p>\n<p class=\"_paragraph_o9xde_4 _paragraph_xtcu6_10 layout-component text-serif-m layout-normal text-serif-m layout-padded\">Italieneren ledet Chelsea til tittel i Conference League, i tillegg til \u00e5 vinne klubb-VM i fjor sommer.<\/p>\n","protected":false},"excerpt":{"rendered":"Den tidligere Premier League-spilleren skal etter alt \u00e5 d\u00f8mme ta over London-klubben. Foto: SEBASTIEN BOZON \/ AFP \/&hellip;\n","protected":false},"author":2,"featured_media":129991,"comment_status":"","ping_status":"","sticky":false,"template":"","format":"standard","meta":{"footnotes":""},"categories":[59],"tags":[1693,30,28,29,161,83,82],"class_list":{"0":"post-129990","1":"post","2":"type-post","3":"status-publish","4":"format-standard","5":"has-post-thumbnail","7":"category-sport","8":"tag-chelsea-fc","9":"tag-no","10":"tag-norge","11":"tag-norway","12":"tag-premier-league","13":"tag-sport","14":"tag-sports"},"share_on_mastodon":{"url":"https:\/\/pubeurope.com\/@no\/115847335964049161","error":""},"_links":{"self":[{"href":"https:\/\/www.europesays.com\/no\/wp-json\/wp\/v2\/posts\/129990","targetHints":{"allow":["GET"]}}],"collection":[{"href":"https:\/\/www.europesays.com\/no\/wp-json\/wp\/v2\/posts"}],"about":[{"href":"https:\/\/www.europesays.com\/no\/wp-json\/wp\/v2\/types\/post"}],"author":[{"embeddable":true,"href":"https:\/\/www.europesays.com\/no\/wp-json\/wp\/v2\/users\/2"}],"replies":[{"embeddable":true,"href":"https:\/\/www.europesays.com\/no\/wp-json\/wp\/v2\/comments?post=129990"}],"version-history":[{"count":0,"href":"https:\/\/www.europesays.com\/no\/wp-json\/wp\/v2\/posts\/129990\/revisions"}],"wp:featuredmedia":[{"embeddable":true,"href":"https:\/\/www.europesays.com\/no\/wp-json\/wp\/v2\/media\/129991"}],"wp:attachment":[{"href":"https:\/\/www.europesays.com\/no\/wp-json\/wp\/v2\/media?parent=129990"}],"wp:term":[{"taxonomy":"category","embeddable":true,"href":"https:\/\/www.europesays.com\/no\/wp-json\/wp\/v2\/categories?post=129990"},{"taxonomy":"post_tag","embeddable":true,"href":"https:\/\/www.europesays.com\/no\/wp-json\/wp\/v2\/tags?post=129990"}],"curies":[{"name":"wp","href":"https:\/\/api.w.org\/{rel}","templated":true}]}}