{"id":130016,"date":"2026-01-06T09:39:19","date_gmt":"2026-01-06T09:39:19","guid":{"rendered":"https:\/\/www.europesays.com\/no\/130016\/"},"modified":"2026-01-06T09:39:19","modified_gmt":"2026-01-06T09:39:19","slug":"ny-undersokelse-ai-skepsisen-stuper-vg","status":"publish","type":"post","link":"https:\/\/www.europesays.com\/no\/130016\/","title":{"rendered":"Ny unders\u00f8kelse: AI-skepsisen stuper &#8211; VG"},"content":{"rendered":"<ol>\n<li><a href=\"https:\/\/news.google.com\/rss\/articles\/CBMie0FVX3lxTFBIZkdjUUZacTF6NkdHRGs4M0Nqb21RV1hzcFlwcVFGVXptYVk5LWg1Y08zZ19uRHYzOTVReWhBcllXX3RuaEFCOEptcWlsUnBOcEJ0RERuZTRPLTVkTUR5N2Y2ZXlJVHVoUDBqSXhxU2p1aGF6d2VsRXBqRQ?oc=5\" target=\"_blank\" rel=\"nofollow noopener\">Ny unders\u00f8kelse: AI-skepsisen stuper<\/a>&nbsp;&nbsp;VG<\/li>\n<li><a href=\"https:\/\/news.google.com\/rss\/articles\/CBMimAFBVV95cUxNaXFQYzhlcEpQOXExQlV0Y00tTTZ5Q21lSVJrZE02WnF2RUxLaThFWmk3WHI1cE10a3gyTmUwMXFhdTBLYnBsVUYta1dtOGpjRzJYMTlBTElIMlpJUFluY2ZwaURyM2l0TDE0WDg1N3lWd25GOGZGQkVlRnNITnBiR0FDNTlXRzFjX3c2WG1CMFdodENOU2VGOQ?oc=5\" target=\"_blank\" rel=\"nofollow noopener\">Hvor ble det av KI-gevinstene?<\/a>&nbsp;&nbsp;Dagens N\u00e6ringsliv<\/li>\n<li><a href=\"https:\/\/news.google.com\/rss\/articles\/CBMibEFVX3lxTE1EZ2pFdklNMmN4a0lmWTkxM1BMNEdsbzZXd084OGJMNkM3bEJubHVkSlJObm1XX2Vha1g3TWgzdFJ3cUFBWGI0NEFBM1VDV0JfQi0zSmlFeXh1OEctSnkwRzY2OGtQV25KUGJkXw?oc=5\" target=\"_blank\" rel=\"nofollow noopener\">Statens KI-m\u00e5l: \u2013 Jeg begynner \u00e5 bli oppgitt<\/a>&nbsp;&nbsp;kode24<\/li>\n<li><a href=\"https:\/\/news.google.com\/rss\/articles\/CBMilgFBVV95cUxOQmo4b1BpdjJqOXpyUVNTWC1sQlF6SXhmaTRJUUJwVEtJVExuN0YzWWw1dl9XRXE3VUtWTGtyVzNNMVJjQkoxOEdTR1JOb1NHZEZ2TkpnSnhXdFk1ZkhhR2xkN0x2QXk2aDF5djlmMkFMMHAzSVhSQVpWYWZ2b1lSMHpsNW5JN2dMVW9tZjlUdGkwOHgtelE?oc=5\" target=\"_blank\" rel=\"nofollow noopener\">AI-effekten uteblir \u2013 akkurat som ventet<\/a>&nbsp;&nbsp;Finansavisen<\/li>\n<li><a href=\"https:\/\/news.google.com\/rss\/articles\/CBMivAFBVV95cUxOUFp4V0c3d3RFbEYyTGUxTEVXaWd6bzJvbVh3T2VXbGZtWXFtYW5NakRFdjZhZFRsRTVjN2lkbHJKNF9vRTNhREZuTUNCZ2hQa2gzYlJoV2RCX05BZFN1N2RFb3V0LW5nc0pEYURtQVB4MEJoVkt0Z1pCRFZ0UUJrUHR3aTJaLVo3bng0VzVTNkxQMDk1SWxxT2ZoTzAtSU9tZ2dJSjhmZmNSQ1ZDWEVpM0pBX0lmaElodkRjaA?oc=5\" target=\"_blank\" rel=\"nofollow noopener\">\u00c5 st\u00e5 stille er ikke et alternativ i et \u00e5r der teknologien \u00f8ker farten<\/a>&nbsp;&nbsp;Dagens Perspektiv<\/li>\n<\/ol>\n","protected":false},"excerpt":{"rendered":"Ny unders\u00f8kelse: AI-skepsisen stuper&nbsp;&nbsp;VG Hvor ble det av KI-gevinstene?&nbsp;&nbsp;Dagens N\u00e6ringsliv Statens KI-m\u00e5l: \u2013 Jeg begynner \u00e5 bli oppgitt&nbsp;&nbsp;kode24&hellip;\n","protected":false},"author":2,"featured_media":130017,"comment_status":"","ping_status":"","sticky":false,"template":"","format":"standard","meta":{"footnotes":""},"categories":[10],"tags":[20,21,24,25,15,467,22,23,13,1150,30,28,29,14,16,26,27,205],"class_list":{"0":"post-130016","1":"post","2":"type-post","3":"status-publish","4":"format-standard","5":"has-post-thumbnail","7":"category-norge","8":"tag-breaking-news","9":"tag-breakingnews","10":"tag-featured-news","11":"tag-featurednews","12":"tag-headlines","13":"tag-kunstig-intelligens","14":"tag-latest-news","15":"tag-latestnews","16":"tag-news","17":"tag-nho","18":"tag-no","19":"tag-norge","20":"tag-norway","21":"tag-nyheter","22":"tag-overskrifter","23":"tag-top-stories","24":"tag-topstories","25":"tag-vgsamfunn"},"share_on_mastodon":{"url":"https:\/\/pubeurope.com\/@no\/115847493442288831","error":""},"_links":{"self":[{"href":"https:\/\/www.europesays.com\/no\/wp-json\/wp\/v2\/posts\/130016","targetHints":{"allow":["GET"]}}],"collection":[{"href":"https:\/\/www.europesays.com\/no\/wp-json\/wp\/v2\/posts"}],"about":[{"href":"https:\/\/www.europesays.com\/no\/wp-json\/wp\/v2\/types\/post"}],"author":[{"embeddable":true,"href":"https:\/\/www.europesays.com\/no\/wp-json\/wp\/v2\/users\/2"}],"replies":[{"embeddable":true,"href":"https:\/\/www.europesays.com\/no\/wp-json\/wp\/v2\/comments?post=130016"}],"version-history":[{"count":0,"href":"https:\/\/www.europesays.com\/no\/wp-json\/wp\/v2\/posts\/130016\/revisions"}],"wp:featuredmedia":[{"embeddable":true,"href":"https:\/\/www.europesays.com\/no\/wp-json\/wp\/v2\/media\/130017"}],"wp:attachment":[{"href":"https:\/\/www.europesays.com\/no\/wp-json\/wp\/v2\/media?parent=130016"}],"wp:term":[{"taxonomy":"category","embeddable":true,"href":"https:\/\/www.europesays.com\/no\/wp-json\/wp\/v2\/categories?post=130016"},{"taxonomy":"post_tag","embeddable":true,"href":"https:\/\/www.europesays.com\/no\/wp-json\/wp\/v2\/tags?post=130016"}],"curies":[{"name":"wp","href":"https:\/\/api.w.org\/{rel}","templated":true}]}}